{"id":30757,"date":"2022-04-05T22:57:01","date_gmt":"2022-04-05T22:57:01","guid":{"rendered":"http:\/\/historiografija.hr\/?p=30757"},"modified":"2022-04-05T22:59:18","modified_gmt":"2022-04-05T22:59:18","slug":"podiumsdiskussion-bosnien-1992-ukraine-2022-zivilgesellschaftliche-reaktionen-auf-den-krieg","status":"publish","type":"post","link":"https:\/\/historiografija.hr\/?p=30757","title":{"rendered":"Podiumsdiskussion &#8220;Bosnien 1992 \u2013 Ukraine 2022: Zivilgesellschaftliche Reaktionen auf den Krieg&#8221;"},"content":{"rendered":"\n<p>Das Datum der Veranstaltung (7. April) ist nicht zuf\u00e4llig gew\u00e4hlt: In Bosnien-Herzegowina (BiH) wird der Vortag, der <strong>6. April,<\/strong> seit langem im Zusammenhang mit Krieg erinnert. Am 6. April 1941 griff die deutsche Wehrmacht die bosnische Hauptstadt Sarajevo an, die wiederum am 6. April 1945 nach vierj\u00e4hriger Besatzung befreit wurde. Am Vorabend des <strong>6. Aprils 1992 <\/strong>begann auch die Belagerung und die gezielte, \u00fcber Jahre andauernde Zerst\u00f6rung der Stadt mit zahlreichen Todesopfern. Erst mit dem Dayton-Abkommen 1995 ist es schlie\u00dflich zum Abschluss eines Friedensabkommens gekommen, das sich jedoch fragil gestaltet: Bis heute tr\u00e4gt das Land nicht nur schwer an den sozialen, kulturellen und wirtschaftlichen Folgen des Krieges, dessen Wunden durch die andauernde politische Fragmentierung nie ganz verheilen konnten. Besonders im Laufe des letzten Jahres (2021) haben sezessionistische serbische Eliten (wie auch kroatische Nationalisten) alles daran gesetzt, den gemeinsamen, multiethnischen Staat BiH zu sabotieren \u2013 mit dem Ziel, ihn aufzul\u00f6sen; immer h\u00e4ufiger und deutlicher ist deshalb in den letzten Monaten von der Gefahr eines erneuten Kriegsausbruchs die Rede. Eine <strong>besonders wichtige Rolle in dieser Entwicklung spielt seit jeher Russland<\/strong>, das sich als Schutzmacht Serbiens und der serbischen Bev\u00f6lkerung BiHs versteht. <strong>Das Putin-Regime hat sich wiederholt als enger Verb\u00fcndeter f\u00fcr geschichtsrevisionistische, populistische Kr\u00e4fte in Serbien und BiH hervorgetan<\/strong> und zuletzt sogar offen Drohungen an die Adresse westlicher Verb\u00fcndeter des Gesamtstaates BiH ausgesprochen. Deshalb ist es nicht verwunderlich, dass der brutale, kriegerische Angriff des Putin-Regimes auf die Ukraine in BiH und in der weiteren Region f\u00fcr besonders gro\u00dfe Beunruhigung gesorgt hat \u2013 bis hin zu Retraumatisierungen.<\/p>\n\n\n\n<p><strong>Moderation und Impulsvortrag<\/strong><\/p>\n\n\n\n<p><strong>Dr. des. Thomas Schad<\/strong>,&nbsp;Historiker, Mitbegr\u00fcnder des Projekts Bosnien in Berlin<\/p>\n\n\n\n<p><strong>PanelistInnen<\/strong><\/p>\n\n\n\n<ul class=\"wp-block-list\"><li><strong>Dr. Susann Worschech,<\/strong>&nbsp;Sozialwissenschaftlerin mit dem Schwerpunkt Ukraine an der Viadrina Universit\u00e4t Frankfurt (Oder)<\/li><li><strong>Emina Haye,&nbsp;<\/strong>Dozentin am Lehrstuhl f\u00fcr S\u00fcdslawistik der HU Berlin und Mitbegr\u00fcnderin des Blog- und Buchprojekts Bosnien in Berlin<\/li><li><strong>Olga Pischel,&nbsp;Vorstandsmitglied der Stiftung \u00dcberbr\u00fccken<\/strong><\/li><li><strong>Hannes Mattenschlager,<\/strong>&nbsp;Mitglied und ehemaliger Stiftungsratsvorsitzender von Sch\u00fcler*innen Helfen Leben (SHL) \/&nbsp;engagiert sich zurzeit ehrenamtlich in der Koordination der Ukraine-Nothilfe von SHL<\/li><\/ul>\n\n\n\n<p><strong>Anmeldung<\/strong><\/p>\n\n\n\n<p>Wir bitten um Anmeldung per E-Mail mit Angabe, ob Sie Live oder per\u00a0Zoom teilnehmen m\u00f6chten an:\u00a0<a href=\"mailto:thomas.schad@balkanbiro.org\">thomas.schad@balkanbiro.org<\/a> oder <a href=\"mailto:hannah.marquardt@integrationsverein-impuls.de\">hannah.marquardt@integrationsverein-impuls.de<\/a><\/p>\n\n\n\n<hr class=\"wp-block-separator\"\/>\n\n\n\n<p>Am 07.04.2022, 18:00 Uhr<\/p>\n\n\n\n<p>Ort: Gemeinschaftshaus am Bat-Yam-Platz, Berlin \/ Online<\/p>\n\n\n\n<hr class=\"wp-block-separator\"\/>\n\n\n\n<p><a href=\"https:\/\/www.sogde.org\/de\/events\/bosnien-1992-ukraine-2022\/\">https:\/\/www.sogde.org\/de\/events\/bosnien-1992-ukraine-2022\/<\/a><\/p>\n\n\n\n<hr class=\"wp-block-separator\"\/>\n\n\n\n<p><\/p>\n","protected":false},"excerpt":{"rendered":"","protected":false},"author":2,"featured_media":30758,"comment_status":"open","ping_status":"open","sticky":false,"template":"","format":"standard","meta":{"_acf_changed":false,"_jetpack_newsletter_access":"","_jetpack_dont_email_post_to_subs":false,"_jetpack_newsletter_tier_id":0,"_jetpack_memberships_contains_paywalled_content":false,"_jetpack_memberships_contains_paid_content":false,"footnotes":"","jetpack_publicize_message":"","jetpack_publicize_feature_enabled":true,"jetpack_social_post_already_shared":true,"jetpack_social_options":{"image_generator_settings":{"template":"highway","default_image_id":0,"font":"","enabled":false},"version":2},"jetpack_post_was_ever_published":false},"categories":[3],"tags":[],"class_list":["post-30757","post","type-post","status-publish","format-standard","has-post-thumbnail","hentry","category-novosti"],"acf":{"facebook_opis":""},"jetpack_publicize_connections":[],"jetpack_featured_media_url":"https:\/\/i0.wp.com\/historiografija.hr\/wp-content\/uploads\/2022\/04\/Nicolas-Moll-2022.jpg?fit=1100%2C732&ssl=1","jetpack_sharing_enabled":true,"jetpack-related-posts":[{"id":54451,"url":"https:\/\/historiografija.hr\/?p=54451","url_meta":{"origin":30757,"position":0},"title":"Gewalt historisch lesen. Praxisbeispiele f\u00fcr multiperspektivische Interpretationen von Quellen in der Geschichtswissenschaft","author":"Branimir Jankovi\u0107","date":"3. srpnja 2026.","format":false,"excerpt":"Die Interpretation von historischen Quellen ist in der Geschichtswissenschaft der wichtigste Weg zur Gewinnung von Erkenntnis. Am Beispiel der Gewaltgeschichte erl\u00e4utern die Beitr\u00e4gerinnen den korrekten Umgang mit unterschiedlichem Quellenmaterial. Durch die ausf\u00fchrliche Darstellung von Best-Practice-Beispielen geben sie konkrete Hilfestellung bei der Quellenanalyse. Eine Quelle wird dabei von zwei Wissenschaftlerinnen interpretiert\u2026","rel":"","context":"U &quot;E-knjige&quot;","block_context":{"text":"E-knjige","link":"https:\/\/historiografija.hr\/?cat=19"},"img":{"alt_text":"","src":"https:\/\/i0.wp.com\/historiografija.hr\/wp-content\/uploads\/2026\/07\/Gewalt-Buch.jpg?fit=775%2C670&ssl=1&resize=350%2C200","width":350,"height":200,"srcset":"https:\/\/i0.wp.com\/historiografija.hr\/wp-content\/uploads\/2026\/07\/Gewalt-Buch.jpg?fit=775%2C670&ssl=1&resize=350%2C200 1x, https:\/\/i0.wp.com\/historiografija.hr\/wp-content\/uploads\/2026\/07\/Gewalt-Buch.jpg?fit=775%2C670&ssl=1&resize=525%2C300 1.5x, https:\/\/i0.wp.com\/historiografija.hr\/wp-content\/uploads\/2026\/07\/Gewalt-Buch.jpg?fit=775%2C670&ssl=1&resize=700%2C400 2x"},"classes":[]},{"id":54420,"url":"https:\/\/historiografija.hr\/?p=54420","url_meta":{"origin":30757,"position":1},"title":"Anna H\u00e1jkov\u00e1, &#8220;Das letzte Ghetto. Eine Alltagsgeschichte von Theresienstadt&#8221;","author":"Branimir Jankovi\u0107","date":"2. srpnja 2026.","format":false,"excerpt":"W\u00e4hrend des Holocaust bildete sich in der H\u00e4ftlingsgesellschaft von Theresienstadt eine eigene soziale Hierarchie heraus. Dabei entschieden kleine Unterschiede zwischen den H\u00e4ftlingen \u2013 ihr Alter, ihre Herkunft oder ihre fr\u00fchere Arbeit \u2013 \u00fcber Leben und Tod. In den dreieinhalb Jahren des Bestehens des Lagers schufen die H\u00e4ftlinge ihre eigene Kultur\u2026","rel":"","context":"U &quot;Knjige&quot;","block_context":{"text":"Knjige","link":"https:\/\/historiografija.hr\/?cat=8"},"img":{"alt_text":"","src":"https:\/\/i0.wp.com\/historiografija.hr\/wp-content\/uploads\/2026\/07\/A_Hajkova.jpg?fit=789%2C685&ssl=1&resize=350%2C200","width":350,"height":200,"srcset":"https:\/\/i0.wp.com\/historiografija.hr\/wp-content\/uploads\/2026\/07\/A_Hajkova.jpg?fit=789%2C685&ssl=1&resize=350%2C200 1x, https:\/\/i0.wp.com\/historiografija.hr\/wp-content\/uploads\/2026\/07\/A_Hajkova.jpg?fit=789%2C685&ssl=1&resize=525%2C300 1.5x, https:\/\/i0.wp.com\/historiografija.hr\/wp-content\/uploads\/2026\/07\/A_Hajkova.jpg?fit=789%2C685&ssl=1&resize=700%2C400 2x"},"classes":[]},{"id":54556,"url":"https:\/\/historiografija.hr\/?p=54556","url_meta":{"origin":30757,"position":2},"title":"Patrick Teichmann, &#8220;Die Nation als Familie. Die Konterrevolution im franz\u00f6sischen Roman um 1870&#8221;","author":"Branimir Jankovi\u0107","date":"10. srpnja 2026.","format":false,"excerpt":"Patrick Teichmann u knjizi \u201eDie Nation als Familie\u201c analizira na\u010dine na kojima se u djelima francuske knji\u017eevnosti koja su nastala oko 1870. godine tematizira kontrarevolucija iz 1790-ih, pri \u010demu se koristi povijesni narativ i obiteljska metaforika za promi\u0161ljanje politi\u010dke nestabilnosti i budu\u0107nosti francuske nacije. O knjizi: \u201eDie franz\u00f6sische Konterrevolution der\u2026","rel":"","context":"U &quot;Knjige&quot;","block_context":{"text":"Knjige","link":"https:\/\/historiografija.hr\/?cat=8"},"img":{"alt_text":"","src":"https:\/\/i0.wp.com\/historiografija.hr\/wp-content\/uploads\/2026\/07\/Die-Nation-als-Familie-Buch-2.jpg?fit=800%2C545&ssl=1&resize=350%2C200","width":350,"height":200,"srcset":"https:\/\/i0.wp.com\/historiografija.hr\/wp-content\/uploads\/2026\/07\/Die-Nation-als-Familie-Buch-2.jpg?fit=800%2C545&ssl=1&resize=350%2C200 1x, https:\/\/i0.wp.com\/historiografija.hr\/wp-content\/uploads\/2026\/07\/Die-Nation-als-Familie-Buch-2.jpg?fit=800%2C545&ssl=1&resize=525%2C300 1.5x, https:\/\/i0.wp.com\/historiografija.hr\/wp-content\/uploads\/2026\/07\/Die-Nation-als-Familie-Buch-2.jpg?fit=800%2C545&ssl=1&resize=700%2C400 2x"},"classes":[]},{"id":49750,"url":"https:\/\/historiografija.hr\/?p=49750","url_meta":{"origin":30757,"position":3},"title":"Rashid I. Khalidi, &#8220;Hundred Years&#8217; War on Palestine&#8221;","author":"Branimir Jankovi\u0107","date":"20. studenoga 2025.","format":false,"excerpt":"The twentieth century for Palestine and the Palestinians has been a century of denial: denial of statehood, denial of nationhood and denial of history. The Hundred Years War on Palestine is Rashid Khalidi`s powerful response. Drawing on his family archives, he reclaims the fundamental right of any people: to narrate\u2026","rel":"","context":"U &quot;Knjige&quot;","block_context":{"text":"Knjige","link":"https:\/\/historiografija.hr\/?cat=8"},"img":{"alt_text":"","src":"https:\/\/i0.wp.com\/historiografija.hr\/wp-content\/uploads\/2025\/11\/Rashid.jpg?fit=360%2C553&ssl=1&resize=350%2C200","width":350,"height":200},"classes":[]},{"id":54767,"url":"https:\/\/historiografija.hr\/?p=54767","url_meta":{"origin":30757,"position":4},"title":"Philipp Ther: The Sound of Habsburg \/ Der Klang der Monarchie. A Musical History of the Austro-Hungarian Empire","author":"Branimir Jankovi\u0107","date":"23. srpnja 2026.","format":false,"excerpt":"A fascinating history of the Austro-Hungarian Empire told through the prism of the music it created and was shaped by From the late 18th century onwards, the Habsburg Monarchy was on the decline internationally, and internally was riven by conflict. But time and again, the Habsburgs rallied together, survived the\u2026","rel":"","context":"U &quot;Knjige&quot;","block_context":{"text":"Knjige","link":"https:\/\/historiografija.hr\/?cat=8"},"img":{"alt_text":"","src":"https:\/\/i0.wp.com\/historiografija.hr\/wp-content\/uploads\/2026\/07\/the-sound-of-habsburg.webp?fit=400%2C635&ssl=1&resize=350%2C200","width":350,"height":200},"classes":[]},{"id":55069,"url":"https:\/\/historiografija.hr\/?p=55069","url_meta":{"origin":30757,"position":5},"title":"Uwe Wittstock, \u201eVelja\u010da 1933. Zima knji\u017eevnosti\u201c","author":"Branimir Jankovi\u0107","date":"25. kolovoza 2026.","format":false,"excerpt":"Autor u knjizi Velja\u010da 1933. Zima knji\u017eevnosti prikazuje kako je tijekom prvog mjeseca Hitlerove vladavine nacisti\u010dki teror uni\u0161tio kulturni i intelektualni \u017eivot Weimarske Republike te prisilio brojne pisce i umjetnike na progon ili unutarnju emigraciju. Knjigu je prevela\u00a0Gordana-Dana Grozdani\u0107.\u00a0 O knjizi:\u00a0 \"Da uni\u0161te demokraciju, antidemokratima je potrebno otprilike toliko vremena\u2026","rel":"","context":"U &quot;Knjige&quot;","block_context":{"text":"Knjige","link":"https:\/\/historiografija.hr\/?cat=8"},"img":{"alt_text":"","src":"https:\/\/i0.wp.com\/historiografija.hr\/wp-content\/uploads\/2026\/08\/Veljaca-1933.jpg?fit=764%2C1200&ssl=1&resize=350%2C200","width":350,"height":200,"srcset":"https:\/\/i0.wp.com\/historiografija.hr\/wp-content\/uploads\/2026\/08\/Veljaca-1933.jpg?fit=764%2C1200&ssl=1&resize=350%2C200 1x, https:\/\/i0.wp.com\/historiografija.hr\/wp-content\/uploads\/2026\/08\/Veljaca-1933.jpg?fit=764%2C1200&ssl=1&resize=525%2C300 1.5x, https:\/\/i0.wp.com\/historiografija.hr\/wp-content\/uploads\/2026\/08\/Veljaca-1933.jpg?fit=764%2C1200&ssl=1&resize=700%2C400 2x"},"classes":[]}],"_links":{"self":[{"href":"https:\/\/historiografija.hr\/index.php?rest_route=\/wp\/v2\/posts\/30757","targetHints":{"allow":["GET"]}}],"collection":[{"href":"https:\/\/historiografija.hr\/index.php?rest_route=\/wp\/v2\/posts"}],"about":[{"href":"https:\/\/historiografija.hr\/index.php?rest_route=\/wp\/v2\/types\/post"}],"author":[{"embeddable":true,"href":"https:\/\/historiografija.hr\/index.php?rest_route=\/wp\/v2\/users\/2"}],"replies":[{"embeddable":true,"href":"https:\/\/historiografija.hr\/index.php?rest_route=%2Fwp%2Fv2%2Fcomments&post=30757"}],"version-history":[{"count":2,"href":"https:\/\/historiografija.hr\/index.php?rest_route=\/wp\/v2\/posts\/30757\/revisions"}],"predecessor-version":[{"id":30760,"href":"https:\/\/historiografija.hr\/index.php?rest_route=\/wp\/v2\/posts\/30757\/revisions\/30760"}],"wp:featuredmedia":[{"embeddable":true,"href":"https:\/\/historiografija.hr\/index.php?rest_route=\/wp\/v2\/media\/30758"}],"wp:attachment":[{"href":"https:\/\/historiografija.hr\/index.php?rest_route=%2Fwp%2Fv2%2Fmedia&parent=30757"}],"wp:term":[{"taxonomy":"category","embeddable":true,"href":"https:\/\/historiografija.hr\/index.php?rest_route=%2Fwp%2Fv2%2Fcategories&post=30757"},{"taxonomy":"post_tag","embeddable":true,"href":"https:\/\/historiografija.hr\/index.php?rest_route=%2Fwp%2Fv2%2Ftags&post=30757"}],"curies":[{"name":"wp","href":"https:\/\/api.w.org\/{rel}","templated":true}]}}