{"id":30754,"date":"2022-04-05T22:51:12","date_gmt":"2022-04-05T22:51:12","guid":{"rendered":"http:\/\/historiografija.hr\/?p=30754"},"modified":"2022-04-05T22:51:12","modified_gmt":"2022-04-05T22:51:12","slug":"izlozba-mirovni-aktivizam-devedesetih-i-danas-u-zagrebu","status":"publish","type":"post","link":"https:\/\/historiografija.hr\/?p=30754","title":{"rendered":"Izlo\u017eba \u201cMirovni aktivizam devedesetih i danas\u201d u Zagrebu"},"content":{"rendered":"\n<p>Inicijativa mladih za ljudska prava&nbsp;u suradnji s Uredom za razvoj karijera Sveu\u010dili\u0161ta u Zagrebu poziva vas na<\/p>\n\n\n\n<p><strong>otvorenje izlo\u017ebe&nbsp;\u201cMirovni aktivizam devedesetih i danas\u201d<\/strong><\/p>\n\n\n\n<p>u srijedu 6. 4. 2022. od 18:00 do 19:00 sati u predvorju kina Studentskog centra (SC), Savska 25, Zagreb<\/p>\n\n\n\n<p>\u0160to nam u Hrvatskoj danas zna\u010di mir kad svjedo\u010dimo ratovima u Ukrajini i drugim dijelovima svijeta?<\/p>\n\n\n\n<p>Zapisane misli i perspektive o ovom i sli\u010dnim pitanjima mo\u017eete pro\u010ditati na izlo\u017ebi \u201cMirovni aktivizam devedesetih i danas\u201d. Kroz fotografije i izjave \u010dlanica i \u010dlanova Antiratne kampanje Hrvatske te aktivistkinja i aktivista ro\u0111enih nakon ratova devedesetih, izlo\u017eba omogu\u0107uje razmjenu iskustava dvaju generacija mirovnih aktivistkinja i aktivista.<\/p>\n\n\n\n<p>Na eksponatima izlo\u017ebe kao i u svakodnevnom djelovanju, ove dvije grupe vode dijalog o naslje\u0111u mirovnog i antiratnog aktivizma devedesetih, mogu\u0107nostima neformalnih programa mirovnog obrazovanja, mirovnom radu u politi\u010dkoj areni, potencijalu dijaloga i mirnog rje\u0161avanja sukoba te motivaciji za mirovnja\u010dki doprinos.<\/p>\n\n\n\n<p>Izlo\u017ebu organiziraju Inicijativa mladih za ljudska prava i DKolektiv \u2013 organizacija za dru\u0161tveni razvoj kako bi sa\u010duvali sje\u0107anje na one me\u0111u nama koji su u najte\u017ea vremena aktivno i predano nastojali sa\u010duvati i odr\u017eati mir, ukazali na kontinuitet mirovnog rada od devedesetih do danas, prepoznali sli\u010dnosti i razlike me\u0111u generacijama u poimanju mirovnog doprinosa tijekom i nakon ratova te inspirirali na aktivan doprinos dru\u0161tva i pojedinaca u \u010duvanju i stvaranju mira.<\/p>\n\n\n\n<p>Pridru\u017eite nam se na otvorenju izlo\u017ebe u predvorju kina Studentskog centra u Zagrebu u srijedu, 6. travnja 2022. godine u 18 sati!<\/p>\n\n\n\n<p>Na otvorenju \u0107e nastupiti i Zbor Doma\u0107igosti, a izlo\u017ebu \u0107e svi zainteresirani mo\u0107i posjetiti i naredna dva dana, 7. i 8. travnja.<\/p>\n\n\n\n<p>Ulaz na izlo\u017ebu je besplatan.<\/p>\n\n\n\n<p>U prostoru izlo\u017ebe obavezno je no\u0161enje maski<\/p>\n\n\n\n<hr class=\"wp-block-separator\"\/>\n\n\n\n<p>Izvor:<\/p>\n\n\n\n<p><a href=\"http:\/\/yihr.hr\/hr\/otvorenje-izlozbe-mirovni-aktivizam-devedesetih-i-danas-6-travnja-u-18-sati\/\">http:\/\/yihr.hr\/hr\/otvorenje-izlozbe-mirovni-aktivizam-devedesetih-i-danas-6-travnja-u-18-sati\/<\/a><\/p>\n\n\n\n<hr class=\"wp-block-separator\"\/>\n","protected":false},"excerpt":{"rendered":"","protected":false},"author":2,"featured_media":30755,"comment_status":"open","ping_status":"open","sticky":false,"template":"","format":"standard","meta":{"_acf_changed":false,"jetpack_post_was_ever_published":false,"_jetpack_newsletter_access":"","_jetpack_dont_email_post_to_subs":false,"_jetpack_newsletter_tier_id":0,"_jetpack_memberships_contains_paywalled_content":false,"_jetpack_memberships_contains_paid_content":false,"footnotes":"","jetpack_publicize_message":"","jetpack_publicize_feature_enabled":true,"jetpack_social_post_already_shared":true,"jetpack_social_options":{"image_generator_settings":{"template":"highway","default_image_id":0,"font":"","enabled":false},"version":2}},"categories":[10,3],"tags":[],"class_list":["post-30754","post","type-post","status-publish","format-standard","has-post-thumbnail","hentry","category-izlozbe","category-novosti"],"acf":{"facebook_opis":""},"jetpack_publicize_connections":[],"jetpack_featured_media_url":"https:\/\/i0.wp.com\/historiografija.hr\/wp-content\/uploads\/2022\/04\/Izlozba-ZG.png?fit=760%2C400&ssl=1","jetpack_sharing_enabled":true,"jetpack-related-posts":[],"_links":{"self":[{"href":"https:\/\/historiografija.hr\/index.php?rest_route=\/wp\/v2\/posts\/30754","targetHints":{"allow":["GET"]}}],"collection":[{"href":"https:\/\/historiografija.hr\/index.php?rest_route=\/wp\/v2\/posts"}],"about":[{"href":"https:\/\/historiografija.hr\/index.php?rest_route=\/wp\/v2\/types\/post"}],"author":[{"embeddable":true,"href":"https:\/\/historiografija.hr\/index.php?rest_route=\/wp\/v2\/users\/2"}],"replies":[{"embeddable":true,"href":"https:\/\/historiografija.hr\/index.php?rest_route=%2Fwp%2Fv2%2Fcomments&post=30754"}],"version-history":[{"count":1,"href":"https:\/\/historiografija.hr\/index.php?rest_route=\/wp\/v2\/posts\/30754\/revisions"}],"predecessor-version":[{"id":30756,"href":"https:\/\/historiografija.hr\/index.php?rest_route=\/wp\/v2\/posts\/30754\/revisions\/30756"}],"wp:featuredmedia":[{"embeddable":true,"href":"https:\/\/historiografija.hr\/index.php?rest_route=\/wp\/v2\/media\/30755"}],"wp:attachment":[{"href":"https:\/\/historiografija.hr\/index.php?rest_route=%2Fwp%2Fv2%2Fmedia&parent=30754"}],"wp:term":[{"taxonomy":"category","embeddable":true,"href":"https:\/\/historiografija.hr\/index.php?rest_route=%2Fwp%2Fv2%2Fcategories&post=30754"},{"taxonomy":"post_tag","embeddable":true,"href":"https:\/\/historiografija.hr\/index.php?rest_route=%2Fwp%2Fv2%2Ftags&post=30754"}],"curies":[{"name":"wp","href":"https:\/\/api.w.org\/{rel}","templated":true}]}}