{"id":30751,"date":"2022-04-05T22:46:30","date_gmt":"2022-04-05T22:46:30","guid":{"rendered":"http:\/\/historiografija.hr\/?p=30751"},"modified":"2022-04-06T21:26:09","modified_gmt":"2022-04-06T21:26:09","slug":"medunarodni-skup-roman-archaeology-conference-theoretical-archaeology-conference-2020-2022","status":"publish","type":"post","link":"https:\/\/historiografija.hr\/?p=30751","title":{"rendered":"Me\u0111unarodni skup Roman Archaeology Conference \/ Theoretical Archaeology Conference 2020 (2022)"},"content":{"rendered":"\n<p>\u201cRoman Archaeology Conference (RAC) 2022\u201c jedan je od najve\u0107ih i najzna\u010dajnijih arheolo\u0161kih skupova koji na svjetskoj razini okupljaju stru\u010dnjake za klasi\u010dnu i rimsko-provincijalnu arheologiju.&nbsp;<\/p>\n\n\n\n<p>Glavni nositelji organizacije skupa su Roman Society iz Ujedinjenog Kraljevstva i Hrvatska Akademija znanosti i umjetnosti, dok su suorganizatori Filozofski fakultet Sveu\u010dili\u0161ta u Zagrebu, Arheolo\u0161ki muzej u Zagrebu, Grad Split, Arheolo\u0161ki muzej u Splitu, Muzej grada Splita i Muzej Grada Ka\u0161tela. Na skupu se o\u010dekuje oko 300 sudionika.<\/p>\n\n\n\n<p>Kao mla\u0111i partner u sklopu RAC odvija i skup \u201e Theoretical Roman Archaeology Conference (TRAC) 2022\u201d koji je ina\u010de samostalna znanastvena manifestacija koju svake godine organizira Theoretical Roman Archaeology Group iz Ujedinjenog Kraljevstva, no ovom prilikom ova dva skupa su organizacijski spojena u jedan, s odvojenim znanstvenim odborima.<\/p>\n\n\n\n<p>Dioklecijanova pala\u010de kao najva\u017eniji i najvrjedniji spomenika rimske ba\u0161tine u zemlji i Salona kao najva\u017enije rimsko nalazi\u0161te \u010dine Split sto\u017eernim mjestom Hrvatske po pitanju anti\u010dke ba\u0161tine, usporedo s tim u Splitu se nalazi najstariji arheolo\u0161ki muzej u jugoisto\u010dnoj Europi koji \u0107e upravo u vrijeme odr\u017eavanja skupa slaviti 200. obljetnicu osnivanja. Odabir Splita za mjesto odr\u017eavanja bio je neminovan.&nbsp;Skup je bio planiran za travanj 2020., ali odgo\u0111en je za ovu godinu zbog covid pandemije.<\/p>\n\n\n\n<p>RAC\/TRAC \u0107e se odr\u017eati kroz 48 sekcija koje \u0107e se usporedo odvijati od 6. do 9. travnja 2022. na 10 lokacija u povijesnoj jezgri Splita.&nbsp;<\/p>\n\n\n\n<p>Skup okuplja stru\u010dnjake iz podru\u010dja rimske provincijalne arheologije, klasi\u010dne arheologije, klasi\u010dne filologije i povijesti, te numizmati\u010dare specijalizirane za anti\u010dko razdoblje. Kroz usporedne sekcije pokrivaju se razne teme s podru\u010dja klasi\u010dne i rimske provincijalne arheologije.<\/p>\n\n\n\n<p><a href=\"https:\/\/www.info.hazu.hr\/wp-content\/uploads\/2022\/04\/RAC_TRAC_2020_2022_Tino-Lelekovic_program.pdf\"><strong>Roman Archaeology Conference (RAC) \/ Theoretical Roman Archaeology Conference (TRAC) SPLIT 2022<\/strong><\/a><\/p>\n\n\n\n<hr class=\"wp-block-separator\"\/>\n\n\n\n<p>Izvor:<\/p>\n\n\n\n<figure class=\"wp-block-embed-wordpress wp-block-embed is-type-wp-embed is-provider-hazu\"><div class=\"wp-block-embed__wrapper\">\n<blockquote class=\"wp-embedded-content\" data-secret=\"wdQs5w1ZBk\"><a href=\"https:\/\/www.info.hazu.hr\/events\/medunarodni-skup-roman-archaeology-conference-theoretical-archaeology-conference-2020-2022\/\">Me\u0111unarodni skup &#8220;Roman Archaeology Conference \/ Theoretical Archaeology Conference 2020 (2022)<\/a><\/blockquote><iframe loading=\"lazy\" class=\"wp-embedded-content\" sandbox=\"allow-scripts\" security=\"restricted\" style=\"position: absolute; clip: rect(1px, 1px, 1px, 1px);\" title=\"&#8220;Me\u0111unarodni skup &#8220;Roman Archaeology Conference \/ Theoretical Archaeology Conference 2020 (2022)&#8221; &#8212; HAZU\" src=\"https:\/\/www.info.hazu.hr\/events\/medunarodni-skup-roman-archaeology-conference-theoretical-archaeology-conference-2020-2022\/embed\/#?secret=wdQs5w1ZBk\" data-secret=\"wdQs5w1ZBk\" width=\"600\" height=\"338\" frameborder=\"0\" marginwidth=\"0\" marginheight=\"0\" scrolling=\"no\"><\/iframe>\n<\/div><\/figure>\n\n\n\n<hr class=\"wp-block-separator\"\/>\n","protected":false},"excerpt":{"rendered":"","protected":false},"author":2,"featured_media":30752,"comment_status":"open","ping_status":"open","sticky":false,"template":"","format":"standard","meta":{"_acf_changed":false,"_jetpack_newsletter_access":"","_jetpack_dont_email_post_to_subs":false,"_jetpack_newsletter_tier_id":0,"_jetpack_memberships_contains_paywalled_content":false,"_jetpack_memberships_contains_paid_content":false,"footnotes":"","jetpack_publicize_message":"","jetpack_publicize_feature_enabled":true,"jetpack_social_post_already_shared":true,"jetpack_social_options":{"image_generator_settings":{"template":"highway","default_image_id":0,"font":"","enabled":false},"version":2},"jetpack_post_was_ever_published":false},"categories":[3,9],"tags":[],"class_list":["post-30751","post","type-post","status-publish","format-standard","has-post-thumbnail","hentry","category-novosti","category-skupovi"],"acf":{"facebook_opis":""},"jetpack_publicize_connections":[],"jetpack_featured_media_url":"https:\/\/i0.wp.com\/historiografija.hr\/wp-content\/uploads\/2022\/04\/RAC-TRAC-2022.jpg?fit=800%2C546&ssl=1","jetpack_sharing_enabled":true,"jetpack-related-posts":[{"id":53905,"url":"https:\/\/historiografija.hr\/?p=53905","url_meta":{"origin":30751,"position":0},"title":"Arheolo\u0161ki muzej obilje\u017eava 180 godina postojanja projektom \u201ePredah u Lapidariju\u201c","author":"Filip \u0160imunjak","date":"3. lipnja 2026.","format":false,"excerpt":"Premijerno izdanje novog projekta Arheolo\u0161kog Muzeja u Zagrebu poklon je svim gra\u0111anima, prilika za mir i trenutke opu\u0161tanja u strogom centru grada bez komercijalnih sadr\u017eaja u anti\u010dkom stilu Otkako je osnovan 1846. godine Arheolo\u0161ki muzej se prometnuo u jedno od najva\u017enijih regionalnih sredi\u0161ta prikupljanja, \u010duvanja i istra\u017eivanja arheolo\u0161ke ba\u0161tine. U\u2026","rel":"","context":"U &quot;Novosti&quot;","block_context":{"text":"Novosti","link":"https:\/\/historiografija.hr\/?cat=3"},"img":{"alt_text":"","src":"https:\/\/i0.wp.com\/historiografija.hr\/wp-content\/uploads\/2026\/06\/Predah-u-Lapidariju.webp?fit=1200%2C661&ssl=1&resize=350%2C200","width":350,"height":200,"srcset":"https:\/\/i0.wp.com\/historiografija.hr\/wp-content\/uploads\/2026\/06\/Predah-u-Lapidariju.webp?fit=1200%2C661&ssl=1&resize=350%2C200 1x, https:\/\/i0.wp.com\/historiografija.hr\/wp-content\/uploads\/2026\/06\/Predah-u-Lapidariju.webp?fit=1200%2C661&ssl=1&resize=525%2C300 1.5x, https:\/\/i0.wp.com\/historiografija.hr\/wp-content\/uploads\/2026\/06\/Predah-u-Lapidariju.webp?fit=1200%2C661&ssl=1&resize=700%2C400 2x, https:\/\/i0.wp.com\/historiografija.hr\/wp-content\/uploads\/2026\/06\/Predah-u-Lapidariju.webp?fit=1200%2C661&ssl=1&resize=1050%2C600 3x"},"classes":[]},{"id":53328,"url":"https:\/\/historiografija.hr\/?p=53328","url_meta":{"origin":30751,"position":1},"title":"Me\u0111unarodni dan muzeja \u2013 \u201eMuzeji ujedinjuju podijeljeni svijet\u201c","author":"Branimir Jankovi\u0107","date":"14. svibnja 2026.","format":false,"excerpt":"Muzeji diljem Hrvatske i svijeta obilje\u017eit \u0107e u ponedjeljak 18. svibnja 2026. raznolikim programima Me\u0111unarodni dan muzeja pod temom \u201eMuzeji ujedinjuju podijeljeni svijet\u201c s namjerom da zauzmu aktivniju ulogu u oblikovanju odr\u017eive budu\u0107nosti, djeluju\u0107i kao mostovi preko kulturnih, dru\u0161tvenih i geopoliti\u010dkih podjela. Nositelj manifestacije je Muzejski dokumentacijski centar (MDC) na\u2026","rel":"","context":"U &quot;Novosti&quot;","block_context":{"text":"Novosti","link":"https:\/\/historiografija.hr\/?cat=3"},"img":{"alt_text":"","src":"https:\/\/i0.wp.com\/historiografija.hr\/wp-content\/uploads\/2026\/05\/Dan-muzeja.jpg?fit=540%2C360&ssl=1&resize=350%2C200","width":350,"height":200,"srcset":"https:\/\/i0.wp.com\/historiografija.hr\/wp-content\/uploads\/2026\/05\/Dan-muzeja.jpg?fit=540%2C360&ssl=1&resize=350%2C200 1x, https:\/\/i0.wp.com\/historiografija.hr\/wp-content\/uploads\/2026\/05\/Dan-muzeja.jpg?fit=540%2C360&ssl=1&resize=525%2C300 1.5x"},"classes":[]},{"id":54947,"url":"https:\/\/historiografija.hr\/?p=54947","url_meta":{"origin":30751,"position":2},"title":"Izlo\u017eba \u201eNa Sljeme! Pri\u010de sa Zagreba\u010dke gore\u201c","author":"Branimir Jankovi\u0107","date":"12. kolovoza 2026.","format":false,"excerpt":"Mjesto: Muzej grada ZagrebaVrijeme otvorenja: petak, 15. svibnja 2026., u 18 satiTrajanje izlo\u017ebe: 15. svibnja \u2013 20. rujna 2026.Autorica izlo\u017ebe: Milena Bu\u0161i\u0107Oblikovanje izlo\u017ebe:\u00a0Studio Ra\u0161i\u0107 + Vrabec Medvednica, Sljeme, Zagreba\u010dka gora \u2013\u00a0 sinonimi su za na\u0161u, \u201egradsku\u201c planinu, zelenu za\u0161titnicu Zagreba.\u00a0 Odluka o izletu na Medvednicu uvijek je laka jer je,\u2026","rel":"","context":"U &quot;Izlo\u017ebe&quot;","block_context":{"text":"Izlo\u017ebe","link":"https:\/\/historiografija.hr\/?cat=10"},"img":{"alt_text":"","src":"https:\/\/i0.wp.com\/historiografija.hr\/wp-content\/uploads\/2026\/08\/slika-2.png?fit=1200%2C894&ssl=1&resize=350%2C200","width":350,"height":200,"srcset":"https:\/\/i0.wp.com\/historiografija.hr\/wp-content\/uploads\/2026\/08\/slika-2.png?fit=1200%2C894&ssl=1&resize=350%2C200 1x, https:\/\/i0.wp.com\/historiografija.hr\/wp-content\/uploads\/2026\/08\/slika-2.png?fit=1200%2C894&ssl=1&resize=525%2C300 1.5x, https:\/\/i0.wp.com\/historiografija.hr\/wp-content\/uploads\/2026\/08\/slika-2.png?fit=1200%2C894&ssl=1&resize=700%2C400 2x, https:\/\/i0.wp.com\/historiografija.hr\/wp-content\/uploads\/2026\/08\/slika-2.png?fit=1200%2C894&ssl=1&resize=1050%2C600 3x"},"classes":[]},{"id":54956,"url":"https:\/\/historiografija.hr\/?p=54956","url_meta":{"origin":30751,"position":3},"title":"Izlo\u017eba &#8220;Drezdenski dnevnik Anke Krizmani\u0107&#8221;","author":"Branimir Jankovi\u0107","date":"13. kolovoza 2026.","format":false,"excerpt":"Mjesto: Muzej grada ZagrebaVrijeme otvorenja: 14. srpnja 2026., 19 satiTrajanje izlo\u017ebe: \u00a014. srpnja \u2013 20. rujna 2026.Autorice: Aneta Bari\u0161i\u0107 i dr. sc. Ana \u0160eparovi\u0107Stru\u010dna suradnica: dr. sc. Tihana Puc U utorak, 14. srpnja 2026. godine, u Muzeju grada Zagreba otvorena je izlo\u017eba Umjetni\u010dkog paviljona u Zagrebu Drezdenski dnevnik Anke Krizmani\u0107.\u2026","rel":"","context":"U &quot;Izlo\u017ebe&quot;","block_context":{"text":"Izlo\u017ebe","link":"https:\/\/historiografija.hr\/?cat=10"},"img":{"alt_text":"","src":"https:\/\/i0.wp.com\/historiografija.hr\/wp-content\/uploads\/2026\/08\/FOTO_MGZ-2.jpg?fit=1200%2C370&ssl=1&resize=350%2C200","width":350,"height":200,"srcset":"https:\/\/i0.wp.com\/historiografija.hr\/wp-content\/uploads\/2026\/08\/FOTO_MGZ-2.jpg?fit=1200%2C370&ssl=1&resize=350%2C200 1x, https:\/\/i0.wp.com\/historiografija.hr\/wp-content\/uploads\/2026\/08\/FOTO_MGZ-2.jpg?fit=1200%2C370&ssl=1&resize=525%2C300 1.5x, https:\/\/i0.wp.com\/historiografija.hr\/wp-content\/uploads\/2026\/08\/FOTO_MGZ-2.jpg?fit=1200%2C370&ssl=1&resize=700%2C400 2x, https:\/\/i0.wp.com\/historiografija.hr\/wp-content\/uploads\/2026\/08\/FOTO_MGZ-2.jpg?fit=1200%2C370&ssl=1&resize=1050%2C600 3x"},"classes":[]},{"id":54858,"url":"https:\/\/historiografija.hr\/?p=54858","url_meta":{"origin":30751,"position":4},"title":"Otvorena izlo\u017eba \u201eJadransko i jonsko brodovlje u novom vijeku (1650. \u2013 1850.)\u201c u Trstu","author":"Filip \u0160imunjak","date":"3. kolovoza 2026.","format":false,"excerpt":"Pomorski muzej u Trstu, Magazzino 26, prizemlje, 30. srpnja \u2013 20. rujna 2026. Izlo\u017eba je nastala na temelju analize pribli\u017eno 20.000 dokumenata iz 18. stolje\u0107a koje su izradile razli\u010dite jadranske i jonske kancelarije. Rije\u010d je o zapisima o ulascima i izlascima brodova iz luka, registrima bratov\u0161tina pomoraca, registrima kapetana i\u2026","rel":"","context":"U &quot;Izlo\u017ebe&quot;","block_context":{"text":"Izlo\u017ebe","link":"https:\/\/historiografija.hr\/?cat=10"},"img":{"alt_text":"","src":"https:\/\/i0.wp.com\/historiografija.hr\/wp-content\/uploads\/2026\/08\/Jadransko-i-jonsko-brodovlje-izlozba.webp?fit=1200%2C667&ssl=1&resize=350%2C200","width":350,"height":200,"srcset":"https:\/\/i0.wp.com\/historiografija.hr\/wp-content\/uploads\/2026\/08\/Jadransko-i-jonsko-brodovlje-izlozba.webp?fit=1200%2C667&ssl=1&resize=350%2C200 1x, https:\/\/i0.wp.com\/historiografija.hr\/wp-content\/uploads\/2026\/08\/Jadransko-i-jonsko-brodovlje-izlozba.webp?fit=1200%2C667&ssl=1&resize=525%2C300 1.5x, https:\/\/i0.wp.com\/historiografija.hr\/wp-content\/uploads\/2026\/08\/Jadransko-i-jonsko-brodovlje-izlozba.webp?fit=1200%2C667&ssl=1&resize=700%2C400 2x, https:\/\/i0.wp.com\/historiografija.hr\/wp-content\/uploads\/2026\/08\/Jadransko-i-jonsko-brodovlje-izlozba.webp?fit=1200%2C667&ssl=1&resize=1050%2C600 3x"},"classes":[]},{"id":49679,"url":"https:\/\/historiografija.hr\/?p=49679","url_meta":{"origin":30751,"position":5},"title":"Novi &#8220;Podravski zbornik&#8221; (br. 51, 2025) u duhu velikih obljetnica","author":"Branimir Jankovi\u0107","date":"18. studenoga 2025.","format":false,"excerpt":"Muzej grada Koprivnice ve\u0107 tradicionalno, povodom Dana Grada, objavljuje i predstavlja Podravski zbornik \u2013 najdugovje\u010dniju ediciju ovog dijela Hrvatske. Od prvog broja 1975. godine, dosad je tiskano 50 izdanja, a od studenog u ruke \u010ditatelja je stigao i 51 broj. Uredni\u0161tvo pod vodstvom Vesne Per\u0161i\u0107 Kova\u010d radilo je u pro\u0161irenom\u2026","rel":"","context":"U &quot;\u010casopisi&quot;","block_context":{"text":"\u010casopisi","link":"https:\/\/historiografija.hr\/?cat=21"},"img":{"alt_text":"","src":"https:\/\/i0.wp.com\/historiografija.hr\/wp-content\/uploads\/2025\/11\/Podravski-zbornik.jpg?fit=875%2C720&ssl=1&resize=350%2C200","width":350,"height":200,"srcset":"https:\/\/i0.wp.com\/historiografija.hr\/wp-content\/uploads\/2025\/11\/Podravski-zbornik.jpg?fit=875%2C720&ssl=1&resize=350%2C200 1x, https:\/\/i0.wp.com\/historiografija.hr\/wp-content\/uploads\/2025\/11\/Podravski-zbornik.jpg?fit=875%2C720&ssl=1&resize=525%2C300 1.5x, https:\/\/i0.wp.com\/historiografija.hr\/wp-content\/uploads\/2025\/11\/Podravski-zbornik.jpg?fit=875%2C720&ssl=1&resize=700%2C400 2x"},"classes":[]}],"_links":{"self":[{"href":"https:\/\/historiografija.hr\/index.php?rest_route=\/wp\/v2\/posts\/30751","targetHints":{"allow":["GET"]}}],"collection":[{"href":"https:\/\/historiografija.hr\/index.php?rest_route=\/wp\/v2\/posts"}],"about":[{"href":"https:\/\/historiografija.hr\/index.php?rest_route=\/wp\/v2\/types\/post"}],"author":[{"embeddable":true,"href":"https:\/\/historiografija.hr\/index.php?rest_route=\/wp\/v2\/users\/2"}],"replies":[{"embeddable":true,"href":"https:\/\/historiografija.hr\/index.php?rest_route=%2Fwp%2Fv2%2Fcomments&post=30751"}],"version-history":[{"count":2,"href":"https:\/\/historiografija.hr\/index.php?rest_route=\/wp\/v2\/posts\/30751\/revisions"}],"predecessor-version":[{"id":30776,"href":"https:\/\/historiografija.hr\/index.php?rest_route=\/wp\/v2\/posts\/30751\/revisions\/30776"}],"wp:featuredmedia":[{"embeddable":true,"href":"https:\/\/historiografija.hr\/index.php?rest_route=\/wp\/v2\/media\/30752"}],"wp:attachment":[{"href":"https:\/\/historiografija.hr\/index.php?rest_route=%2Fwp%2Fv2%2Fmedia&parent=30751"}],"wp:term":[{"taxonomy":"category","embeddable":true,"href":"https:\/\/historiografija.hr\/index.php?rest_route=%2Fwp%2Fv2%2Fcategories&post=30751"},{"taxonomy":"post_tag","embeddable":true,"href":"https:\/\/historiografija.hr\/index.php?rest_route=%2Fwp%2Fv2%2Ftags&post=30751"}],"curies":[{"name":"wp","href":"https:\/\/api.w.org\/{rel}","templated":true}]}}