{"id":30749,"date":"2022-04-05T22:40:56","date_gmt":"2022-04-05T22:40:56","guid":{"rendered":"http:\/\/historiografija.hr\/?p=30749"},"modified":"2022-04-05T22:40:56","modified_gmt":"2022-04-05T22:40:56","slug":"emisija-povijesne-kontroverze-povijesna-topografija-zagrebacke-zupanije","status":"publish","type":"post","link":"https:\/\/historiografija.hr\/?p=30749","title":{"rendered":"Emisija \u201cPovijesne kontroverze\u201d: Povijesna topografija Zagreba\u010dke \u017eupanije"},"content":{"rendered":"\n<p>U \u201cPovijesnim kontroverzama\u201d u \u010detvrtak, 7. travnja 2022. u 14.30 sati na Tre\u0107em programu Hrvatskog radija o projektu \u201ePovijesna topografija Zagreba\u010dke \u017eupanije (14.-16. stolje\u0107e)\u201c govore Hrvoje Kekez i Branimir Brgles.<\/p>\n\n\n\n<hr class=\"wp-block-separator\"\/>\n\n\n\n<p>HRT &#8211; HR3&nbsp;7.04.2022.&nbsp;14:30 &#8211; 15:15<\/p>\n\n\n\n<p><strong>Povijesne kontroverze<\/strong><\/p>\n\n\n\n<p>Brojni su hrvatski povjesni\u010dari nagla\u0161avali potrebu za sustavnim prou\u010davanjem povijesne toponimije, a sve se \u010de\u0161\u0107e spominje i potreba primjene novih metodologija u takvim istra\u017eivanjima. Hrvatska zaklada za znanost odnedavno podupire jedan takav projekt. Projekt \u201ePovijesna topografija Zagreba\u010dke \u017eupanije (14.-16. stolje\u0107e)\u201c posebno se usredoto\u010duje na topografiju, toponimiju, kulturni krajolik i ba\u0161tinski pejza\u017e promatranoga prostora. Projekt je to koji ne istra\u017euje samo urbane prostore nego i dosad zanemarene najmanje prostorne cjeline poput dijelova vlastelinstava, sela i seoskih su\u010dija. O tom projektu i onome \u0161to nam on mo\u017ee novoga re\u0107i o povijesti srednjovjekovne Zagreba\u010dke \u017eupanije razgovaramo s dr. sc. Hrvojem Kekezom i dr. sc. Branimirom Brglesom.<\/p>\n\n\n\n<p><a href=\"http:\/\/raspored.hrt.hr\/\">http:\/\/raspored.hrt.hr\/<\/a><\/p>\n\n\n\n<p><a href=\"https:\/\/radio.hrt.hr\/slusaonica\/povijesne-kontroverze\">https:\/\/radio.hrt.hr\/slusaonica\/povijesne-kontroverze<\/a><\/p>\n\n\n\n<hr class=\"wp-block-separator\"\/>\n","protected":false},"excerpt":{"rendered":"","protected":false},"author":2,"featured_media":28920,"comment_status":"open","ping_status":"open","sticky":false,"template":"","format":"standard","meta":{"_acf_changed":false,"_jetpack_newsletter_access":"","_jetpack_dont_email_post_to_subs":false,"_jetpack_newsletter_tier_id":0,"_jetpack_memberships_contains_paywalled_content":false,"_jetpack_memberships_contains_paid_content":false,"footnotes":"","jetpack_publicize_message":"","jetpack_publicize_feature_enabled":true,"jetpack_social_post_already_shared":true,"jetpack_social_options":{"image_generator_settings":{"template":"highway","default_image_id":0,"font":"","enabled":false},"version":2},"jetpack_post_was_ever_published":false},"categories":[3],"tags":[],"class_list":["post-30749","post","type-post","status-publish","format-standard","has-post-thumbnail","hentry","category-novosti"],"acf":{"facebook_opis":""},"jetpack_publicize_connections":[],"jetpack_featured_media_url":"https:\/\/i0.wp.com\/historiografija.hr\/wp-content\/uploads\/2021\/12\/povijesne-kontroverze.jpg?fit=1920%2C1080&ssl=1","jetpack_sharing_enabled":true,"jetpack-related-posts":[{"id":52646,"url":"https:\/\/historiografija.hr\/?p=52646","url_meta":{"origin":30749,"position":0},"title":"5. MALI FESTIVAL POVIJESTI U LASTOVU","author":"Branimir Jankovi\u0107","date":"24. travnja 2026.","format":false,"excerpt":"Peti Mali festival povijesti odr\u017eava se od 25. do 27. travnja 2026. na Lastovu, u suradnji Zavoda za povijesne znanosti HAZU u Dubrovniku, Op\u0107ine Lastovo i Turisti\u010dke zajednice te uz potporu Dubrova\u010dko-neretvanske \u017eupanije. Predavanja: Dr. sc. Jasna \u010capo \u201eKu\u0107a kao zalog budu\u0107nosti i most izme\u0111u iseljenika i domovine\u201c Dr. sc.\u2026","rel":"","context":"U &quot;Novosti&quot;","block_context":{"text":"Novosti","link":"https:\/\/historiografija.hr\/?cat=3"},"img":{"alt_text":"","src":"https:\/\/i0.wp.com\/historiografija.hr\/wp-content\/uploads\/2026\/04\/Lastovo.jpg?fit=1200%2C700&ssl=1&resize=350%2C200","width":350,"height":200,"srcset":"https:\/\/i0.wp.com\/historiografija.hr\/wp-content\/uploads\/2026\/04\/Lastovo.jpg?fit=1200%2C700&ssl=1&resize=350%2C200 1x, https:\/\/i0.wp.com\/historiografija.hr\/wp-content\/uploads\/2026\/04\/Lastovo.jpg?fit=1200%2C700&ssl=1&resize=525%2C300 1.5x, https:\/\/i0.wp.com\/historiografija.hr\/wp-content\/uploads\/2026\/04\/Lastovo.jpg?fit=1200%2C700&ssl=1&resize=700%2C400 2x, https:\/\/i0.wp.com\/historiografija.hr\/wp-content\/uploads\/2026\/04\/Lastovo.jpg?fit=1200%2C700&ssl=1&resize=1050%2C600 3x"},"classes":[]},{"id":54592,"url":"https:\/\/historiografija.hr\/?p=54592","url_meta":{"origin":30749,"position":1},"title":"Rashid I. Khalidi, &#8220;Stogodi\u0161nji rat protiv Palestine&#8221;","author":"Branimir Jankovi\u0107","date":"14. srpnja 2026.","format":false,"excerpt":"Hrabro, briljantno i referentno, ovo izvanredno djelo s polja povijesne znanosti tako\u0111er obiluje dramati\u010dno\u0161\u0107u i zapanjuju\u0107om naracijom. Khalidi iznosi uvjerljive dokaze za preispitivanje konvencionalnog zapadnja\u010dkog poimanja spomenute teme, a njegova knjiga predstavlja prekretnicu u prou\u010davanju arapsko-izraelskog sukoba. Avi Shlaim, autor knjige The Iron Wall: Israel and the Arab World Stogodi\u0161nji\u2026","rel":"","context":"U &quot;Knjige&quot;","block_context":{"text":"Knjige","link":"https:\/\/historiografija.hr\/?cat=8"},"img":{"alt_text":"","src":"https:\/\/i0.wp.com\/historiografija.hr\/wp-content\/uploads\/2026\/07\/PK_Stogodisnji-Rat-Protiv-Palestine.jpg?fit=660%2C417&ssl=1&resize=350%2C200","width":350,"height":200,"srcset":"https:\/\/i0.wp.com\/historiografija.hr\/wp-content\/uploads\/2026\/07\/PK_Stogodisnji-Rat-Protiv-Palestine.jpg?fit=660%2C417&ssl=1&resize=350%2C200 1x, https:\/\/i0.wp.com\/historiografija.hr\/wp-content\/uploads\/2026\/07\/PK_Stogodisnji-Rat-Protiv-Palestine.jpg?fit=660%2C417&ssl=1&resize=525%2C300 1.5x"},"classes":[]},{"id":54105,"url":"https:\/\/historiografija.hr\/?p=54105","url_meta":{"origin":30749,"position":2},"title":"U Ora\u0161ju predstavljena monografija \u201e106. brigada HVO Ora\u0161je \u2013 u obrani ora\u0161kog podru\u010dja 1992. \u2013 1995.\u201c autora Tade Or\u0161oli\u0107a","author":"Branimir Jankovi\u0107","date":"16. lipnja 2026.","format":false,"excerpt":"Monografija \u201e106. brigada HVO Ora\u0161je \u2013 u obrani ora\u0161kog podru\u010dja 1992. \u2013 1995.\u201c, autora prof. dr. sc. Tade Or\u0161oli\u0107a, objavljena u nakladi Zavoda za povijesne znanosti Hrvatske akademije znanosti i umjetnosti u Zadru te udruga proisteklih iz Domovinskog rata Grada Ora\u0161ja, predstavljena je 16. svibnja 2026. u Ora\u0161ju. Na 473\u2026","rel":"","context":"U &quot;Novosti&quot;","block_context":{"text":"Novosti","link":"https:\/\/historiografija.hr\/?cat=3"},"img":{"alt_text":"","src":"https:\/\/i0.wp.com\/historiografija.hr\/wp-content\/uploads\/2026\/06\/Orasje_predstavljanje.jpg?fit=1024%2C683&ssl=1&resize=350%2C200","width":350,"height":200,"srcset":"https:\/\/i0.wp.com\/historiografija.hr\/wp-content\/uploads\/2026\/06\/Orasje_predstavljanje.jpg?fit=1024%2C683&ssl=1&resize=350%2C200 1x, https:\/\/i0.wp.com\/historiografija.hr\/wp-content\/uploads\/2026\/06\/Orasje_predstavljanje.jpg?fit=1024%2C683&ssl=1&resize=525%2C300 1.5x, https:\/\/i0.wp.com\/historiografija.hr\/wp-content\/uploads\/2026\/06\/Orasje_predstavljanje.jpg?fit=1024%2C683&ssl=1&resize=700%2C400 2x"},"classes":[]},{"id":54587,"url":"https:\/\/historiografija.hr\/?p=54587","url_meta":{"origin":30749,"position":3},"title":"Odr\u017ean okrugli stol \u201cEuropa danas: izazovi, identitet, budu\u0107nost\u201c u Splitu","author":"Branimir Jankovi\u0107","date":"14. srpnja 2026.","format":false,"excerpt":"Na blagdan svetoga Benedikta, suza\u0161titnika Europe i nebeskog za\u0161titnika Hrvatske udruge Benedikt, u Splitu je u subotu, 11. srpnja 2026., odr\u017ean sve\u010dani program kojim je ujedno obilje\u017eena i 15. obljetnica djelovanja udruge. Program je okupio velik broj sudionika i uzvanika, a crkva sv. Katarine Aleksandrijske tijekom misnog slavlja te dvorana\u2026","rel":"","context":"U &quot;Novosti&quot;","block_context":{"text":"Novosti","link":"https:\/\/historiografija.hr\/?cat=3"},"img":{"alt_text":"","src":"https:\/\/i0.wp.com\/historiografija.hr\/wp-content\/uploads\/2026\/07\/Split-okrugli-stol-scaled.jpg?fit=1200%2C900&ssl=1&resize=350%2C200","width":350,"height":200,"srcset":"https:\/\/i0.wp.com\/historiografija.hr\/wp-content\/uploads\/2026\/07\/Split-okrugli-stol-scaled.jpg?fit=1200%2C900&ssl=1&resize=350%2C200 1x, https:\/\/i0.wp.com\/historiografija.hr\/wp-content\/uploads\/2026\/07\/Split-okrugli-stol-scaled.jpg?fit=1200%2C900&ssl=1&resize=525%2C300 1.5x, https:\/\/i0.wp.com\/historiografija.hr\/wp-content\/uploads\/2026\/07\/Split-okrugli-stol-scaled.jpg?fit=1200%2C900&ssl=1&resize=700%2C400 2x, https:\/\/i0.wp.com\/historiografija.hr\/wp-content\/uploads\/2026\/07\/Split-okrugli-stol-scaled.jpg?fit=1200%2C900&ssl=1&resize=1050%2C600 3x"},"classes":[]},{"id":54858,"url":"https:\/\/historiografija.hr\/?p=54858","url_meta":{"origin":30749,"position":4},"title":"Otvorena izlo\u017eba \u201eJadransko i jonsko brodovlje u novom vijeku (1650. \u2013 1850.)\u201c u Trstu","author":"Filip \u0160imunjak","date":"3. kolovoza 2026.","format":false,"excerpt":"Pomorski muzej u Trstu, Magazzino 26, prizemlje, 30. srpnja \u2013 20. rujna 2026. Izlo\u017eba je nastala na temelju analize pribli\u017eno 20.000 dokumenata iz 18. stolje\u0107a koje su izradile razli\u010dite jadranske i jonske kancelarije. Rije\u010d je o zapisima o ulascima i izlascima brodova iz luka, registrima bratov\u0161tina pomoraca, registrima kapetana i\u2026","rel":"","context":"U &quot;Izlo\u017ebe&quot;","block_context":{"text":"Izlo\u017ebe","link":"https:\/\/historiografija.hr\/?cat=10"},"img":{"alt_text":"","src":"https:\/\/i0.wp.com\/historiografija.hr\/wp-content\/uploads\/2026\/08\/Jadransko-i-jonsko-brodovlje-izlozba.webp?fit=1200%2C667&ssl=1&resize=350%2C200","width":350,"height":200,"srcset":"https:\/\/i0.wp.com\/historiografija.hr\/wp-content\/uploads\/2026\/08\/Jadransko-i-jonsko-brodovlje-izlozba.webp?fit=1200%2C667&ssl=1&resize=350%2C200 1x, https:\/\/i0.wp.com\/historiografija.hr\/wp-content\/uploads\/2026\/08\/Jadransko-i-jonsko-brodovlje-izlozba.webp?fit=1200%2C667&ssl=1&resize=525%2C300 1.5x, https:\/\/i0.wp.com\/historiografija.hr\/wp-content\/uploads\/2026\/08\/Jadransko-i-jonsko-brodovlje-izlozba.webp?fit=1200%2C667&ssl=1&resize=700%2C400 2x, https:\/\/i0.wp.com\/historiografija.hr\/wp-content\/uploads\/2026\/08\/Jadransko-i-jonsko-brodovlje-izlozba.webp?fit=1200%2C667&ssl=1&resize=1050%2C600 3x"},"classes":[]},{"id":53727,"url":"https:\/\/historiografija.hr\/?p=53727","url_meta":{"origin":30749,"position":5},"title":"Novi broj \u010dasopisa \u201eAnali Zavoda za povijesne znanosti Hrvatske akademije znanosti i umjetnosti u Dubrovniku\u201c (63\/2025)","author":"Filip \u0160imunjak","date":"26. svibnja 2026.","format":false,"excerpt":"Objavljen je 63. svezak \u201eAnala Zavoda za povijesne znanosti Hrvatske akademije znanosti i umjetnosti u Dubrovniku\u201c, koji je u cijelosti dostupan na portalu hrvatskih znanstvenih i stru\u010dnih \u010dasopisa Hr\u010dak. Op\u0161irnije: https:\/\/hrcak.srce.hr\/broj\/26168","rel":"","context":"U &quot;\u010casopisi&quot;","block_context":{"text":"\u010casopisi","link":"https:\/\/historiografija.hr\/?cat=21"},"img":{"alt_text":"","src":"https:\/\/i0.wp.com\/historiografija.hr\/wp-content\/uploads\/2026\/05\/Anali-Dubrovnik.webp?fit=824%2C1200&ssl=1&resize=350%2C200","width":350,"height":200,"srcset":"https:\/\/i0.wp.com\/historiografija.hr\/wp-content\/uploads\/2026\/05\/Anali-Dubrovnik.webp?fit=824%2C1200&ssl=1&resize=350%2C200 1x, https:\/\/i0.wp.com\/historiografija.hr\/wp-content\/uploads\/2026\/05\/Anali-Dubrovnik.webp?fit=824%2C1200&ssl=1&resize=525%2C300 1.5x, https:\/\/i0.wp.com\/historiografija.hr\/wp-content\/uploads\/2026\/05\/Anali-Dubrovnik.webp?fit=824%2C1200&ssl=1&resize=700%2C400 2x"},"classes":[]}],"_links":{"self":[{"href":"https:\/\/historiografija.hr\/index.php?rest_route=\/wp\/v2\/posts\/30749","targetHints":{"allow":["GET"]}}],"collection":[{"href":"https:\/\/historiografija.hr\/index.php?rest_route=\/wp\/v2\/posts"}],"about":[{"href":"https:\/\/historiografija.hr\/index.php?rest_route=\/wp\/v2\/types\/post"}],"author":[{"embeddable":true,"href":"https:\/\/historiografija.hr\/index.php?rest_route=\/wp\/v2\/users\/2"}],"replies":[{"embeddable":true,"href":"https:\/\/historiografija.hr\/index.php?rest_route=%2Fwp%2Fv2%2Fcomments&post=30749"}],"version-history":[{"count":1,"href":"https:\/\/historiografija.hr\/index.php?rest_route=\/wp\/v2\/posts\/30749\/revisions"}],"predecessor-version":[{"id":30750,"href":"https:\/\/historiografija.hr\/index.php?rest_route=\/wp\/v2\/posts\/30749\/revisions\/30750"}],"wp:featuredmedia":[{"embeddable":true,"href":"https:\/\/historiografija.hr\/index.php?rest_route=\/wp\/v2\/media\/28920"}],"wp:attachment":[{"href":"https:\/\/historiografija.hr\/index.php?rest_route=%2Fwp%2Fv2%2Fmedia&parent=30749"}],"wp:term":[{"taxonomy":"category","embeddable":true,"href":"https:\/\/historiografija.hr\/index.php?rest_route=%2Fwp%2Fv2%2Fcategories&post=30749"},{"taxonomy":"post_tag","embeddable":true,"href":"https:\/\/historiografija.hr\/index.php?rest_route=%2Fwp%2Fv2%2Ftags&post=30749"}],"curies":[{"name":"wp","href":"https:\/\/api.w.org\/{rel}","templated":true}]}}