{"id":30735,"date":"2022-04-04T22:09:49","date_gmt":"2022-04-04T22:09:49","guid":{"rendered":"http:\/\/historiografija.hr\/?p=30735"},"modified":"2022-04-04T22:21:02","modified_gmt":"2022-04-04T22:21:02","slug":"znanstveno-strucni-skup-romi-u-podravini-i-njihovo-stradanje-u-drugom-svjetskom-ratu-8-travnja-2022-galerija-mijo-kovacic-koprivnica","status":"publish","type":"post","link":"https:\/\/historiografija.hr\/?p=30735","title":{"rendered":"Znanstveno-stru\u010dni skup \u201eRomi u Podravini i njihovo stradanje u Drugom svjetskom ratu\u201c (8. travnja 2022., Galerija Mijo Kova\u010di\u0107, Koprivnica)"},"content":{"rendered":"\n<p>Povodom Svjetskog dana Roma pozivamo Vas na sudjelovanje na znanstveno-stru\u010dnom skupu u organizaciji Muzeja grada Koprivnice i Instituta dru\u0161tvenih znanosti Ivo Pilar pod nazivom <strong>Romi u Podravini i njihovo stradanje u Drugom svjetskom ratu <\/strong>u Galeriji Mijo Kova\u010di<strong>\u0107 <\/strong>(Zrinski trg 9, Koprivnica) 8. travnja 2022. godine s po\u010detkom u 9,00 sati.<\/p>\n\n\n\n<p>Skup se odr\u017eava povodom Svjetskog dana Roma i to neposredno pred 81. obljetnicu osnutka logora Danica u Koprivnici, otvoren 15. travnja 1941. godine, a sukladno \u010dinjenici da su Romi \u010dinili zna\u010daj dio tamo\u0161njih zarobljenika. Iako je o povijesti Roma ve\u0107 dosta toga objavljeno, o njima samima se jo\u0161 uvijek ne zna dovoljno, a njihovo stradanje u Drugom svjetskom ratu nije rasvijetljeno s obzirom na to da u trenucima kada su bili zarobljeni nisu nu\u017eno popisani njihovi osnovni biografski podaci.<\/p>\n\n\n\n<p>U radu skupa sudjeluju povjesni\u010dari i drugi znanstvenici, etnolozi, povjesni\u010dari umjetnosti, kustosi i nezavisni istra\u017eiva\u010di koji su se do sada ve\u0107 bavili tim temama i objavljivali radove o povijesti Roma. O\u010dekivani rezultati skupa su nove spoznaje o povijesti Roma u Podravini, pogotovo u 20. stolje\u0107u i senzibilizacija znanstvene, stru\u010dne i \u0161ire javnosti za njihovo stradanje tijekom Drugog svjetskog rata. Nakon odr\u017eavanja znanstveno-stru\u010dnog skupa predvi\u0111eno je objavljivanje zbornika radova.<\/p>\n\n\n\n<hr class=\"wp-block-separator\"\/>\n\n\n\n<p><strong>Organizacijski odbor:<\/strong><\/p>\n\n\n\n<p>dr. sc. Robert \u010cimin, muzejski savjetnik, ravnatelj Muzeja grada Koprivnice<\/p>\n\n\n\n<p>dr. sc. \u017deljko Holjevac, ravnatelj Instituta dru\u0161tvenih znanosti Ivo Pilar<\/p>\n\n\n\n<p>dr. sc. Danijel Vojak, vi\u0161i znanstveni suradnik, Institut dru\u0161tvenih znanosti Ivo Pilar<\/p>\n\n\n\n<p>mag. hist. Nikola Cik, kustos\/povjesni\u010dar, Muzej grada Koprivnice<\/p>\n\n\n\n<hr class=\"wp-block-separator\"\/>\n\n\n\n<p><strong>PROGRAM:<\/strong><\/p>\n\n\n\n<hr class=\"wp-block-separator\"\/>\n\n\n\n<p><strong>Otvaranje skupa<\/strong>: 9:00 &#8211; 9:20<\/p>\n\n\n\n<p>dr. sc. Robert \u010cimin, muzejski savjetnik, ravnatelj Muzeja grada Koprivnice<\/p>\n\n\n\n<p>prof. dr. sc. \u017deljko Holjevac, ravnatelj Instituta dru\u0161tvenih znanosti Ivo Pilara<\/p>\n\n\n\n<p>predstavnik Grada Koprivnice<\/p>\n\n\n\n<p>predstavnik romske zajednice<\/p>\n\n\n\n<p>predstavnik Udruge antifa\u0161isti\u010dkih boraca i antifa\u0161ista grada Koprivnice<\/p>\n\n\n\n<hr class=\"wp-block-separator\"\/>\n\n\n\n<p><strong>Sesija 1:<\/strong> <strong>Romi u Podravini prije Drugog svjetskog rata<\/strong>; 9:20 &#8211; 11:00<\/p>\n\n\n\n<p>Moderator: Danijel Vojak<\/p>\n\n\n\n<p>dr. sc. Hrvoje Petri\u0107, red. prof., Odsjek za povijest, Filozofski fakultet Sveu\u010dili\u0161ta u Zagrebu; \u201cIz starije povijesti Roma u Podravini\u201d; 9:20 &#8211; 9:40<\/p>\n\n\n\n<p>Vesna Per\u0161i\u0107 Kova\u010d, Muzej grada Koprivnice; \u201eSvakodnevni \u017eivot Roma u Podravini prije\u00a0Drugog svjetskog rata\u201c; 9:40 &#8211; 10:00<\/p>\n\n\n\n<p>Helena Ku\u0161eni\u0107, Muzej grada Koprivnice; \u201eRomi u naivnoj umjetnosti\u201c; 10:00 &#8211; 10:20<\/p>\n\n\n\n<p>Rasprava: 10:20 &#8211; 10:40<\/p>\n\n\n\n<p>Pauza: 10: 40 &#8211; 11:00<\/p>\n\n\n\n<hr class=\"wp-block-separator\"\/>\n\n\n\n<p><strong>Sesija 2:<\/strong> <strong>Romi u Nezavisnoj Dr\u017eavi Hrvatskoj, 1941. &#8211; 1945.<\/strong>, 11:00 &#8211; 12:20<\/p>\n\n\n\n<p>Moderator: Nikola Cik<\/p>\n\n\n\n<p>doc. dr. sc. Goran Hutinec, Odsjek za povijest, Filozofski fakultet Sveu\u010dili\u0161ta u Zagrebu; \u201eRasni zakoni u NDH\u201c; 11:00 &#8211; 11:20<\/p>\n\n\n\n<p>\u0110or\u0111e Mihovilovi\u0107, vi\u0161i kustos, JUSP Jasenovac; &#8220;Slu\u010daj Hrastina \u2013 primjer distorzije romskog stradanja u Drugom svjetskom ratu&#8221;; 11:20 &#8211; 11:40<\/p>\n\n\n\n<p>Bibijana Papo Hutinec, doktorandica, Filozofski fakultet Sveu\u010dili\u0161ta u Zagrebu; \u201eRazvoj kulture sje\u0107anja na genocid nad Romima na primjeru Jasenovca\u201c; 11:40 &#8211; 12:00<\/p>\n\n\n\n<p>Rasprava: 12:00 &#8211; 12:20<\/p>\n\n\n\n<p>Ru\u010dak: 12:20 &#8211; 14:00<\/p>\n\n\n\n<hr class=\"wp-block-separator\"\/>\n\n\n\n<p><strong>Sesija 3:<\/strong> <strong>Romi na podravskom podru\u010dju za vrijeme Drugog svjetskog rata<\/strong>, 14:00 &#8211; 16:40<\/p>\n\n\n\n<p>Moderatori: Nikola Cik \/ Danijel Vojak<\/p>\n\n\n\n<p>dr. sc. Danijel Vojak, vi\u0161i znanstveni suradnik, Institut dru\u0161tvenih znanosti Ivo Pilar; \u201eRomi u Podravini i njihovo stradanje u Drugom svjetskom ratu, 1941.-1945.\u201c; 14:00 &#8211; 14:20<\/p>\n\n\n\n<p>dr. sc. \u017deljko Karaula, znanstveni suradnik; \u201eStradanje Roma u koprivni\u010dkoj Podravini za vrijeme NDH &#8211; neki podaci i problemi istra\u017eivanja\u201c; 14:20 &#8211; 14:40<\/p>\n\n\n\n<p>dr. sc. Filip \u0160kiljan, znanstveni savjetnik, Institut za migracije i narodnosti, Zagreb; \u201eStradanja Roma i Srba u Podravini u vrijeme NDH\u201c; 14:40 &#8211; 15:00<\/p>\n\n\n\n<p>Pauza: 15:00 &#8211; 15:20<\/p>\n\n\n\n<p>Vladimir Miholek, \u0110ur\u0111evac; \u201eRomi na podru\u010dju \u0110ur\u0111evca tijekom Drugog svjetskog rata\u201c; 15:20 &#8211; 15:40<\/p>\n\n\n\n<p>Nikola Cik, Muzej grada Koprivnice; \u201eRomi zato\u010deni u logoru Danica u Koprivnici\u201c; 15:40 &#8211; 16:00<\/p>\n\n\n\n<p>dr. sc. Vladimir \u0160adek, Koprivni\u010dko-kri\u017eeva\u010dka \u017eupanija; \u201eLogor Danica i politi\u010dke prilike u Podravini 1941. godine\u201c; 16:00 &#8211; 16:20<\/p>\n\n\n\n<p>Rasprava: 16:20 &#8211; 16:40<\/p>\n\n\n\n<hr class=\"wp-block-separator\"\/>\n\n\n\n<p><strong>Zaklju\u010dci skupa<\/strong>: 16:40 &#8211; 17:00 (opcionalno obilazak Spomen podru\u010dja Danica)<\/p>\n\n\n\n<hr class=\"wp-block-separator\"\/>\n\n\n\n<div class=\"wp-block-file\"><a href=\"https:\/\/historiografija.hr\/wp-content\/uploads\/2022\/04\/Romi-u-Podravini-program-skupa.pdf\">Romi-u-Podravini-program-skupa<\/a><a href=\"https:\/\/historiografija.hr\/wp-content\/uploads\/2022\/04\/Romi-u-Podravini-program-skupa.pdf\" class=\"wp-block-file__button\" download>Preuzmi<\/a><\/div>\n\n\n\n<hr class=\"wp-block-separator\"\/>\n","protected":false},"excerpt":{"rendered":"","protected":false},"author":2,"featured_media":30737,"comment_status":"open","ping_status":"open","sticky":false,"template":"","format":"standard","meta":{"_acf_changed":false,"jetpack_post_was_ever_published":false,"_jetpack_newsletter_access":"","_jetpack_dont_email_post_to_subs":false,"_jetpack_newsletter_tier_id":0,"_jetpack_memberships_contains_paywalled_content":false,"_jetpack_memberships_contains_paid_content":false,"footnotes":"","jetpack_publicize_message":"","jetpack_publicize_feature_enabled":true,"jetpack_social_post_already_shared":true,"jetpack_social_options":{"image_generator_settings":{"template":"highway","default_image_id":0,"font":"","enabled":false},"version":2}},"categories":[3,9],"tags":[],"class_list":["post-30735","post","type-post","status-publish","format-standard","has-post-thumbnail","hentry","category-novosti","category-skupovi"],"acf":{"facebook_opis":""},"jetpack_publicize_connections":[],"jetpack_featured_media_url":"https:\/\/i0.wp.com\/historiografija.hr\/wp-content\/uploads\/2022\/04\/Romsko-naselje-%C5%BDlebic-kod-Koprivnice-oko-1940.-godine-iz-fundusa-Muzeja.._-002.jpg?fit=633%2C948&ssl=1","jetpack_sharing_enabled":true,"jetpack-related-posts":[],"_links":{"self":[{"href":"https:\/\/historiografija.hr\/index.php?rest_route=\/wp\/v2\/posts\/30735","targetHints":{"allow":["GET"]}}],"collection":[{"href":"https:\/\/historiografija.hr\/index.php?rest_route=\/wp\/v2\/posts"}],"about":[{"href":"https:\/\/historiografija.hr\/index.php?rest_route=\/wp\/v2\/types\/post"}],"author":[{"embeddable":true,"href":"https:\/\/historiografija.hr\/index.php?rest_route=\/wp\/v2\/users\/2"}],"replies":[{"embeddable":true,"href":"https:\/\/historiografija.hr\/index.php?rest_route=%2Fwp%2Fv2%2Fcomments&post=30735"}],"version-history":[{"count":7,"href":"https:\/\/historiografija.hr\/index.php?rest_route=\/wp\/v2\/posts\/30735\/revisions"}],"predecessor-version":[{"id":30744,"href":"https:\/\/historiografija.hr\/index.php?rest_route=\/wp\/v2\/posts\/30735\/revisions\/30744"}],"wp:featuredmedia":[{"embeddable":true,"href":"https:\/\/historiografija.hr\/index.php?rest_route=\/wp\/v2\/media\/30737"}],"wp:attachment":[{"href":"https:\/\/historiografija.hr\/index.php?rest_route=%2Fwp%2Fv2%2Fmedia&parent=30735"}],"wp:term":[{"taxonomy":"category","embeddable":true,"href":"https:\/\/historiografija.hr\/index.php?rest_route=%2Fwp%2Fv2%2Fcategories&post=30735"},{"taxonomy":"post_tag","embeddable":true,"href":"https:\/\/historiografija.hr\/index.php?rest_route=%2Fwp%2Fv2%2Ftags&post=30735"}],"curies":[{"name":"wp","href":"https:\/\/api.w.org\/{rel}","templated":true}]}}