{"id":30731,"date":"2022-04-04T22:00:00","date_gmt":"2022-04-04T22:00:00","guid":{"rendered":"http:\/\/historiografija.hr\/?p=30731"},"modified":"2022-04-04T22:02:02","modified_gmt":"2022-04-04T22:02:02","slug":"dokumentarna-serija-zivot-u-okupiranom-beogradu","status":"publish","type":"post","link":"https:\/\/historiografija.hr\/?p=30731","title":{"rendered":"Dokumentarna serija \u201c\u017divot u okupiranom Beogradu\u201c"},"content":{"rendered":"\n<p>Predstave o svakodnevnom \u017eivotu u Beogradu tokom Drugog svetskog rata, osim iz stru\u010dnih, relativno retkih, istoriografskih knjiga, sticane su posredstvom igrane serije &#8220;Otpisani&#8221;, nekoliko romana koji za temu imaju sudbine pojedinaca u okupiranom Beogradu, ili u logorima i zatvorima u njemu, kao i iz kratkih nema\u010dkih filmskih UFA \u017eurnala, i sa\u010duvanih \u017eurnala Nedi\u0107eve vlade prikazivanih pre filmskih projekcija u bioskopima tokom okupacije Beograda u Drugom svetskom ratu.<\/p>\n\n\n\n<p>Dokumentarna serija <em>\u017divot u okupiranom Beogradu 1941-1944. <\/em>bavi se, kako policijskim i represivnim tako i socijalnim, dru\u0161tvenim, kulturnim, zabavnim, sportskim i komunalnima aspektima svakodnevnog \u017eivota u okupiranom Beogradu tokom Drugog svetskog rata.<\/p>\n\n\n\n<p>Pored istori\u010dara koji govore o pojedinim temama u seriji od sedam epizoda u\u010destvuju i tri svedoka koji svako na svoj na\u010din, govore o iskustvima \u017eivota u okupiranom Beogradu. Vremenski raspon obuhvata period od trenutka pristupanja Kraljevine Jugoslavije Trojnom paktu do oslobo\u0111enja Beograda 20. oktobra 1944.<\/p>\n\n\n\n<p>Po broju stanovnika i po prostranstvu nekoliko puta manji od dana\u0161njeg grada, Beograd je tokom okupacije istovremeno bio mesto tragi\u010dne sudbine mnogih pojedinaca i mesto dinami\u010dnog dru\u0161tvenog \u017eivota, mesto u kojem su pojedinci u vanrednim okolnostima rata ostvarivali svoje snove i ambicije, vezav\u0161i svoju sudbinu za okupacionu i kolaboracionisti\u010dku vlast, dok su istovremeno njihovi sugra\u0111ani stradali kao \u017ertve terora i kaznenih mera odmazde: sto ubijenih gra\u0111ana za jednog ubijenog nema\u010dkog vojnika, gubili su svoje \u017eivote u logorima u samom gradu ili na strati\u0161tima u okolini.<\/p>\n\n\n\n<p>Prva epizoda dokumentarnog serijala <em>\u017divot u okupiranom Beogradu 1941-1944. <\/em>bavi se danima uo\u010di bombardovanja Jugoslavije, otporima potpisivanju pristupanju Trojnom paktu i posledicama tog \u010dina: pu\u010dem i demonstracijama u Beogradu 27. marta i bombardovanjem Beograda kao i prvim danima okupacije, uspostavom nema\u010dke vlasti i formiranjem Komesarske uprave u Beogradu.<\/p>\n\n\n\n<p>U seriji govore istori\u010dari dr Nata\u0161a Mili\u0107evi\u0107, Radmila Radi\u0107, dr Rade Ristanovi\u0107, dr Aleksandar Stojanovi\u0107, dr Ljubinka \u0160kodri\u0107, dr Radosav Tucovi\u0107 i dr Dragomir Bond\u017ei\u0107 i svedoci \u017eivota u okupiranom Beogradu: Branislava Ristovi\u0107, Josef \u017damboki i Breda Kalef.<\/p>\n\n\n\n<p>Scenario i re\u017eija: Nenad Milo\u0161evi\u0107<\/p>\n\n\n\n<p>Prva epizoda \u0107e biti emitirana 6. aprila 2022. u 18:00 na drugom programu RTS.<\/p>\n\n\n\n<p>Izvor: <a rel=\"noreferrer noopener\" href=\"https:\/\/www.rts.rs\/page\/tv\/sr\/story\/21\/rts-2\/4760069\/zivot-u-okupiranom-beogradu-1941-1944.html\" target=\"_blank\">RTS<\/a>.<\/p>\n\n\n\n<hr class=\"wp-block-separator\"\/>\n\n\n\n<p>Preneseno s portala <strong>Historiografija.ba<\/strong>:<\/p>\n\n\n\n<p><a href=\"https:\/\/historiografija.ba\/article.php?id=1202\">https:\/\/historiografija.ba\/article.php?id=1202<\/a><\/p>\n\n\n\n<hr class=\"wp-block-separator\"\/>\n\n\n\n<p><\/p>\n","protected":false},"excerpt":{"rendered":"","protected":false},"author":2,"featured_media":30732,"comment_status":"open","ping_status":"open","sticky":false,"template":"","format":"standard","meta":{"_acf_changed":false,"jetpack_post_was_ever_published":false,"_jetpack_newsletter_access":"","_jetpack_dont_email_post_to_subs":false,"_jetpack_newsletter_tier_id":0,"_jetpack_memberships_contains_paywalled_content":false,"_jetpack_memberships_contains_paid_content":false,"footnotes":"","jetpack_publicize_message":"","jetpack_publicize_feature_enabled":true,"jetpack_social_post_already_shared":true,"jetpack_social_options":{"image_generator_settings":{"template":"highway","default_image_id":0,"font":"","enabled":false},"version":2}},"categories":[13,3],"tags":[],"class_list":["post-30731","post","type-post","status-publish","format-standard","has-post-thumbnail","hentry","category-filmovi-i-serije","category-novosti"],"acf":{"facebook_opis":""},"jetpack_publicize_connections":[],"jetpack_featured_media_url":"https:\/\/i0.wp.com\/historiografija.hr\/wp-content\/uploads\/2022\/04\/Beograd_zivot-pod-pokupacijom-1941-1945.jpg?fit=555%2C367&ssl=1","jetpack_sharing_enabled":true,"jetpack-related-posts":[],"_links":{"self":[{"href":"https:\/\/historiografija.hr\/index.php?rest_route=\/wp\/v2\/posts\/30731","targetHints":{"allow":["GET"]}}],"collection":[{"href":"https:\/\/historiografija.hr\/index.php?rest_route=\/wp\/v2\/posts"}],"about":[{"href":"https:\/\/historiografija.hr\/index.php?rest_route=\/wp\/v2\/types\/post"}],"author":[{"embeddable":true,"href":"https:\/\/historiografija.hr\/index.php?rest_route=\/wp\/v2\/users\/2"}],"replies":[{"embeddable":true,"href":"https:\/\/historiografija.hr\/index.php?rest_route=%2Fwp%2Fv2%2Fcomments&post=30731"}],"version-history":[{"count":2,"href":"https:\/\/historiografija.hr\/index.php?rest_route=\/wp\/v2\/posts\/30731\/revisions"}],"predecessor-version":[{"id":30734,"href":"https:\/\/historiografija.hr\/index.php?rest_route=\/wp\/v2\/posts\/30731\/revisions\/30734"}],"wp:featuredmedia":[{"embeddable":true,"href":"https:\/\/historiografija.hr\/index.php?rest_route=\/wp\/v2\/media\/30732"}],"wp:attachment":[{"href":"https:\/\/historiografija.hr\/index.php?rest_route=%2Fwp%2Fv2%2Fmedia&parent=30731"}],"wp:term":[{"taxonomy":"category","embeddable":true,"href":"https:\/\/historiografija.hr\/index.php?rest_route=%2Fwp%2Fv2%2Fcategories&post=30731"},{"taxonomy":"post_tag","embeddable":true,"href":"https:\/\/historiografija.hr\/index.php?rest_route=%2Fwp%2Fv2%2Ftags&post=30731"}],"curies":[{"name":"wp","href":"https:\/\/api.w.org\/{rel}","templated":true}]}}