{"id":30720,"date":"2022-04-04T21:39:55","date_gmt":"2022-04-04T21:39:55","guid":{"rendered":"http:\/\/historiografija.hr\/?p=30720"},"modified":"2022-04-04T21:39:55","modified_gmt":"2022-04-04T21:39:55","slug":"bb-rachel-trode-governance-and-administrative-practice-in-habsburg-bosnia-and-herzegovina-the-strike-of-1906-in-ljubuski","status":"publish","type":"post","link":"https:\/\/historiografija.hr\/?p=30720","title":{"rendered":"BB: Rachel Trode: Governance and Administrative Practice in Habsburg Bosnia and Herzegovina. The strike of 1906 in Ljubu\u0161ki"},"content":{"rendered":"\n<p>Following the conclusion of the general strike of Bosnia and Herzegovina in May 1906, civil servants of the Habsburg occupation administration attempted to figure out why exactly these events had occurred. Their reports pointed to the pursuits of local actors involved in the workers\u2019 movement and efforts to enact agrarian reform, as well as national activists. Interestingly, the civil servants also often blamed administrators on the ground for having failed to act to prevent these moments of social conflict.<\/p>\n\n\n\n<p>Traditionally scholars of Habsburg Bosnia have interpreted bureaucratic inconsistencies, deviations, and failures like those of May 1906 in the context of the regime\u2019s ongoing attempts to establish control after 1878. But what if we stepped back to reconsider these instances in their own terms? This paper argues that in the case of May 1906 in the district of Ljubu\u0161ki such moments of perceived failure were often occasions where administrators debated their relationship to local actors as well as to other civil servants, and provide insight into the nature of Habsburg rule in Bosnia. Moreover, the case demonstrates how the reframing of supposed bureaucratic failure can provide a means to investigate the relationship between government, state, and society across the entire monarchy.<\/p>\n\n\n\n<p>Rachel Trode is a PhD researcher at the European University Institute. Her thesis examines the nature of late Habsburg rule in Bosnia and Herzegovina.\u00a0<\/p>\n\n\n\n<hr class=\"wp-block-separator\"\/>\n\n\n\n<p>05.04.2022 13:00 &#8211; 14:00<\/p>\n\n\n\n<hr class=\"wp-block-separator\"\/>\n\n\n\n<p>VeranstalterIn<\/p>\n\n\n\n<p>Zentrum f\u00fcr S\u00fcdosteuropastudien, SOEGA &amp; S\u00fcdosteuropa-Gesellschaft<\/p>\n\n\n\n<hr class=\"wp-block-separator\"\/>\n\n\n\n<p>Veranstaltungsort:<\/p>\n\n\n\n<p>Ort: HS 04.01 &#8211; Universit\u00e4tsplatz 4, EG<\/p>\n\n\n\n<hr class=\"wp-block-separator\"\/>\n\n\n\n<p><a href=\"https:\/\/suedosteuropa.uni-graz.at\/de\/veranstaltungen\/detail\/article\/brownbag-governance-and-administrative-practice-in-habsburg-bosnia-and-herzegovina.-the-strike-of-1906-in-ljubuski.\/\">https:\/\/suedosteuropa.uni-graz.at\/de\/veranstaltungen\/detail\/article\/brownbag-governance-and-administrative-practice-in-habsburg-bosnia-and-herzegovina.-the-strike-of-1906-in-ljubuski.\/<\/a><\/p>\n\n\n\n<hr class=\"wp-block-separator\"\/>\n","protected":false},"excerpt":{"rendered":"","protected":false},"author":2,"featured_media":30721,"comment_status":"open","ping_status":"open","sticky":false,"template":"","format":"standard","meta":{"_acf_changed":false,"_jetpack_newsletter_access":"","_jetpack_dont_email_post_to_subs":false,"_jetpack_newsletter_tier_id":0,"_jetpack_memberships_contains_paywalled_content":false,"_jetpack_memberships_contains_paid_content":false,"footnotes":"","jetpack_publicize_message":"","jetpack_publicize_feature_enabled":true,"jetpack_social_post_already_shared":true,"jetpack_social_options":{"image_generator_settings":{"template":"highway","default_image_id":0,"font":"","enabled":false},"version":2},"jetpack_post_was_ever_published":false},"categories":[3],"tags":[],"class_list":["post-30720","post","type-post","status-publish","format-standard","has-post-thumbnail","hentry","category-novosti"],"acf":{"facebook_opis":""},"jetpack_publicize_connections":[],"jetpack_featured_media_url":"https:\/\/i0.wp.com\/historiografija.hr\/wp-content\/uploads\/2022\/04\/csm_BB_Rachel.jpeg?fit=282%2C140&ssl=1","jetpack_sharing_enabled":true,"jetpack-related-posts":[{"id":54292,"url":"https:\/\/historiografija.hr\/?p=54292","url_meta":{"origin":30720,"position":0},"title":"Eliot Short, &#8220;Building a Multiethnic Military in Post-Yugoslav Bosnia and Herzegovina&#8221;","author":"Branimir Jankovi\u0107","date":"24. lipnja 2026.","format":false,"excerpt":"U velja\u010di 2022. godine izdana je knjiga Building a Multiethnic Military in Post-Yugoslav Bosnia and Herzegovina autora Eliota Shorta u kojoj istra\u017euje razvoj multietni\u010dkih Oru\u017eanih snaga Bosne i Hercegovine nakon zavr\u0161etka rata te njihovu ulogu u osiguravanju stabilnosti dr\u017eave.\u00a0 O knjizi: On 1 January 2006, soldiers from across Bosnia and\u2026","rel":"","context":"U &quot;Knjige&quot;","block_context":{"text":"Knjige","link":"https:\/\/historiografija.hr\/?cat=8"},"img":{"alt_text":"","src":"https:\/\/i0.wp.com\/historiografija.hr\/wp-content\/uploads\/2026\/06\/Building-a-Multiethnic-Military.jpg?fit=800%2C1200&ssl=1&resize=350%2C200","width":350,"height":200,"srcset":"https:\/\/i0.wp.com\/historiografija.hr\/wp-content\/uploads\/2026\/06\/Building-a-Multiethnic-Military.jpg?fit=800%2C1200&ssl=1&resize=350%2C200 1x, https:\/\/i0.wp.com\/historiografija.hr\/wp-content\/uploads\/2026\/06\/Building-a-Multiethnic-Military.jpg?fit=800%2C1200&ssl=1&resize=525%2C300 1.5x, https:\/\/i0.wp.com\/historiografija.hr\/wp-content\/uploads\/2026\/06\/Building-a-Multiethnic-Military.jpg?fit=800%2C1200&ssl=1&resize=700%2C400 2x"},"classes":[]},{"id":54767,"url":"https:\/\/historiografija.hr\/?p=54767","url_meta":{"origin":30720,"position":1},"title":"Philipp Ther: The Sound of Habsburg \/ Der Klang der Monarchie. A Musical History of the Austro-Hungarian Empire","author":"Branimir Jankovi\u0107","date":"23. srpnja 2026.","format":false,"excerpt":"A fascinating history of the Austro-Hungarian Empire told through the prism of the music it created and was shaped by From the late 18th century onwards, the Habsburg Monarchy was on the decline internationally, and internally was riven by conflict. But time and again, the Habsburgs rallied together, survived the\u2026","rel":"","context":"U &quot;Knjige&quot;","block_context":{"text":"Knjige","link":"https:\/\/historiografija.hr\/?cat=8"},"img":{"alt_text":"","src":"https:\/\/i0.wp.com\/historiografija.hr\/wp-content\/uploads\/2026\/07\/the-sound-of-habsburg.webp?fit=400%2C635&ssl=1&resize=350%2C200","width":350,"height":200},"classes":[]},{"id":53712,"url":"https:\/\/historiografija.hr\/?p=53712","url_meta":{"origin":30720,"position":2},"title":"INVITATION TO A SERIES OF SHORT LECTURES ENTITLED BEYOND PASTORAL CARE: CLERGY, SOCIETY, AND POPULAR AGENCY IN THE LATE HABSBURG EMPIRE","author":"Branimir Jankovi\u0107","date":"25. svibnja 2026.","format":false,"excerpt":"You are kindly invited to a series of short lectures entitled Beyond Pastoral Care: Clergy, Society, and Popular Agency in the Late Habsburg Empire, which will take place on Tuesday, 26 May 2026, from 11:00 to 13:00 at the Institute of Contemporary History. The event will feature a lecture by\u2026","rel":"","context":"U &quot;Novosti&quot;","block_context":{"text":"Novosti","link":"https:\/\/historiografija.hr\/?cat=3"},"img":{"alt_text":"","src":"https:\/\/i0.wp.com\/historiografija.hr\/wp-content\/uploads\/2026\/05\/Clergy-2.png?fit=1090%2C615&ssl=1&resize=350%2C200","width":350,"height":200,"srcset":"https:\/\/i0.wp.com\/historiografija.hr\/wp-content\/uploads\/2026\/05\/Clergy-2.png?fit=1090%2C615&ssl=1&resize=350%2C200 1x, https:\/\/i0.wp.com\/historiografija.hr\/wp-content\/uploads\/2026\/05\/Clergy-2.png?fit=1090%2C615&ssl=1&resize=525%2C300 1.5x, https:\/\/i0.wp.com\/historiografija.hr\/wp-content\/uploads\/2026\/05\/Clergy-2.png?fit=1090%2C615&ssl=1&resize=700%2C400 2x, https:\/\/i0.wp.com\/historiografija.hr\/wp-content\/uploads\/2026\/05\/Clergy-2.png?fit=1090%2C615&ssl=1&resize=1050%2C600 3x"},"classes":[]},{"id":54169,"url":"https:\/\/historiografija.hr\/?p=54169","url_meta":{"origin":30720,"position":3},"title":"Women, Nationalism, and Social Networks in the Habsburg Monarchy, 1848\u20131918","author":"Branimir Jankovi\u0107","date":"18. lipnja 2026.","format":false,"excerpt":"Edited by Marta Verginella Purdue University Press Series: Central European Studies 258 Pages Published 2023 Women, Nationalism, and Social Networks in the Habsburg Monarchy, 1848\u20131918 focuses on the lives of women in Southeastern Europe during the nineteenth and twentieth centuries, exploring the intersection of gender and nationalism. By looking at\u2026","rel":"","context":"U &quot;Knjige&quot;","block_context":{"text":"Knjige","link":"https:\/\/historiografija.hr\/?cat=8"},"img":{"alt_text":"","src":"https:\/\/historiografija.hr\/wp-content\/uploads\/2026\/06\/Verginella.avif","width":350,"height":200,"srcset":"https:\/\/historiografija.hr\/wp-content\/uploads\/2026\/06\/Verginella.avif 1x, https:\/\/historiografija.hr\/wp-content\/uploads\/2026\/06\/Verginella.avif 1.5x"},"classes":[]},{"id":54476,"url":"https:\/\/historiografija.hr\/?p=54476","url_meta":{"origin":30720,"position":4},"title":"Predavanje Senne \u0160imek &#8220;Croatian Government Responses to ICTY Judgments on Bosnia and Herzegovina: Continuity or Change?&#8221; u Berlinu","author":"Branimir Jankovi\u0107","date":"6. srpnja 2026.","format":false,"excerpt":"U sklopu kolokvija \"Themen, Theorien und Forschungsans\u00e4tze in der Geschichte Mittel-\/S\u00fcdosteuropas\" (TTF) koji se odr\u017eava na\u00a0Katedri za povijest jugoisto\u010dne Europe (Chair for Southeast European History) u okviru Odsjeka za povijest Humboldtovog sveu\u010dili\u0161ta u Berlinu, u srijedu, 8. srpnja 2026. u 12:15, doktorandica na doktorskom studiju Moderna i suvremena hrvatska povijest\u2026","rel":"","context":"U &quot;Novosti&quot;","block_context":{"text":"Novosti","link":"https:\/\/historiografija.hr\/?cat=3"},"img":{"alt_text":"","src":"https:\/\/i0.wp.com\/historiografija.hr\/wp-content\/uploads\/2017\/07\/Huberlin-logo_svg.png?fit=1024%2C1024&ssl=1&resize=350%2C200","width":350,"height":200,"srcset":"https:\/\/i0.wp.com\/historiografija.hr\/wp-content\/uploads\/2017\/07\/Huberlin-logo_svg.png?fit=1024%2C1024&ssl=1&resize=350%2C200 1x, https:\/\/i0.wp.com\/historiografija.hr\/wp-content\/uploads\/2017\/07\/Huberlin-logo_svg.png?fit=1024%2C1024&ssl=1&resize=525%2C300 1.5x, https:\/\/i0.wp.com\/historiografija.hr\/wp-content\/uploads\/2017\/07\/Huberlin-logo_svg.png?fit=1024%2C1024&ssl=1&resize=700%2C400 2x"},"classes":[]},{"id":54276,"url":"https:\/\/historiografija.hr\/?p=54276","url_meta":{"origin":30720,"position":5},"title":"Rok Stergar, Vaclav Smidrkal (eds), &#8220;Nourishing Victory: Food Shortages and Post-Imperial Transition in the Bohemian Lands and Slovenia&#8221;","author":"Branimir Jankovi\u0107","date":"23. lipnja 2026.","format":false,"excerpt":"The aggravating food shortage was the central internal crisis in Habsburg Austria during the First World War and posed a major challenge to the consolidation of the successor states. Nourishing Victory offers a fresh comparative perspective on food and the collapse and rebuilding of political legitimacy from the regional vantage\u2026","rel":"","context":"U &quot;Knjige&quot;","block_context":{"text":"Knjige","link":"https:\/\/historiografija.hr\/?cat=8"},"img":{"alt_text":"","src":"https:\/\/i0.wp.com\/historiografija.hr\/wp-content\/uploads\/2026\/06\/Victory-book.jpg?fit=1200%2C652&ssl=1&resize=350%2C200","width":350,"height":200,"srcset":"https:\/\/i0.wp.com\/historiografija.hr\/wp-content\/uploads\/2026\/06\/Victory-book.jpg?fit=1200%2C652&ssl=1&resize=350%2C200 1x, https:\/\/i0.wp.com\/historiografija.hr\/wp-content\/uploads\/2026\/06\/Victory-book.jpg?fit=1200%2C652&ssl=1&resize=525%2C300 1.5x, https:\/\/i0.wp.com\/historiografija.hr\/wp-content\/uploads\/2026\/06\/Victory-book.jpg?fit=1200%2C652&ssl=1&resize=700%2C400 2x, https:\/\/i0.wp.com\/historiografija.hr\/wp-content\/uploads\/2026\/06\/Victory-book.jpg?fit=1200%2C652&ssl=1&resize=1050%2C600 3x"},"classes":[]}],"_links":{"self":[{"href":"https:\/\/historiografija.hr\/index.php?rest_route=\/wp\/v2\/posts\/30720","targetHints":{"allow":["GET"]}}],"collection":[{"href":"https:\/\/historiografija.hr\/index.php?rest_route=\/wp\/v2\/posts"}],"about":[{"href":"https:\/\/historiografija.hr\/index.php?rest_route=\/wp\/v2\/types\/post"}],"author":[{"embeddable":true,"href":"https:\/\/historiografija.hr\/index.php?rest_route=\/wp\/v2\/users\/2"}],"replies":[{"embeddable":true,"href":"https:\/\/historiografija.hr\/index.php?rest_route=%2Fwp%2Fv2%2Fcomments&post=30720"}],"version-history":[{"count":1,"href":"https:\/\/historiografija.hr\/index.php?rest_route=\/wp\/v2\/posts\/30720\/revisions"}],"predecessor-version":[{"id":30722,"href":"https:\/\/historiografija.hr\/index.php?rest_route=\/wp\/v2\/posts\/30720\/revisions\/30722"}],"wp:featuredmedia":[{"embeddable":true,"href":"https:\/\/historiografija.hr\/index.php?rest_route=\/wp\/v2\/media\/30721"}],"wp:attachment":[{"href":"https:\/\/historiografija.hr\/index.php?rest_route=%2Fwp%2Fv2%2Fmedia&parent=30720"}],"wp:term":[{"taxonomy":"category","embeddable":true,"href":"https:\/\/historiografija.hr\/index.php?rest_route=%2Fwp%2Fv2%2Fcategories&post=30720"},{"taxonomy":"post_tag","embeddable":true,"href":"https:\/\/historiografija.hr\/index.php?rest_route=%2Fwp%2Fv2%2Ftags&post=30720"}],"curies":[{"name":"wp","href":"https:\/\/api.w.org\/{rel}","templated":true}]}}