{"id":30713,"date":"2022-04-01T20:56:38","date_gmt":"2022-04-01T20:56:38","guid":{"rendered":"http:\/\/historiografija.hr\/?p=30713"},"modified":"2022-04-01T21:02:26","modified_gmt":"2022-04-01T21:02:26","slug":"konferencija-novinarstvo-kao-prvi-nacrt-historije-u-sarajevu","status":"publish","type":"post","link":"https:\/\/historiografija.hr\/?p=30713","title":{"rendered":"Konferencija \u201eNovinarstvo kao prvi nacrt historije\u201c u Sarajevu"},"content":{"rendered":"\n<p><strong>Media Cetar<\/strong> iz Sarajeva organizira konferenciju \u201eNovinarstvo kao prvi nacrt historije\u201c. Konferencija \u0107e biti podijeljena u nekoliko panela. U panelu \u201eIskustvo ratnog izvje\u0161tavanja iz BiH i regije\u201c, koji \u0107e moderirati Boro Konti\u0107, diskusija \u0107e se fokusirati na odr\u017eavanje profesionalnih medijskih standarda u ratnom okru\u017eenju i novinarske objektivnosti tokom izvje\u0161tavanja krozkonkretne primjere iskustva novinara\/ki i njihove motivacije. Sudjelovat \u0107e Aida \u010cerkez-Robinson, Drago Hedl, Mehmed Halilovi\u0107, Mehmed Agovi\u0107 i Senad Pe\u0107anin. Panel \u201eMediji kao dokaz pred sudom\u201c, koga \u0107e moderirati Du\u0161ka Juri\u0161i\u0107, \u0107e biti posve\u0107en medijskim izvje\u0161tajima doma\u0107ih i stranih dopisnika koji su predstavljali zna\u010dajan dokazni materijal u procesima pred Ha\u0161kim tribunalom. Kako se mediji koriste na sudu, koja je vrijednost medija kao dokaza i kako se mediji koriste u historiografiji? U panelu \u0107e sudjelovati Rada Peji\u0107-Sremac, Husnija Kamberovi\u0107, Senka No\u017eica, Miralem Smajlovi\u0107 i Dragan Golubovi\u0107.<\/p>\n\n\n\n<p>U panelu \u201eNovinari i novinarke kao svjedoci pred Ha\u0161kim tribunalom\u201c novinari koji su svjedo\u010dili pred Tribunalom razgovarat \u0107e o svojoj odluci da svjedo\u010de, pripremama za svjedo\u010denje, reakcijama profesionalne zajednice te dilemama koje su imali. Moderator: Tihomir Loza, a sudjeluju Antony Birtley, Alija Lizde, Florence Hartmann, Jacky Rowland, Sead Omeragi\u0107 i Zlatko Dizdarevi\u0107.<\/p>\n\n\n\n<p>Konferencija \u0107e se odr\u017eati 4. aprila 2022. u hotelu Europa (sala Atrium) u Sarajevu, od 10:00 do 16:00 sati.<\/p>\n\n\n\n<p>Program konferencija dostupan <a rel=\"noreferrer noopener\" href=\"https:\/\/historiografija.ba\/assets\/documents\/Mediji%20dokazi_AGENDA%20web.pdf\" target=\"_blank\">ovdje<\/a>.<\/p>\n\n\n\n<hr class=\"wp-block-separator\"\/>\n\n\n\n<p>Preneseno s portala <strong>Historiografija.ba<\/strong>:<\/p>\n\n\n\n<p><a href=\"https:\/\/historiografija.ba\/article.php?id=1182\">https:\/\/historiografija.ba\/article.php?id=1182<\/a><\/p>\n\n\n\n<hr class=\"wp-block-separator\"\/>\n","protected":false},"excerpt":{"rendered":"","protected":false},"author":2,"featured_media":30714,"comment_status":"open","ping_status":"open","sticky":false,"template":"","format":"standard","meta":{"_acf_changed":false,"jetpack_post_was_ever_published":false,"_jetpack_newsletter_access":"","_jetpack_dont_email_post_to_subs":false,"_jetpack_newsletter_tier_id":0,"_jetpack_memberships_contains_paywalled_content":false,"_jetpack_memberships_contains_paid_content":false,"footnotes":"","jetpack_publicize_message":"","jetpack_publicize_feature_enabled":true,"jetpack_social_post_already_shared":true,"jetpack_social_options":{"image_generator_settings":{"template":"highway","default_image_id":0,"font":"","enabled":false},"version":2}},"categories":[3,9],"tags":[],"class_list":["post-30713","post","type-post","status-publish","format-standard","has-post-thumbnail","hentry","category-novosti","category-skupovi"],"acf":{"facebook_opis":""},"jetpack_publicize_connections":[],"jetpack_featured_media_url":"https:\/\/i0.wp.com\/historiografija.hr\/wp-content\/uploads\/2022\/04\/Mediji-dokazi_AGENDA.jpg?fit=450%2C637&ssl=1","jetpack_sharing_enabled":true,"jetpack-related-posts":[],"_links":{"self":[{"href":"https:\/\/historiografija.hr\/index.php?rest_route=\/wp\/v2\/posts\/30713","targetHints":{"allow":["GET"]}}],"collection":[{"href":"https:\/\/historiografija.hr\/index.php?rest_route=\/wp\/v2\/posts"}],"about":[{"href":"https:\/\/historiografija.hr\/index.php?rest_route=\/wp\/v2\/types\/post"}],"author":[{"embeddable":true,"href":"https:\/\/historiografija.hr\/index.php?rest_route=\/wp\/v2\/users\/2"}],"replies":[{"embeddable":true,"href":"https:\/\/historiografija.hr\/index.php?rest_route=%2Fwp%2Fv2%2Fcomments&post=30713"}],"version-history":[{"count":2,"href":"https:\/\/historiografija.hr\/index.php?rest_route=\/wp\/v2\/posts\/30713\/revisions"}],"predecessor-version":[{"id":30716,"href":"https:\/\/historiografija.hr\/index.php?rest_route=\/wp\/v2\/posts\/30713\/revisions\/30716"}],"wp:featuredmedia":[{"embeddable":true,"href":"https:\/\/historiografija.hr\/index.php?rest_route=\/wp\/v2\/media\/30714"}],"wp:attachment":[{"href":"https:\/\/historiografija.hr\/index.php?rest_route=%2Fwp%2Fv2%2Fmedia&parent=30713"}],"wp:term":[{"taxonomy":"category","embeddable":true,"href":"https:\/\/historiografija.hr\/index.php?rest_route=%2Fwp%2Fv2%2Fcategories&post=30713"},{"taxonomy":"post_tag","embeddable":true,"href":"https:\/\/historiografija.hr\/index.php?rest_route=%2Fwp%2Fv2%2Ftags&post=30713"}],"curies":[{"name":"wp","href":"https:\/\/api.w.org\/{rel}","templated":true}]}}