{"id":30706,"date":"2022-04-01T20:41:19","date_gmt":"2022-04-01T20:41:19","guid":{"rendered":"http:\/\/historiografija.hr\/?p=30706"},"modified":"2022-04-01T20:42:28","modified_gmt":"2022-04-01T20:42:28","slug":"mjesec-zena-i-zenske-povijesti-u-digitalnim-susretima","status":"publish","type":"post","link":"https:\/\/historiografija.hr\/?p=30706","title":{"rendered":"Mjesec \u017eena i \u017eenske povijesti u \u2018Digitalnim susretima\u2019"},"content":{"rendered":"\n<p>U mjesecu \u017eena i \u017eenske povijesti, \u2018Digitalni susreti\u2019 Umjetni\u010dke organizacije Istra Film donose nagra\u0111ivane dokumentarce o prkosnim i hrabrim \u017eenama te ostvarenja \u017eenskih filmskih autorica me\u0111u kojima i jedan interaktivni film. Svima zainteresiranima omogu\u0107eno je besplatno online gledanje gotovo pedeset filmova raznovrsnih tema iz zemlje i svijeta!<\/p>\n\n\n\n<p>Filmovima se mo\u017ee pristupiti putem linka: <strong><a href=\"https:\/\/istrafilm.hr\/digitalni-susreti\/\">https:\/\/istrafilm.hr\/digitalni-susreti\/<\/a>.<\/strong><br>\u00a0<br>\u2018\u2019Iskreno Va\u0161a, Lois Weber\u2019\u2019 petominutni je film redateljice hrvatskih korijena Svetlane Cvetko koji govori o jednoj od prvih filmskih redateljica, Lois Weber. Iako je bila najbolje pla\u0107ena redateljica Universal studija 1916. godine, danas se njezino ime rijetko spominje u raspravama o pionirima filmske umjetnosti. Lois Weber bila je progresivna, kontroverzna, a njezine su ideje moderne i u dana\u0161nje vrijeme. Film \u010diju produkciju potpisuje holivudska glumica Elizabeth Banks osvojio je nagradu za najbolji dokumentarni film na festivalu LA Shorts.<br>\u00a0<br>Film \u2018\u2019Vratite mi moju zemlju\u2019\u2019 vodi nas kroz posljednja desetlje\u0107a afganistanske povijesti, kako bismo razumjeli put nacije od zlatne ere do pakla rata. Da bi ispri\u010dao ovu pri\u010du, film se oslanja na jedinstven odabir arhivskih snimaka i intimna svjedo\u010denja \u0161est \u017eenskih protagonistica razli\u010ditih generacija i porijekla, \u010dije sudbine odra\u017eavaju bijedu i nade mnogih Afganistanaca. Film je osvojio nagradu publike History Film Festivala 2021. godine.<br>\u00a0<br>Obilje\u017eavaju\u0107i stogodi\u0161njicu \u017eenskog prava glasa a u Njema\u010dkoj i Austriji film \u2018\u2019Prkos: Tri \u017eene i pravo glasa\u2019\u2019 austrijske redateljice Beate Thalberg prati dug i stjenovit put do uspjeha kroz \u017eivote tri hrabre \u017eene koje su prekinule tradiciju stvaranjem boljeg i ravnopravnijeg dru\u0161tva. Clara Zetkin u Njema\u010dkoj i austrijska feministica Adelheid Popp najpoznatije su predvodnice radni\u010dkog pokreta, a Hildegard Burjan \u2013 poznata po svom neumornom socijalnom radu u Austriji \u2013 ro\u0111ena je u liberalnoj obitelji srednje klase u Njema\u010dkoj. Da bi ostvarile \u017eenska prava i ravnopravnost spolova, ove tri pionirke bile su spremne riskirati svoj \u017eivot i budu\u0107nost, kao i svoj ugled.<br>\u00a0<br>Uz ove naslove, mogu se pogledati jo\u0161 dokumentarni film \u2018\u2019Golda\u2019\u2019 utemeljen na intimnom razgovoru s kontroverznom izraelskom premijerkom Goldom Meir, \u2018\u2019\u0160to se dogodilo s Rosemary Kennedy?\u2019\u2019 koji otkriva najmra\u010dniju tajnu obitelji Kennedy, kratkometra\u017eni \u2018\u2019Crno&amp;Bijelo\u2019\u2019, \u2018\u2019Toni Morrison, Black Matter(s)\u2019\u2019 koji kroz djela slavne knji\u017eevnice govori o aktualnoj borbi za rasnu ravnopravnost te \u2018\u2019Kani Spi \u2013 Bijeli izvor\u2019\u2019 koji prati tragi\u010dna svjedo\u010danstva \u017eena otetih i teroriziranih od vojnika ISIL-a.<br>\u00a0<br>Uz dokumentarne filmove publika mo\u017ee pogledati interaktivni film \u2018\u2019Odluka\u2019\u2019 redateljice Branke Be\u0161evi\u0107 Gaji\u0107. Film se u digitalnom mediju bavi se uzrocima i posljedicama partnerskog nasilja. \u2018\u2019Odluka\u2019\u2019 je u izvornoj verziji prvi interaktivni film na Balkanu koji se bavi problemima partnerskog nasilja.<br>\u00a0<br>Filmovi u programu Digitalnih susreta otkrivaju nepoznate pri\u010de o poznati \u017eenama te rasvjetljavaju pozadinu borbe za rodnu i rasnu ravnopravnost istovremeno progovaraju\u0107i o izazovima s kojima se \u017eene i danas diljem svijeta susre\u0107u. Svi ovi filmovi posve\u0107eni su hrabrim i sna\u017enim \u017eenama \u010dijim putevima danas, \u010desto ne znaju\u0107i, kro\u010dimo. One nisu samo heroine s kojima se lako mo\u017eemo poistovjetiti; stotinu godina kasnije one su jo\u0161 uvijek inspiracija \u017eenama diljem svijeta.<br><br>&#8216;Digitalni susreti&#8217; omogu\u0107eni su uz potporu Ministarstva kulture i medija Republike Hrvatske u sklopu Programa razvoja novih kulturnih i edukativnih sadr\u017eaja i digitalne prilagodbe.<\/p>\n\n\n\n<hr class=\"wp-block-separator\"\/>\n\n\n\n<p>Izvor:<\/p>\n\n\n\n<p><a href=\"https:\/\/www.culturenet.hr\/hr\/mjesec-zena-i-zenske-povijesti-u-digitalnim-susretima\/178216\">https:\/\/www.culturenet.hr\/hr\/mjesec-zena-i-zenske-povijesti-u-digitalnim-susretima\/178216<\/a><\/p>\n\n\n\n<hr class=\"wp-block-separator\"\/>\n","protected":false},"excerpt":{"rendered":"","protected":false},"author":2,"featured_media":30707,"comment_status":"open","ping_status":"open","sticky":false,"template":"","format":"standard","meta":{"_acf_changed":false,"jetpack_post_was_ever_published":false,"_jetpack_newsletter_access":"","_jetpack_dont_email_post_to_subs":false,"_jetpack_newsletter_tier_id":0,"_jetpack_memberships_contains_paywalled_content":false,"_jetpack_memberships_contains_paid_content":false,"footnotes":"","jetpack_publicize_message":"","jetpack_publicize_feature_enabled":true,"jetpack_social_post_already_shared":true,"jetpack_social_options":{"image_generator_settings":{"template":"highway","default_image_id":0,"font":"","enabled":false},"version":2}},"categories":[13,3],"tags":[],"class_list":["post-30706","post","type-post","status-publish","format-standard","has-post-thumbnail","hentry","category-filmovi-i-serije","category-novosti"],"acf":{"facebook_opis":""},"jetpack_publicize_connections":[],"jetpack_featured_media_url":"https:\/\/i0.wp.com\/historiografija.hr\/wp-content\/uploads\/2022\/04\/Digi-2.jpg?fit=750%2C500&ssl=1","jetpack_sharing_enabled":true,"jetpack-related-posts":[],"_links":{"self":[{"href":"https:\/\/historiografija.hr\/index.php?rest_route=\/wp\/v2\/posts\/30706","targetHints":{"allow":["GET"]}}],"collection":[{"href":"https:\/\/historiografija.hr\/index.php?rest_route=\/wp\/v2\/posts"}],"about":[{"href":"https:\/\/historiografija.hr\/index.php?rest_route=\/wp\/v2\/types\/post"}],"author":[{"embeddable":true,"href":"https:\/\/historiografija.hr\/index.php?rest_route=\/wp\/v2\/users\/2"}],"replies":[{"embeddable":true,"href":"https:\/\/historiografija.hr\/index.php?rest_route=%2Fwp%2Fv2%2Fcomments&post=30706"}],"version-history":[{"count":2,"href":"https:\/\/historiografija.hr\/index.php?rest_route=\/wp\/v2\/posts\/30706\/revisions"}],"predecessor-version":[{"id":30709,"href":"https:\/\/historiografija.hr\/index.php?rest_route=\/wp\/v2\/posts\/30706\/revisions\/30709"}],"wp:featuredmedia":[{"embeddable":true,"href":"https:\/\/historiografija.hr\/index.php?rest_route=\/wp\/v2\/media\/30707"}],"wp:attachment":[{"href":"https:\/\/historiografija.hr\/index.php?rest_route=%2Fwp%2Fv2%2Fmedia&parent=30706"}],"wp:term":[{"taxonomy":"category","embeddable":true,"href":"https:\/\/historiografija.hr\/index.php?rest_route=%2Fwp%2Fv2%2Fcategories&post=30706"},{"taxonomy":"post_tag","embeddable":true,"href":"https:\/\/historiografija.hr\/index.php?rest_route=%2Fwp%2Fv2%2Ftags&post=30706"}],"curies":[{"name":"wp","href":"https:\/\/api.w.org\/{rel}","templated":true}]}}