{"id":30685,"date":"2022-03-31T14:56:22","date_gmt":"2022-03-31T14:56:22","guid":{"rendered":"http:\/\/historiografija.hr\/?p=30685"},"modified":"2022-03-31T14:59:06","modified_gmt":"2022-03-31T14:59:06","slug":"radionica-koncept-drustvenih-mreza-i-istrazivanje-hrvatskog-srednjovjekovlja","status":"publish","type":"post","link":"https:\/\/historiografija.hr\/?p=30685","title":{"rendered":"Radionica &#8220;Koncept dru\u0161tvenih mre\u017ea i istra\u017eivanje hrvatskog srednjovjekovlja&#8221;"},"content":{"rendered":"\n<p>U petak, 1. travnja 2022. u 9h odr\u017eat \u0107e se radionica pod temom &#8220;Koncept dru\u0161tvenih mre\u017ea i istra\u017eivanje hrvatskog srednjovjekovlja&#8221; u sklopu projekta \u201eAn\u017euvinski archiregnum u srednjoisto\u010dnoj i jugoisto\u010dnoj Europi u 14. stolje\u0107u: pogled s periferije\u201c kojeg vodi prof. dr. Mladen An\u010di\u0107, a koji je financiran od strane Hrvatske zaklade za znanost. Radionicu \u0107e, pored voditelja projekta, voditi i izv. prof. dr. sc. Ivan Majnari\u0107 te doc. dr. sc. Antun Neki\u0107. Radionica je usmjerena na studentsku populaciju, pa \u0107e na njoj sudjelovati studenti Odjela za povijest Sveu\u010dili\u0161ta u Zadru i Odjela za povijest Hrvatskog katoli\u010dkog sveu\u010dili\u0161ta, a radionica \u0107e se odr\u017eati online, putem programa MS Teams.<\/p>\n\n\n\n<hr class=\"wp-block-separator\"\/>\n\n\n\n<p>Izvor:<\/p>\n\n\n\n<p><a href=\"https:\/\/povijest.unizd.hr\/obavijesti\/view\/radionica-koncept-drustvenih-mreza-i-istrazivanje-hrvatskog-srednjovjekovlja\">https:\/\/povijest.unizd.hr\/obavijesti\/view\/radionica-koncept-drustvenih-mreza-i-istrazivanje-hrvatskog-srednjovjekovlja<\/a><\/p>\n\n\n\n<hr class=\"wp-block-separator\"\/>\n","protected":false},"excerpt":{"rendered":"","protected":false},"author":2,"featured_media":18056,"comment_status":"open","ping_status":"open","sticky":false,"template":"","format":"standard","meta":{"_acf_changed":false,"jetpack_post_was_ever_published":false,"_jetpack_newsletter_access":"","_jetpack_dont_email_post_to_subs":false,"_jetpack_newsletter_tier_id":0,"_jetpack_memberships_contains_paywalled_content":false,"_jetpack_memberships_contains_paid_content":false,"footnotes":"","jetpack_publicize_message":"","jetpack_publicize_feature_enabled":true,"jetpack_social_post_already_shared":true,"jetpack_social_options":{"image_generator_settings":{"template":"highway","default_image_id":0,"font":"","enabled":false},"version":2}},"categories":[3,9],"tags":[],"class_list":["post-30685","post","type-post","status-publish","format-standard","has-post-thumbnail","hentry","category-novosti","category-skupovi"],"acf":{"facebook_opis":""},"jetpack_publicize_connections":[],"jetpack_featured_media_url":"https:\/\/i0.wp.com\/historiografija.hr\/wp-content\/uploads\/2019\/12\/HRZZ.jpg?fit=800%2C333&ssl=1","jetpack_sharing_enabled":true,"jetpack-related-posts":[],"_links":{"self":[{"href":"https:\/\/historiografija.hr\/index.php?rest_route=\/wp\/v2\/posts\/30685","targetHints":{"allow":["GET"]}}],"collection":[{"href":"https:\/\/historiografija.hr\/index.php?rest_route=\/wp\/v2\/posts"}],"about":[{"href":"https:\/\/historiografija.hr\/index.php?rest_route=\/wp\/v2\/types\/post"}],"author":[{"embeddable":true,"href":"https:\/\/historiografija.hr\/index.php?rest_route=\/wp\/v2\/users\/2"}],"replies":[{"embeddable":true,"href":"https:\/\/historiografija.hr\/index.php?rest_route=%2Fwp%2Fv2%2Fcomments&post=30685"}],"version-history":[{"count":2,"href":"https:\/\/historiografija.hr\/index.php?rest_route=\/wp\/v2\/posts\/30685\/revisions"}],"predecessor-version":[{"id":30687,"href":"https:\/\/historiografija.hr\/index.php?rest_route=\/wp\/v2\/posts\/30685\/revisions\/30687"}],"wp:featuredmedia":[{"embeddable":true,"href":"https:\/\/historiografija.hr\/index.php?rest_route=\/wp\/v2\/media\/18056"}],"wp:attachment":[{"href":"https:\/\/historiografija.hr\/index.php?rest_route=%2Fwp%2Fv2%2Fmedia&parent=30685"}],"wp:term":[{"taxonomy":"category","embeddable":true,"href":"https:\/\/historiografija.hr\/index.php?rest_route=%2Fwp%2Fv2%2Fcategories&post=30685"},{"taxonomy":"post_tag","embeddable":true,"href":"https:\/\/historiografija.hr\/index.php?rest_route=%2Fwp%2Fv2%2Ftags&post=30685"}],"curies":[{"name":"wp","href":"https:\/\/api.w.org\/{rel}","templated":true}]}}