{"id":30663,"date":"2022-03-30T20:01:33","date_gmt":"2022-03-30T20:01:33","guid":{"rendered":"http:\/\/historiografija.hr\/?p=30663"},"modified":"2022-03-30T20:09:26","modified_gmt":"2022-03-30T20:09:26","slug":"ceu-press-provides-free-access-to-ten-of-its-titles-on-ukraine","status":"publish","type":"post","link":"https:\/\/historiografija.hr\/?p=30663","title":{"rendered":"CEU Press provides free access to ten of its titles on Ukraine"},"content":{"rendered":"\n<p>CEU Press is making its most pertinent titles on Ukraine and its neighbours freely available on the Project MUSE platform.<\/p>\n\n\n\n<p>How did the Russian Empire in the nineteenth and the early twentieth centuries try to \u201csolve\u201d the question of Ukraine? Can history explain the causes of the current military confrontation? Who are the Ukrainians of today?<\/p>\n\n\n\n<p>For a deeper look into the history of Ukraine and how it affects the present, you can read, download and share the eBooks following the links below:<\/p>\n\n\n\n<p><a href=\"https:\/\/ceupress.com\/article\/2022-03-01\/ceu-press-provides-free-access-ten-its-titles-ukraine\">https:\/\/ceupress.com\/article\/2022-03-01\/ceu-press-provides-free-access-ten-its-titles-ukraine<\/a><\/p>\n\n\n\n<hr class=\"wp-block-separator\"\/>\n\n\n\n<p>For more about these titles, you can find a summary here:<\/p>\n\n\n\n<p><a href=\"https:\/\/ceupress.com\/free-access-titles-ukraine\">https:\/\/ceupress.com\/free-access-titles-ukraine<\/a><\/p>\n\n\n\n<hr class=\"wp-block-separator\"\/>\n\n\n\n<p><strong>News<\/strong><\/p>\n\n\n\n<p>New open access title is available in the Opening the Future project<\/p>\n\n\n\n<p><strong>Memory Crash: Politics of History in and around Ukraine, 1980s\u20132010s<\/strong><\/p>\n\n\n\n<p><a href=\"https:\/\/ceupress.com\/article\/2022-03-01\/new-open-access-title-available-opening-future-project\">https:\/\/ceupress.com\/article\/2022-03-01\/new-open-access-title-available-opening-future-project<\/a><\/p>\n\n\n\n<hr class=\"wp-block-separator\"\/>\n","protected":false},"excerpt":{"rendered":"","protected":false},"author":2,"featured_media":30664,"comment_status":"open","ping_status":"open","sticky":false,"template":"","format":"standard","meta":{"_acf_changed":false,"_jetpack_newsletter_access":"","_jetpack_dont_email_post_to_subs":false,"_jetpack_newsletter_tier_id":0,"_jetpack_memberships_contains_paywalled_content":false,"_jetpack_memberships_contains_paid_content":false,"footnotes":"","jetpack_publicize_message":"","jetpack_publicize_feature_enabled":true,"jetpack_social_post_already_shared":true,"jetpack_social_options":{"image_generator_settings":{"template":"highway","default_image_id":0,"font":"","enabled":false},"version":2},"jetpack_post_was_ever_published":false},"categories":[19,3],"tags":[],"class_list":["post-30663","post","type-post","status-publish","format-standard","has-post-thumbnail","hentry","category-e-knjige","category-novosti"],"acf":{"facebook_opis":""},"jetpack_publicize_connections":[],"jetpack_featured_media_url":"https:\/\/i0.wp.com\/historiografija.hr\/wp-content\/uploads\/2022\/03\/CEU-Press.png?fit=480%2C480&ssl=1","jetpack_sharing_enabled":true,"jetpack-related-posts":[{"id":55072,"url":"https:\/\/historiografija.hr\/?p=55072","url_meta":{"origin":30663,"position":0},"title":"Victoria Khiterer, \u201eBitter War of Memory: The Babyn Yar Massacre, Aftermath, and Commemoration\u201c","author":"Branimir Jankovi\u0107","date":"25. kolovoza 2026.","format":false,"excerpt":"Bitter War of Memory: The Babyn Yar Massacre, Aftermath, and Commemoration\u00a0discusses the Holocaust in Kyiv and the efforts to memorialize the Babyn Yar massacre. Babyn Yar is one of the largest Holocaust sites in the Soviet Union and modern Ukraine, where the Nazis and their collaborators killed virtually all the\u2026","rel":"","context":"U &quot;Knjige&quot;","block_context":{"text":"Knjige","link":"https:\/\/historiografija.hr\/?cat=8"},"img":{"alt_text":"","src":"https:\/\/i0.wp.com\/historiografija.hr\/wp-content\/uploads\/2026\/08\/Bitter-War-of-Memory-2.jpg?fit=596%2C466&ssl=1&resize=350%2C200","width":350,"height":200,"srcset":"https:\/\/i0.wp.com\/historiografija.hr\/wp-content\/uploads\/2026\/08\/Bitter-War-of-Memory-2.jpg?fit=596%2C466&ssl=1&resize=350%2C200 1x, https:\/\/i0.wp.com\/historiografija.hr\/wp-content\/uploads\/2026\/08\/Bitter-War-of-Memory-2.jpg?fit=596%2C466&ssl=1&resize=525%2C300 1.5x"},"classes":[]},{"id":54351,"url":"https:\/\/historiografija.hr\/?p=54351","url_meta":{"origin":30663,"position":1},"title":"Conversations with Those Who Ask About War: Practices of Interviewing During Russia\u2019s Invasion of Ukraine","author":"Branimir Jankovi\u0107","date":"26. lipnja 2026.","format":false,"excerpt":"How can good practices be developed for collecting, preserving, and publishing eyewitness accounts of a war that is still ongoing? The contributions offer insights into specifics of interviewing witnesses of the first months of Russia\u2019s full-scale invasion of Ukraine. Each chapter introduces researchers and practitioners who began documenting the war\u2026","rel":"","context":"U &quot;E-knjige&quot;","block_context":{"text":"E-knjige","link":"https:\/\/historiografija.hr\/?cat=19"},"img":{"alt_text":"","src":"https:\/\/i0.wp.com\/historiografija.hr\/wp-content\/uploads\/2026\/06\/Conversations-War.jpg?fit=775%2C614&ssl=1&resize=350%2C200","width":350,"height":200,"srcset":"https:\/\/i0.wp.com\/historiografija.hr\/wp-content\/uploads\/2026\/06\/Conversations-War.jpg?fit=775%2C614&ssl=1&resize=350%2C200 1x, https:\/\/i0.wp.com\/historiografija.hr\/wp-content\/uploads\/2026\/06\/Conversations-War.jpg?fit=775%2C614&ssl=1&resize=525%2C300 1.5x, https:\/\/i0.wp.com\/historiografija.hr\/wp-content\/uploads\/2026\/06\/Conversations-War.jpg?fit=775%2C614&ssl=1&resize=700%2C400 2x"},"classes":[]},{"id":55062,"url":"https:\/\/historiografija.hr\/?p=55062","url_meta":{"origin":30663,"position":2},"title":"CfP: The Making of Solidarity: A\u00a0Conference on Eastern and Central European Dissidents, 1945-1991","author":"Branimir Jankovi\u0107","date":"24. kolovoza 2026.","format":false,"excerpt":"This open call invites proposals for an interdisciplinary conference on Eastern and Central European dissidence, solidarity, and anti-imperial thought. The Making of Solidarity: A\u00a0Conference on Eastern and Central European Dissidents, 1945-1991 16.-17. November 2026 A close reading of Ivan Dziuba\u2019s classic\u00a01965 essay Internationalism or Russification? offers a\u00a0useful lens through which\u2026","rel":"","context":"U &quot;Novosti&quot;","block_context":{"text":"Novosti","link":"https:\/\/historiografija.hr\/?cat=3"},"img":{"alt_text":"","src":"https:\/\/i0.wp.com\/historiografija.hr\/wp-content\/uploads\/2026\/08\/The-Making-of-Solidarity.png?fit=883%2C662&ssl=1&resize=350%2C200","width":350,"height":200,"srcset":"https:\/\/i0.wp.com\/historiografija.hr\/wp-content\/uploads\/2026\/08\/The-Making-of-Solidarity.png?fit=883%2C662&ssl=1&resize=350%2C200 1x, https:\/\/i0.wp.com\/historiografija.hr\/wp-content\/uploads\/2026\/08\/The-Making-of-Solidarity.png?fit=883%2C662&ssl=1&resize=525%2C300 1.5x, https:\/\/i0.wp.com\/historiografija.hr\/wp-content\/uploads\/2026\/08\/The-Making-of-Solidarity.png?fit=883%2C662&ssl=1&resize=700%2C400 2x"},"classes":[]},{"id":53742,"url":"https:\/\/historiografija.hr\/?p=53742","url_meta":{"origin":30663,"position":3},"title":"Javna predavanja &#8220;Kulturalna povijest kolektivnog stanovanja i komercijalni urbanizam&#8221;","author":"Branimir Jankovi\u0107","date":"26. svibnja 2026.","format":false,"excerpt":"U okviru ERC projekta Housing.Yu, Lea Horvat i Ivana Mihaela \u017dimbrek odr\u017eat \u0107e javna predavanja o kulturalnoj povijesti kolektivnog stanovanja i komercijalnom urbanizmu u petak, 29. svibnja 2026., u 13:00 sati na Arhitektonskom fakultetu u Zagrebu (Ka\u010di\u0107eva 26, 2. kat, soba 221). Lea HorvatKako nam kulturalna povijest poma\u017ee razumjeti kolektivno\u2026","rel":"","context":"U &quot;Novosti&quot;","block_context":{"text":"Novosti","link":"https:\/\/historiografija.hr\/?cat=3"},"img":{"alt_text":"","src":"https:\/\/i0.wp.com\/historiografija.hr\/wp-content\/uploads\/2026\/05\/erc-hyu-predavnje-ivana-zimbrek-1779202528.jpg?fit=900%2C563&ssl=1&resize=350%2C200","width":350,"height":200,"srcset":"https:\/\/i0.wp.com\/historiografija.hr\/wp-content\/uploads\/2026\/05\/erc-hyu-predavnje-ivana-zimbrek-1779202528.jpg?fit=900%2C563&ssl=1&resize=350%2C200 1x, https:\/\/i0.wp.com\/historiografija.hr\/wp-content\/uploads\/2026\/05\/erc-hyu-predavnje-ivana-zimbrek-1779202528.jpg?fit=900%2C563&ssl=1&resize=525%2C300 1.5x, https:\/\/i0.wp.com\/historiografija.hr\/wp-content\/uploads\/2026\/05\/erc-hyu-predavnje-ivana-zimbrek-1779202528.jpg?fit=900%2C563&ssl=1&resize=700%2C400 2x"},"classes":[]},{"id":54276,"url":"https:\/\/historiografija.hr\/?p=54276","url_meta":{"origin":30663,"position":4},"title":"Rok Stergar, Vaclav Smidrkal (eds), &#8220;Nourishing Victory: Food Shortages and Post-Imperial Transition in the Bohemian Lands and Slovenia&#8221;","author":"Branimir Jankovi\u0107","date":"23. lipnja 2026.","format":false,"excerpt":"The aggravating food shortage was the central internal crisis in Habsburg Austria during the First World War and posed a major challenge to the consolidation of the successor states. Nourishing Victory offers a fresh comparative perspective on food and the collapse and rebuilding of political legitimacy from the regional vantage\u2026","rel":"","context":"U &quot;Knjige&quot;","block_context":{"text":"Knjige","link":"https:\/\/historiografija.hr\/?cat=8"},"img":{"alt_text":"","src":"https:\/\/i0.wp.com\/historiografija.hr\/wp-content\/uploads\/2026\/06\/Victory-book.jpg?fit=1200%2C652&ssl=1&resize=350%2C200","width":350,"height":200,"srcset":"https:\/\/i0.wp.com\/historiografija.hr\/wp-content\/uploads\/2026\/06\/Victory-book.jpg?fit=1200%2C652&ssl=1&resize=350%2C200 1x, https:\/\/i0.wp.com\/historiografija.hr\/wp-content\/uploads\/2026\/06\/Victory-book.jpg?fit=1200%2C652&ssl=1&resize=525%2C300 1.5x, https:\/\/i0.wp.com\/historiografija.hr\/wp-content\/uploads\/2026\/06\/Victory-book.jpg?fit=1200%2C652&ssl=1&resize=700%2C400 2x, https:\/\/i0.wp.com\/historiografija.hr\/wp-content\/uploads\/2026\/06\/Victory-book.jpg?fit=1200%2C652&ssl=1&resize=1050%2C600 3x"},"classes":[]},{"id":54169,"url":"https:\/\/historiografija.hr\/?p=54169","url_meta":{"origin":30663,"position":5},"title":"Women, Nationalism, and Social Networks in the Habsburg Monarchy, 1848\u20131918","author":"Branimir Jankovi\u0107","date":"18. lipnja 2026.","format":false,"excerpt":"Edited by Marta Verginella Purdue University Press Series: Central European Studies 258 Pages Published 2023 Women, Nationalism, and Social Networks in the Habsburg Monarchy, 1848\u20131918 focuses on the lives of women in Southeastern Europe during the nineteenth and twentieth centuries, exploring the intersection of gender and nationalism. By looking at\u2026","rel":"","context":"U &quot;Knjige&quot;","block_context":{"text":"Knjige","link":"https:\/\/historiografija.hr\/?cat=8"},"img":{"alt_text":"","src":"https:\/\/historiografija.hr\/wp-content\/uploads\/2026\/06\/Verginella.avif","width":350,"height":200,"srcset":"https:\/\/historiografija.hr\/wp-content\/uploads\/2026\/06\/Verginella.avif 1x, https:\/\/historiografija.hr\/wp-content\/uploads\/2026\/06\/Verginella.avif 1.5x"},"classes":[]}],"_links":{"self":[{"href":"https:\/\/historiografija.hr\/index.php?rest_route=\/wp\/v2\/posts\/30663","targetHints":{"allow":["GET"]}}],"collection":[{"href":"https:\/\/historiografija.hr\/index.php?rest_route=\/wp\/v2\/posts"}],"about":[{"href":"https:\/\/historiografija.hr\/index.php?rest_route=\/wp\/v2\/types\/post"}],"author":[{"embeddable":true,"href":"https:\/\/historiografija.hr\/index.php?rest_route=\/wp\/v2\/users\/2"}],"replies":[{"embeddable":true,"href":"https:\/\/historiografija.hr\/index.php?rest_route=%2Fwp%2Fv2%2Fcomments&post=30663"}],"version-history":[{"count":4,"href":"https:\/\/historiografija.hr\/index.php?rest_route=\/wp\/v2\/posts\/30663\/revisions"}],"predecessor-version":[{"id":30668,"href":"https:\/\/historiografija.hr\/index.php?rest_route=\/wp\/v2\/posts\/30663\/revisions\/30668"}],"wp:featuredmedia":[{"embeddable":true,"href":"https:\/\/historiografija.hr\/index.php?rest_route=\/wp\/v2\/media\/30664"}],"wp:attachment":[{"href":"https:\/\/historiografija.hr\/index.php?rest_route=%2Fwp%2Fv2%2Fmedia&parent=30663"}],"wp:term":[{"taxonomy":"category","embeddable":true,"href":"https:\/\/historiografija.hr\/index.php?rest_route=%2Fwp%2Fv2%2Fcategories&post=30663"},{"taxonomy":"post_tag","embeddable":true,"href":"https:\/\/historiografija.hr\/index.php?rest_route=%2Fwp%2Fv2%2Ftags&post=30663"}],"curies":[{"name":"wp","href":"https:\/\/api.w.org\/{rel}","templated":true}]}}