{"id":30660,"date":"2022-03-30T19:50:25","date_gmt":"2022-03-30T19:50:25","guid":{"rendered":"http:\/\/historiografija.hr\/?p=30660"},"modified":"2022-03-30T19:50:25","modified_gmt":"2022-03-30T19:50:25","slug":"prikupljanje-sadrzaja-za-tematsku-zbirku-rat-u-ukrajini","status":"publish","type":"post","link":"https:\/\/historiografija.hr\/?p=30660","title":{"rendered":"Prikupljanje sadr\u017eaja za tematsku zbirku \u201eRat u Ukrajini\u201c"},"content":{"rendered":"\n<p><a href=\"https:\/\/haw.nsk.hr\/novosti\/prikupljanje-sadrzaja-za-tematsku-zbirku-rat-u-ukrajini\" target=\"_blank\" rel=\"noreferrer noopener\">Hrvatski arhiv weba Nacionalne i sveu\u010dili\u0161ne knji\u017enice u Zagrebu<\/a> zapo\u010deo je s prikupljanjem hrvatskih mre\u017enih sadr\u017eaja o ratu u Ukrajini radi izgradnje nove tematske zbirke.<\/p>\n\n\n\n<p>Kako bi se prikupio \u0161to ve\u0107i broj internetskoga sadr\u017eaja \u2013 lokalne i regionalne mre\u017ene stranice, blogovi, \u010dlanci, dru\u0161tvene mre\u017ee i dr. te im se osigurala dugoro\u010dna pohrana i pristup, Nacionalna i sveu\u010dili\u0161na knji\u017enica u Zagrebu poziva Vas na suradnju u prikupljanju mre\u017enih adresa (URL-ova) koje se odnose na ovu temu, objavljenih na bilo kojoj domeni kao \u0161to su .hr, .com, .net, .eu i dr., a svoje prijedloge mo\u017eete poslati preko <a rel=\"noreferrer noopener\" href=\"https:\/\/docs.google.com\/forms\/d\/e\/1FAIpQLSfO5nSMNwGA4uCWaln4jqe43cBa_zEdPLiQhsMDjb3-qhwsLg\/viewform\" target=\"_blank\">mre\u017enoga obrasca<\/a>.<\/p>\n\n\n\n<hr class=\"wp-block-separator\"\/>\n\n\n\n<p>Izvor:<\/p>\n\n\n\n<figure class=\"wp-block-embed-wordpress wp-block-embed is-type-wp-embed is-provider-hrvatski-arhiv-weba\"><div class=\"wp-block-embed__wrapper\">\n<blockquote class=\"wp-embedded-content\" data-secret=\"lTte8aTpF2\"><a href=\"https:\/\/haw.nsk.hr\/novosti\/prikupljanje-sadrzaja-za-tematsku-zbirku-rat-u-ukrajini\/\">Prikupljanje sadr\u017eaja za tematsku zbirku Rat u Ukrajini<\/a><\/blockquote><iframe loading=\"lazy\" class=\"wp-embedded-content\" sandbox=\"allow-scripts\" security=\"restricted\" style=\"position: absolute; clip: rect(1px, 1px, 1px, 1px);\" title=\"&#8220;Prikupljanje sadr\u017eaja za tematsku zbirku Rat u Ukrajini&#8221; &#8212; Hrvatski arhiv weba\" src=\"https:\/\/haw.nsk.hr\/novosti\/prikupljanje-sadrzaja-za-tematsku-zbirku-rat-u-ukrajini\/embed\/#?secret=d3AXIDhzsV#?secret=lTte8aTpF2\" data-secret=\"lTte8aTpF2\" width=\"600\" height=\"338\" frameborder=\"0\" marginwidth=\"0\" marginheight=\"0\" scrolling=\"no\"><\/iframe>\n<\/div><\/figure>\n\n\n\n<hr class=\"wp-block-separator\"\/>\n","protected":false},"excerpt":{"rendered":"","protected":false},"author":2,"featured_media":30661,"comment_status":"open","ping_status":"open","sticky":false,"template":"","format":"standard","meta":{"_acf_changed":false,"_jetpack_newsletter_access":"","_jetpack_dont_email_post_to_subs":false,"_jetpack_newsletter_tier_id":0,"_jetpack_memberships_contains_paywalled_content":false,"_jetpack_memberships_contains_paid_content":false,"footnotes":"","jetpack_publicize_message":"","jetpack_publicize_feature_enabled":true,"jetpack_social_post_already_shared":true,"jetpack_social_options":{"image_generator_settings":{"template":"highway","default_image_id":0,"font":"","enabled":false},"version":2},"jetpack_post_was_ever_published":false},"categories":[3],"tags":[],"class_list":["post-30660","post","type-post","status-publish","format-standard","has-post-thumbnail","hentry","category-novosti"],"acf":{"facebook_opis":""},"jetpack_publicize_connections":[],"jetpack_featured_media_url":"https:\/\/i0.wp.com\/historiografija.hr\/wp-content\/uploads\/2022\/03\/HAW.png?fit=400%2C225&ssl=1","jetpack_sharing_enabled":true,"jetpack-related-posts":[{"id":53905,"url":"https:\/\/historiografija.hr\/?p=53905","url_meta":{"origin":30660,"position":0},"title":"Arheolo\u0161ki muzej obilje\u017eava 180 godina postojanja projektom \u201ePredah u Lapidariju\u201c","author":"Filip \u0160imunjak","date":"3. lipnja 2026.","format":false,"excerpt":"Premijerno izdanje novog projekta Arheolo\u0161kog Muzeja u Zagrebu poklon je svim gra\u0111anima, prilika za mir i trenutke opu\u0161tanja u strogom centru grada bez komercijalnih sadr\u017eaja u anti\u010dkom stilu Otkako je osnovan 1846. godine Arheolo\u0161ki muzej se prometnuo u jedno od najva\u017enijih regionalnih sredi\u0161ta prikupljanja, \u010duvanja i istra\u017eivanja arheolo\u0161ke ba\u0161tine. U\u2026","rel":"","context":"U &quot;Novosti&quot;","block_context":{"text":"Novosti","link":"https:\/\/historiografija.hr\/?cat=3"},"img":{"alt_text":"","src":"https:\/\/i0.wp.com\/historiografija.hr\/wp-content\/uploads\/2026\/06\/Predah-u-Lapidariju.webp?fit=1200%2C661&ssl=1&resize=350%2C200","width":350,"height":200,"srcset":"https:\/\/i0.wp.com\/historiografija.hr\/wp-content\/uploads\/2026\/06\/Predah-u-Lapidariju.webp?fit=1200%2C661&ssl=1&resize=350%2C200 1x, https:\/\/i0.wp.com\/historiografija.hr\/wp-content\/uploads\/2026\/06\/Predah-u-Lapidariju.webp?fit=1200%2C661&ssl=1&resize=525%2C300 1.5x, https:\/\/i0.wp.com\/historiografija.hr\/wp-content\/uploads\/2026\/06\/Predah-u-Lapidariju.webp?fit=1200%2C661&ssl=1&resize=700%2C400 2x, https:\/\/i0.wp.com\/historiografija.hr\/wp-content\/uploads\/2026\/06\/Predah-u-Lapidariju.webp?fit=1200%2C661&ssl=1&resize=1050%2C600 3x"},"classes":[]},{"id":53516,"url":"https:\/\/historiografija.hr\/?p=53516","url_meta":{"origin":30660,"position":1},"title":"Novosti na portalu Historiografija.hr","author":"Branimir Jankovi\u0107","date":"20. svibnja 2026.","format":false,"excerpt":"Prema prethodnim najavama, portal Historiografija.hr prolazi ove godine kroz va\u017ene promjene. U lipnju 2026. bit \u0107e to\u010dno deset godina kako je urednik portala Branimir Jankovi\u0107. Prije toga je bio dvije godine zamjenik urednika i vi\u0161e godina suradnik portala, \u010diji je prvi urednik bio Damir Agi\u010di\u0107 koji je pokrenuo portal daleke\u2026","rel":"","context":"U &quot;Istaknuto&quot;","block_context":{"text":"Istaknuto","link":"https:\/\/historiografija.hr\/?cat=48"},"img":{"alt_text":"","src":"https:\/\/i0.wp.com\/historiografija.hr\/wp-content\/uploads\/2026\/05\/Impresum-%E2%80%93-Historiografija.hr-2.png?fit=1200%2C448&ssl=1&resize=350%2C200","width":350,"height":200,"srcset":"https:\/\/i0.wp.com\/historiografija.hr\/wp-content\/uploads\/2026\/05\/Impresum-%E2%80%93-Historiografija.hr-2.png?fit=1200%2C448&ssl=1&resize=350%2C200 1x, https:\/\/i0.wp.com\/historiografija.hr\/wp-content\/uploads\/2026\/05\/Impresum-%E2%80%93-Historiografija.hr-2.png?fit=1200%2C448&ssl=1&resize=525%2C300 1.5x, https:\/\/i0.wp.com\/historiografija.hr\/wp-content\/uploads\/2026\/05\/Impresum-%E2%80%93-Historiografija.hr-2.png?fit=1200%2C448&ssl=1&resize=700%2C400 2x, https:\/\/i0.wp.com\/historiografija.hr\/wp-content\/uploads\/2026\/05\/Impresum-%E2%80%93-Historiografija.hr-2.png?fit=1200%2C448&ssl=1&resize=1050%2C600 3x"},"classes":[]},{"id":54794,"url":"https:\/\/historiografija.hr\/?p=54794","url_meta":{"origin":30660,"position":2},"title":"Novo (vizualno) poglavlje Historiografije.hr","author":"Filip \u0160imunjak","date":"24. srpnja 2026.","format":false,"excerpt":"Nakon niza godina tijekom kojih je svojim prepoznatljivim \u2013 pomalo vintage izgledom \u2013 uspje\u0161no odolijevala promjenama, do\u0161lo je vrijeme da Historiografija.hr dobije novo lice. U pozadini ve\u0107 neko vrijeme radimo na potpunom redizajnu portala kojim \u017eelimo s jedne strane vizualno osvje\u017eiti stranicu, a s druge podi\u0107i je na suvremene standarde,\u2026","rel":"","context":"U &quot;Istaknuto&quot;","block_context":{"text":"Istaknuto","link":"https:\/\/historiografija.hr\/?cat=48"},"img":{"alt_text":"","src":"https:\/\/i0.wp.com\/historiografija.hr\/wp-content\/uploads\/2026\/07\/Historiografija-2.0-Featured.png?fit=1200%2C916&ssl=1&resize=350%2C200","width":350,"height":200,"srcset":"https:\/\/i0.wp.com\/historiografija.hr\/wp-content\/uploads\/2026\/07\/Historiografija-2.0-Featured.png?fit=1200%2C916&ssl=1&resize=350%2C200 1x, https:\/\/i0.wp.com\/historiografija.hr\/wp-content\/uploads\/2026\/07\/Historiografija-2.0-Featured.png?fit=1200%2C916&ssl=1&resize=525%2C300 1.5x, https:\/\/i0.wp.com\/historiografija.hr\/wp-content\/uploads\/2026\/07\/Historiografija-2.0-Featured.png?fit=1200%2C916&ssl=1&resize=700%2C400 2x, https:\/\/i0.wp.com\/historiografija.hr\/wp-content\/uploads\/2026\/07\/Historiografija-2.0-Featured.png?fit=1200%2C916&ssl=1&resize=1050%2C600 3x"},"classes":[]},{"id":53492,"url":"https:\/\/historiografija.hr\/?p=53492","url_meta":{"origin":30660,"position":3},"title":"Predstavljena knjiga Stipe Kljai\u0107a &#8220;Vje\u010dni tre\u0107i Rim: uzroci rusko-ukrajinskoga rata&#8221; u Splitu","author":"Branimir Jankovi\u0107","date":"20. svibnja 2026.","format":false,"excerpt":"Na 35. obljetnicu povijesnog referenduma u Splitu predstavljena knjiga dr. Stipe Kljai\u0107a o rusko-ukrajinskom ratu U organizaciji Hrvatske udruge Benedikt, Zmajskog stola u Splitu Dru\u017ebe \u201cBra\u0107a Hrvatskoga Zmaja\u201d i Muzeja Domovinskog rata u Splitu, 19. svibnja 2026. u dvorani \u201eVinko Draganja\u201c Dominikanskog samostana u Splitu odr\u017eano je predstavljanje knjige Vje\u010dni\u2026","rel":"","context":"U &quot;Novosti&quot;","block_context":{"text":"Novosti","link":"https:\/\/historiografija.hr\/?cat=3"},"img":{"alt_text":"","src":"https:\/\/i0.wp.com\/historiografija.hr\/wp-content\/uploads\/2026\/05\/Predstavljanje_Klaic_Ukrajina_Split_naslov.jpg?fit=1200%2C900&ssl=1&resize=350%2C200","width":350,"height":200,"srcset":"https:\/\/i0.wp.com\/historiografija.hr\/wp-content\/uploads\/2026\/05\/Predstavljanje_Klaic_Ukrajina_Split_naslov.jpg?fit=1200%2C900&ssl=1&resize=350%2C200 1x, https:\/\/i0.wp.com\/historiografija.hr\/wp-content\/uploads\/2026\/05\/Predstavljanje_Klaic_Ukrajina_Split_naslov.jpg?fit=1200%2C900&ssl=1&resize=525%2C300 1.5x, https:\/\/i0.wp.com\/historiografija.hr\/wp-content\/uploads\/2026\/05\/Predstavljanje_Klaic_Ukrajina_Split_naslov.jpg?fit=1200%2C900&ssl=1&resize=700%2C400 2x, https:\/\/i0.wp.com\/historiografija.hr\/wp-content\/uploads\/2026\/05\/Predstavljanje_Klaic_Ukrajina_Split_naslov.jpg?fit=1200%2C900&ssl=1&resize=1050%2C600 3x"},"classes":[]},{"id":54947,"url":"https:\/\/historiografija.hr\/?p=54947","url_meta":{"origin":30660,"position":4},"title":"Izlo\u017eba \u201eNa Sljeme! Pri\u010de sa Zagreba\u010dke gore\u201c","author":"Branimir Jankovi\u0107","date":"12. kolovoza 2026.","format":false,"excerpt":"Mjesto: Muzej grada ZagrebaVrijeme otvorenja: petak, 15. svibnja 2026., u 18 satiTrajanje izlo\u017ebe: 15. svibnja \u2013 20. rujna 2026.Autorica izlo\u017ebe: Milena Bu\u0161i\u0107Oblikovanje izlo\u017ebe:\u00a0Studio Ra\u0161i\u0107 + Vrabec Medvednica, Sljeme, Zagreba\u010dka gora \u2013\u00a0 sinonimi su za na\u0161u, \u201egradsku\u201c planinu, zelenu za\u0161titnicu Zagreba.\u00a0 Odluka o izletu na Medvednicu uvijek je laka jer je,\u2026","rel":"","context":"U &quot;Izlo\u017ebe&quot;","block_context":{"text":"Izlo\u017ebe","link":"https:\/\/historiografija.hr\/?cat=10"},"img":{"alt_text":"","src":"https:\/\/i0.wp.com\/historiografija.hr\/wp-content\/uploads\/2026\/08\/slika-2.png?fit=1200%2C894&ssl=1&resize=350%2C200","width":350,"height":200,"srcset":"https:\/\/i0.wp.com\/historiografija.hr\/wp-content\/uploads\/2026\/08\/slika-2.png?fit=1200%2C894&ssl=1&resize=350%2C200 1x, https:\/\/i0.wp.com\/historiografija.hr\/wp-content\/uploads\/2026\/08\/slika-2.png?fit=1200%2C894&ssl=1&resize=525%2C300 1.5x, https:\/\/i0.wp.com\/historiografija.hr\/wp-content\/uploads\/2026\/08\/slika-2.png?fit=1200%2C894&ssl=1&resize=700%2C400 2x, https:\/\/i0.wp.com\/historiografija.hr\/wp-content\/uploads\/2026\/08\/slika-2.png?fit=1200%2C894&ssl=1&resize=1050%2C600 3x"},"classes":[]},{"id":53166,"url":"https:\/\/historiografija.hr\/?p=53166","url_meta":{"origin":30660,"position":5},"title":"Izdanje &#8220;Glina 1941. &#8211; Tragedije i traume u pam\u0107enju i zaboravu&#8221; dostupno online","author":"Branimir Jankovi\u0107","date":"12. svibnja 2026.","format":false,"excerpt":"Obavje\u0161tavamo Vas da je\u00a0izdanje Glina 1941. - Tragedije i traume u pam\u0107enju i zaboravu. Zbornik znanstvenih radova s me\u0111unarodnim sudjelovanjem\u00a0(Zagreb: Sveu\u010dili\u0161te u Zagrebu, Filozofski fakultet - Odsjek za povijest, Hrvatski dr\u017eavni arhiv u Zagrebu, Srpsko narodno vije\u0107e u Zagrebu, 2022.)\u00a0sada dostupno u slobodnom pristupu na \u00a0poveznici: Glinski zbornik book za\u2026","rel":"","context":"U &quot;E-knjige&quot;","block_context":{"text":"E-knjige","link":"https:\/\/historiografija.hr\/?cat=19"},"img":{"alt_text":"","src":"https:\/\/i0.wp.com\/historiografija.hr\/wp-content\/uploads\/2026\/05\/Glina_1941.jpg?fit=500%2C500&ssl=1&resize=350%2C200","width":350,"height":200},"classes":[]}],"_links":{"self":[{"href":"https:\/\/historiografija.hr\/index.php?rest_route=\/wp\/v2\/posts\/30660","targetHints":{"allow":["GET"]}}],"collection":[{"href":"https:\/\/historiografija.hr\/index.php?rest_route=\/wp\/v2\/posts"}],"about":[{"href":"https:\/\/historiografija.hr\/index.php?rest_route=\/wp\/v2\/types\/post"}],"author":[{"embeddable":true,"href":"https:\/\/historiografija.hr\/index.php?rest_route=\/wp\/v2\/users\/2"}],"replies":[{"embeddable":true,"href":"https:\/\/historiografija.hr\/index.php?rest_route=%2Fwp%2Fv2%2Fcomments&post=30660"}],"version-history":[{"count":1,"href":"https:\/\/historiografija.hr\/index.php?rest_route=\/wp\/v2\/posts\/30660\/revisions"}],"predecessor-version":[{"id":30662,"href":"https:\/\/historiografija.hr\/index.php?rest_route=\/wp\/v2\/posts\/30660\/revisions\/30662"}],"wp:featuredmedia":[{"embeddable":true,"href":"https:\/\/historiografija.hr\/index.php?rest_route=\/wp\/v2\/media\/30661"}],"wp:attachment":[{"href":"https:\/\/historiografija.hr\/index.php?rest_route=%2Fwp%2Fv2%2Fmedia&parent=30660"}],"wp:term":[{"taxonomy":"category","embeddable":true,"href":"https:\/\/historiografija.hr\/index.php?rest_route=%2Fwp%2Fv2%2Fcategories&post=30660"},{"taxonomy":"post_tag","embeddable":true,"href":"https:\/\/historiografija.hr\/index.php?rest_route=%2Fwp%2Fv2%2Ftags&post=30660"}],"curies":[{"name":"wp","href":"https:\/\/api.w.org\/{rel}","templated":true}]}}