{"id":30651,"date":"2022-03-30T19:26:11","date_gmt":"2022-03-30T19:26:11","guid":{"rendered":"http:\/\/historiografija.hr\/?p=30651"},"modified":"2022-03-30T19:34:17","modified_gmt":"2022-03-30T19:34:17","slug":"dokumentarni-film-zadah-proleca-72","status":"publish","type":"post","link":"https:\/\/historiografija.hr\/?p=30651","title":{"rendered":"Dokumentarni film \u201eZadah prole\u0107a &#8217;72\u201d"},"content":{"rendered":"\n<p>Radiotelevizija Srbije je povodom pedeset godina od velikih boginja u SFRJ snimila dokumentarni film \u201eZadah prole\u0107a &#8217;72\u201c. Kako je odlu\u010deno da se vakcini\u0161e cjelokupno stanovni\u0161tvo SFRJ? Za\u0161to se prvih dana \u0107utalo da je variola u\u0161la u zemlju? Gdje su bila najve\u0107a \u017eari\u0161ta? Kako je izgledao \u017eivot u karantinima? Kako se organizovala dr\u017eava, a kako struka? Ko su bili heroji prolje\u0107a &#8217;72-ge?<\/p>\n\n\n\n<p>Stru\u010dni konsultant i u\u010desnik u filmu bila je i istori\u010darka Radina Vu\u010deti\u0107, autorka knjige o varioli veri u Jugoslaviji 1972. godine.<\/p>\n\n\n\n<p>Autorka filma: Nata\u0161a Miju\u0161kovi\u0107<\/p>\n\n\n\n<p>Direktor fotografije: Milan Raki\u0107<\/p>\n\n\n\n<p>Producentica: Sla\u0111ana Tomi\u0107<\/p>\n\n\n\n<p>Monta\u017eer: Bojan Filipovi\u0107<\/p>\n\n\n\n<p>Reditelj: Filip \u010colovi\u0107<\/p>\n\n\n\n<p>Film se mo\u017ee pogledati <a rel=\"noreferrer noopener\" href=\"https:\/\/www.youtube.com\/watch?v=ErNPb7aOkRI&amp;t=908s\" target=\"_blank\">ovdje<\/a>.<\/p>\n\n\n\n<hr class=\"wp-block-separator\"\/>\n\n\n\n<p>Izvor:<\/p>\n\n\n\n<p><a href=\"https:\/\/historiografija.ba\/article.php?id=1141\">https:\/\/historiografija.ba\/article.php?id=1141<\/a><\/p>\n\n\n\n<hr class=\"wp-block-separator\"\/>\n\n\n\n<p>Vi\u0161e o temi:<\/p>\n\n\n\n<p><a href=\"https:\/\/www.jutarnji.hr\/life\/zivotne-price\/kako-je-jugoslavija-prije-50-godina-pobijedila-posast-koja-je-poharala-europu-cijepljeno-je-18-2-milijuna-ljudi-15172571\">https:\/\/www.jutarnji.hr\/life\/zivotne-price\/kako-je-jugoslavija-prije-50-godina-pobijedila-posast-koja-je-poharala-europu-cijepljeno-je-18-2-milijuna-ljudi-15172571<\/a><\/p>\n\n\n\n<hr class=\"wp-block-separator\"\/>\n\n\n\n<figure class=\"wp-block-embed-wordpress wp-block-embed is-type-wp-embed is-provider-historiografija-hr\"><div class=\"wp-block-embed__wrapper\">\n<blockquote class=\"wp-embedded-content\" data-secret=\"GH6UlSjpgP\"><a href=\"https:\/\/historiografija.hr\/?p=30448\">Radina Vu\u010deti\u0107, \u201cNevidljivi neprijatelj. Variola vera 1972\u201d<\/a><\/blockquote><iframe loading=\"lazy\" class=\"wp-embedded-content\" sandbox=\"allow-scripts\" security=\"restricted\" style=\"position: absolute; clip: rect(1px, 1px, 1px, 1px);\" title=\"&#8220;Radina Vu\u010deti\u0107, \u201cNevidljivi neprijatelj. Variola vera 1972\u201d&#8221; &#8212; Historiografija.hr\" src=\"https:\/\/historiografija.hr\/?p=30448&#038;embed=true#?secret=GH6UlSjpgP\" data-secret=\"GH6UlSjpgP\" width=\"600\" height=\"338\" frameborder=\"0\" marginwidth=\"0\" marginheight=\"0\" scrolling=\"no\"><\/iframe>\n<\/div><\/figure>\n\n\n\n<hr class=\"wp-block-separator\"\/>\n\n\n\n<figure class=\"wp-block-embed-wordpress wp-block-embed is-type-wp-embed is-provider-historiografija-hr\"><div class=\"wp-block-embed__wrapper\">\n<blockquote class=\"wp-embedded-content\" data-secret=\"ZadGG9X3CU\"><a href=\"https:\/\/historiografija.hr\/?p=30656\">Kulturni \u010detvrtak u HDA: &#8220;Velike boginje &#8211; kako smo ih nadja\u010dali?&#8221;<\/a><\/blockquote><iframe loading=\"lazy\" class=\"wp-embedded-content\" sandbox=\"allow-scripts\" security=\"restricted\" style=\"position: absolute; clip: rect(1px, 1px, 1px, 1px);\" title=\"&#8220;Kulturni \u010detvrtak u HDA: &#8220;Velike boginje &#8211; kako smo ih nadja\u010dali?&#8221;&#8221; &#8212; Historiografija.hr\" src=\"https:\/\/historiografija.hr\/?p=30656&#038;embed=true#?secret=ZadGG9X3CU\" data-secret=\"ZadGG9X3CU\" width=\"600\" height=\"338\" frameborder=\"0\" marginwidth=\"0\" marginheight=\"0\" scrolling=\"no\"><\/iframe>\n<\/div><\/figure>\n\n\n\n<hr class=\"wp-block-separator\"\/>\n","protected":false},"excerpt":{"rendered":"","protected":false},"author":2,"featured_media":30652,"comment_status":"open","ping_status":"open","sticky":false,"template":"","format":"standard","meta":{"_acf_changed":false,"jetpack_post_was_ever_published":false,"_jetpack_newsletter_access":"","_jetpack_dont_email_post_to_subs":false,"_jetpack_newsletter_tier_id":0,"_jetpack_memberships_contains_paywalled_content":false,"_jetpack_memberships_contains_paid_content":false,"footnotes":"","jetpack_publicize_message":"","jetpack_publicize_feature_enabled":true,"jetpack_social_post_already_shared":true,"jetpack_social_options":{"image_generator_settings":{"template":"highway","default_image_id":0,"font":"","enabled":false},"version":2}},"categories":[13,3],"tags":[],"class_list":["post-30651","post","type-post","status-publish","format-standard","has-post-thumbnail","hentry","category-filmovi-i-serije","category-novosti"],"acf":{"facebook_opis":""},"jetpack_publicize_connections":[],"jetpack_featured_media_url":"https:\/\/i0.wp.com\/historiografija.hr\/wp-content\/uploads\/2022\/03\/zadah-proleca-variola-vera-film.jpg?fit=555%2C284&ssl=1","jetpack_sharing_enabled":true,"jetpack-related-posts":[],"_links":{"self":[{"href":"https:\/\/historiografija.hr\/index.php?rest_route=\/wp\/v2\/posts\/30651","targetHints":{"allow":["GET"]}}],"collection":[{"href":"https:\/\/historiografija.hr\/index.php?rest_route=\/wp\/v2\/posts"}],"about":[{"href":"https:\/\/historiografija.hr\/index.php?rest_route=\/wp\/v2\/types\/post"}],"author":[{"embeddable":true,"href":"https:\/\/historiografija.hr\/index.php?rest_route=\/wp\/v2\/users\/2"}],"replies":[{"embeddable":true,"href":"https:\/\/historiografija.hr\/index.php?rest_route=%2Fwp%2Fv2%2Fcomments&post=30651"}],"version-history":[{"count":4,"href":"https:\/\/historiografija.hr\/index.php?rest_route=\/wp\/v2\/posts\/30651\/revisions"}],"predecessor-version":[{"id":30659,"href":"https:\/\/historiografija.hr\/index.php?rest_route=\/wp\/v2\/posts\/30651\/revisions\/30659"}],"wp:featuredmedia":[{"embeddable":true,"href":"https:\/\/historiografija.hr\/index.php?rest_route=\/wp\/v2\/media\/30652"}],"wp:attachment":[{"href":"https:\/\/historiografija.hr\/index.php?rest_route=%2Fwp%2Fv2%2Fmedia&parent=30651"}],"wp:term":[{"taxonomy":"category","embeddable":true,"href":"https:\/\/historiografija.hr\/index.php?rest_route=%2Fwp%2Fv2%2Fcategories&post=30651"},{"taxonomy":"post_tag","embeddable":true,"href":"https:\/\/historiografija.hr\/index.php?rest_route=%2Fwp%2Fv2%2Ftags&post=30651"}],"curies":[{"name":"wp","href":"https:\/\/api.w.org\/{rel}","templated":true}]}}