{"id":30648,"date":"2022-03-30T18:51:38","date_gmt":"2022-03-30T18:51:38","guid":{"rendered":"http:\/\/historiografija.hr\/?p=30648"},"modified":"2022-03-30T18:51:38","modified_gmt":"2022-03-30T18:51:38","slug":"razgovor-s-knjizevnikom-dragom-kekanovicem-o-romanu-privrzenost","status":"publish","type":"post","link":"https:\/\/historiografija.hr\/?p=30648","title":{"rendered":"Razgovor s knji\u017eevnikom Dragom Kekanovi\u0107em o romanu \u201cPrivr\u017eenost\u201d"},"content":{"rendered":"\n<p>U \u010detvrtak, 31. marta, u 12 sati u dvorani Centralne biblioteke SKD-a &#8220;Prosvjeta&#8221; u Zagrebu odr\u017eat \u0107e se razgovor s knji\u017eevnikom Dragom Kekanovi\u0107em. Povod dru\u017eenju je njegov roman &#8220;Privr\u017eenost&#8221;, objavljen u izdanju SKD-a &#8220;Prosvjeta&#8221;, koji je nagra\u0111en nagradom <em>Beogradski pobednik<\/em>\u00a0koju je prije dva mjeseca prvi put dodijelila Biblioteka grada Beograda. Uz Dragu Kekanovi\u0107a, u razgovoru \u0107e sudjelovati prof. dr Du\u0161an Marinkovi\u0107 i \u010cedomir Vi\u0161nji\u0107, urednik &#8220;Prosvjetinog&#8221; izdava\u0161tva.<\/p>\n\n\n\n<hr class=\"wp-block-separator\"\/>\n\n\n\n<p>Izvor i dodatne informacije:<\/p>\n\n\n\n<p><a href=\"https:\/\/www.portalnovosti.com\/kekanovic-gostuje-u-cetvrtak-u-prosvjeti\">https:\/\/www.portalnovosti.com\/kekanovic-gostuje-u-cetvrtak-u-prosvjeti<\/a><\/p>\n\n\n\n<p><a href=\"https:\/\/www.portalnovosti.com\/kekanovicevi-kontinuiteti\">https:\/\/www.portalnovosti.com\/kekanovicevi-kontinuiteti<\/a><\/p>\n\n\n\n<figure class=\"wp-block-embed-wordpress wp-block-embed is-type-wp-embed is-provider-novi-list\"><div class=\"wp-block-embed__wrapper\">\n<blockquote class=\"wp-embedded-content\" data-secret=\"yZWKrni0Jw\"><a href=\"https:\/\/www.novilist.hr\/ostalo\/kultura\/drago-kekanovic-privrzenost-kronika-burnog-nevremena\/\">Pro\u010ditali smo &#8211; Drago Kekanovi\u0107 &#8220;Privr\u017eenost&#8221;: Kronika burnog (ne)vremena<\/a><\/blockquote><iframe loading=\"lazy\" class=\"wp-embedded-content\" sandbox=\"allow-scripts\" security=\"restricted\" style=\"position: absolute; clip: rect(1px, 1px, 1px, 1px);\" title=\"&#8220;Pro\u010ditali smo &#8211; Drago Kekanovi\u0107 &#8220;Privr\u017eenost&#8221;: Kronika burnog (ne)vremena&#8221; &#8212; Novi list\" src=\"https:\/\/www.novilist.hr\/ostalo\/kultura\/drago-kekanovic-privrzenost-kronika-burnog-nevremena\/embed\/#?secret=yZWKrni0Jw\" data-secret=\"yZWKrni0Jw\" width=\"600\" height=\"338\" frameborder=\"0\" marginwidth=\"0\" marginheight=\"0\" scrolling=\"no\"><\/iframe>\n<\/div><\/figure>\n\n\n\n<figure class=\"wp-block-embed-wordpress wp-block-embed is-type-wp-embed is-provider-stina\"><div class=\"wp-block-embed__wrapper\">\n<blockquote class=\"wp-embedded-content\" data-secret=\"MPwC8OsHe5\"><a href=\"https:\/\/www.stina.hr\/2022\/02\/04\/znacajna-srpska-knjizevna-nagrada-d-kekanovicu-za-knjigu-privrzenost-u-izdanju-skd-prosvjete-koju-je-sufinancirao-savjet-za-nacionalne-manjine\/\">ZNA\u010cAJNA SRPSKA KNJI\u017dEVNA NAGRADA D. KEKANOVI\u0106U ZA KNJIGU \u201c PRIVR\u017dENOST\u201d U IZDANJU SKD PROSVJETE KOJU JE SUFINANCIRAO SAVJET ZA NACIONALNE MANJINE<\/a><\/blockquote><iframe loading=\"lazy\" class=\"wp-embedded-content\" sandbox=\"allow-scripts\" security=\"restricted\" style=\"position: absolute; clip: rect(1px, 1px, 1px, 1px);\" title=\"&#8220;ZNA\u010cAJNA SRPSKA KNJI\u017dEVNA NAGRADA D. KEKANOVI\u0106U ZA KNJIGU \u201c PRIVR\u017dENOST\u201d U IZDANJU SKD PROSVJETE KOJU JE SUFINANCIRAO SAVJET ZA NACIONALNE MANJINE&#8221; &#8212; Stina\" src=\"https:\/\/www.stina.hr\/2022\/02\/04\/znacajna-srpska-knjizevna-nagrada-d-kekanovicu-za-knjigu-privrzenost-u-izdanju-skd-prosvjete-koju-je-sufinancirao-savjet-za-nacionalne-manjine\/embed\/#?secret=M2ptpDWI6k#?secret=MPwC8OsHe5\" data-secret=\"MPwC8OsHe5\" width=\"600\" height=\"338\" frameborder=\"0\" marginwidth=\"0\" marginheight=\"0\" scrolling=\"no\"><\/iframe>\n<\/div><\/figure>\n\n\n\n<hr class=\"wp-block-separator\"\/>\n","protected":false},"excerpt":{"rendered":"","protected":false},"author":2,"featured_media":30649,"comment_status":"open","ping_status":"open","sticky":false,"template":"","format":"standard","meta":{"_acf_changed":false,"jetpack_post_was_ever_published":false,"_jetpack_newsletter_access":"","_jetpack_dont_email_post_to_subs":false,"_jetpack_newsletter_tier_id":0,"_jetpack_memberships_contains_paywalled_content":false,"_jetpack_memberships_contains_paid_content":false,"footnotes":"","jetpack_publicize_message":"","jetpack_publicize_feature_enabled":true,"jetpack_social_post_already_shared":true,"jetpack_social_options":{"image_generator_settings":{"template":"highway","default_image_id":0,"font":"","enabled":false},"version":2}},"categories":[3,12],"tags":[],"class_list":["post-30648","post","type-post","status-publish","format-standard","has-post-thumbnail","hentry","category-novosti","category-knjizevnost"],"acf":{"facebook_opis":""},"jetpack_publicize_connections":[],"jetpack_featured_media_url":"https:\/\/i0.wp.com\/historiografija.hr\/wp-content\/uploads\/2022\/03\/Privrzenost.jpg?fit=519%2C750&ssl=1","jetpack_sharing_enabled":true,"jetpack-related-posts":[],"_links":{"self":[{"href":"https:\/\/historiografija.hr\/index.php?rest_route=\/wp\/v2\/posts\/30648","targetHints":{"allow":["GET"]}}],"collection":[{"href":"https:\/\/historiografija.hr\/index.php?rest_route=\/wp\/v2\/posts"}],"about":[{"href":"https:\/\/historiografija.hr\/index.php?rest_route=\/wp\/v2\/types\/post"}],"author":[{"embeddable":true,"href":"https:\/\/historiografija.hr\/index.php?rest_route=\/wp\/v2\/users\/2"}],"replies":[{"embeddable":true,"href":"https:\/\/historiografija.hr\/index.php?rest_route=%2Fwp%2Fv2%2Fcomments&post=30648"}],"version-history":[{"count":1,"href":"https:\/\/historiografija.hr\/index.php?rest_route=\/wp\/v2\/posts\/30648\/revisions"}],"predecessor-version":[{"id":30650,"href":"https:\/\/historiografija.hr\/index.php?rest_route=\/wp\/v2\/posts\/30648\/revisions\/30650"}],"wp:featuredmedia":[{"embeddable":true,"href":"https:\/\/historiografija.hr\/index.php?rest_route=\/wp\/v2\/media\/30649"}],"wp:attachment":[{"href":"https:\/\/historiografija.hr\/index.php?rest_route=%2Fwp%2Fv2%2Fmedia&parent=30648"}],"wp:term":[{"taxonomy":"category","embeddable":true,"href":"https:\/\/historiografija.hr\/index.php?rest_route=%2Fwp%2Fv2%2Fcategories&post=30648"},{"taxonomy":"post_tag","embeddable":true,"href":"https:\/\/historiografija.hr\/index.php?rest_route=%2Fwp%2Fv2%2Ftags&post=30648"}],"curies":[{"name":"wp","href":"https:\/\/api.w.org\/{rel}","templated":true}]}}