{"id":30613,"date":"2022-03-25T22:19:10","date_gmt":"2022-03-25T22:19:10","guid":{"rendered":"http:\/\/historiografija.hr\/?p=30613"},"modified":"2022-03-25T22:19:10","modified_gmt":"2022-03-25T22:19:10","slug":"bb-goran-music-rory-archer-a-socialist-workplace-in-postcolonial-africa-a-connected-history-of-the-yugoslav-workforce-in-zambia","status":"publish","type":"post","link":"https:\/\/historiografija.hr\/?p=30613","title":{"rendered":"BB: Goran Musi\u0107 &#038; Rory Archer &#8211; &#8220;A Socialist Workplace in Postcolonial Africa: A Connected History of the Yugoslav Workforce in Zambia&#8221;"},"content":{"rendered":"\n<p>As a founding member of the Non-Aligned Movement, socialist Yugoslavia stood between East and West (aligned neither with Soviet-style central economic planning nor the capitalist West), setting much stock in its economic, diplomatic, and cultural relationships with the Third World.<\/p>\n\n\n\n<p>Newly independent African countries like Zambia became Yugoslavia\u2019s primary allies in the Global South. This presentation will give an overview of the recently initiated research project at the University of Vienna dedicated to the study of Yugoslav companies\u2019 workforces in Zambia. It poses questions about everyday dimensions of Yugoslavia\u2019s links with postcolonial African societies, connecting class, labour, and race into studies of the Yugoslav region&#8217;s ambiguous relationship to the Global South through the lens of social history.<\/p>\n\n\n\n<p>Goran Musi\u0107 Goran is a researcher and lecturer at the Research Platform for the Study of Transformations and Eastern Europe (University of Vienna). He is the Principal Investigator of the above-mentioned project and the author of &#8216;Making and Breaking the Yugoslav Working Class: A Story of Two Self-Managed Factories&#8217; (CEU Press).<\/p>\n\n\n\n<p>Rory Archer is a social historian of 20th century Southeast Europe whose research is focused on the social history of Yugoslavia. Parallel to working on this Yugoslav-Zambian project, he leads a project on the history of intra-Yugoslav Albanian migration during late-socialism at CSEES, University of Graz.<\/p>\n\n\n\n<hr class=\"wp-block-separator\"\/>\n\n\n\n<p>29.03.2022 13:00 &#8211; 14:00<\/p>\n\n\n\n<p>VeranstalterIn<\/p>\n\n\n\n<p>Zentrum f\u00fcr S\u00fcdosteuropastudien, SOEGA &amp; S\u00fcdosteuropa-Gesellschaft<\/p>\n\n\n\n<hr class=\"wp-block-separator\"\/>\n\n\n\n<p>Veranstaltungsort:<\/p>\n\n\n\n<p>Ort: HS 04.01 &#8211; Universit\u00e4tsplatz 4, EG<\/p>\n\n\n\n<hr class=\"wp-block-separator\"\/>\n\n\n\n<p><a href=\"https:\/\/suedosteuropa.uni-graz.at\/de\/veranstaltungen\/detail\/article\/bronwbag-a-socialist-workplace-in-postcolonial-africa-a-connected-history-of-the-yugoslav-workforce-in-zambia\/\">https:\/\/suedosteuropa.uni-graz.at\/de\/veranstaltungen\/detail\/article\/bronwbag-a-socialist-workplace-in-postcolonial-africa-a-connected-history-of-the-yugoslav-workforce-in-zambia\/<\/a><\/p>\n\n\n\n<hr class=\"wp-block-separator\"\/>\n","protected":false},"excerpt":{"rendered":"","protected":false},"author":2,"featured_media":30614,"comment_status":"open","ping_status":"open","sticky":false,"template":"","format":"standard","meta":{"_acf_changed":false,"_jetpack_newsletter_access":"","_jetpack_dont_email_post_to_subs":false,"_jetpack_newsletter_tier_id":0,"_jetpack_memberships_contains_paywalled_content":false,"_jetpack_memberships_contains_paid_content":false,"footnotes":"","jetpack_publicize_message":"","jetpack_publicize_feature_enabled":true,"jetpack_social_post_already_shared":true,"jetpack_social_options":{"image_generator_settings":{"template":"highway","default_image_id":0,"font":"","enabled":false},"version":2},"jetpack_post_was_ever_published":false},"categories":[3],"tags":[],"class_list":["post-30613","post","type-post","status-publish","format-standard","has-post-thumbnail","hentry","category-novosti"],"acf":{"facebook_opis":""},"jetpack_publicize_connections":[],"jetpack_featured_media_url":"https:\/\/i0.wp.com\/historiografija.hr\/wp-content\/uploads\/2022\/03\/csm_BB_22032022.jpg?fit=398%2C600&ssl=1","jetpack_sharing_enabled":true,"jetpack-related-posts":[{"id":54962,"url":"https:\/\/historiografija.hr\/?p=54962","url_meta":{"origin":30613,"position":0},"title":"Branka Bogdan, &#8220;The New Yugoslav Woman: Reproductive Regulation in Socialist Yugoslavia&#8221;","author":"Branimir Jankovi\u0107","date":"13. kolovoza 2026.","format":false,"excerpt":"From 1945 to 1989, the Yugoslav state connected its claims of progressive politics and gender equality to its support of free healthcare, sex education and contraception, and laws that supported reproductive choice. Yugoslav men and women internalized these messages, proclaiming their homeland's superior care for its citizens in comparison to\u2026","rel":"","context":"U &quot;Knjige&quot;","block_context":{"text":"Knjige","link":"https:\/\/historiografija.hr\/?cat=8"},"img":{"alt_text":"","src":"https:\/\/i0.wp.com\/historiografija.hr\/wp-content\/uploads\/2026\/08\/Bogdan.jpg?fit=596%2C477&ssl=1&resize=350%2C200","width":350,"height":200,"srcset":"https:\/\/i0.wp.com\/historiografija.hr\/wp-content\/uploads\/2026\/08\/Bogdan.jpg?fit=596%2C477&ssl=1&resize=350%2C200 1x, https:\/\/i0.wp.com\/historiografija.hr\/wp-content\/uploads\/2026\/08\/Bogdan.jpg?fit=596%2C477&ssl=1&resize=525%2C300 1.5x"},"classes":[]},{"id":52516,"url":"https:\/\/historiografija.hr\/?p=52516","url_meta":{"origin":30613,"position":1},"title":"Marko Grde\u0161i\u0107, Mislav \u017ditko, \u201eSocialist Economics in Yugoslavia: A Critical History\u201c","author":"Branimir Jankovi\u0107","date":"17. travnja 2026.","format":false,"excerpt":"This book presents a critical history of Yugoslav socialist economics, from its inception in the late 1940s to its dissolution in the late 1980s. After the dramatic break with the Soviet Union in 1948, Yugoslavia found itself in urgent need of a third way: A socialist trajectory which would not\u2026","rel":"","context":"U &quot;Knjige&quot;","block_context":{"text":"Knjige","link":"https:\/\/historiografija.hr\/?cat=8"},"img":{"alt_text":"","src":"https:\/\/i0.wp.com\/historiografija.hr\/wp-content\/uploads\/2026\/04\/Zitko_Grdesic.jpg?fit=350%2C535&ssl=1&resize=350%2C200","width":350,"height":200},"classes":[]},{"id":52580,"url":"https:\/\/historiografija.hr\/?p=52580","url_meta":{"origin":30613,"position":2},"title":"Conference &#8220;Living in the aftermaths: Trauma, politics and survival in Yugoslavia and successor states, 1945 \u2013 present&#8221;","author":"Branimir Jankovi\u0107","date":"21. travnja 2026.","format":false,"excerpt":"The conference aims to explore how war-related psychological distress was experienced, narrated, debated and reframed in Yugoslavia in the second half of the twentieth century. It asks how the theme of wounded psyche and wartime suffering was addressed and acknowledged in political, psychiatric and broader cultural discourses of socialist Yugoslavia,\u2026","rel":"","context":"U &quot;Novosti&quot;","block_context":{"text":"Novosti","link":"https:\/\/historiografija.hr\/?cat=3"},"img":{"alt_text":"","src":"https:\/\/i0.wp.com\/historiografija.hr\/wp-content\/uploads\/2026\/04\/Battle_of_Neretva_Picasso_poster-Conference-Living-in-the-aftermaths.webp?fit=564%2C954&ssl=1&resize=350%2C200","width":350,"height":200,"srcset":"https:\/\/i0.wp.com\/historiografija.hr\/wp-content\/uploads\/2026\/04\/Battle_of_Neretva_Picasso_poster-Conference-Living-in-the-aftermaths.webp?fit=564%2C954&ssl=1&resize=350%2C200 1x, https:\/\/i0.wp.com\/historiografija.hr\/wp-content\/uploads\/2026\/04\/Battle_of_Neretva_Picasso_poster-Conference-Living-in-the-aftermaths.webp?fit=564%2C954&ssl=1&resize=525%2C300 1.5x"},"classes":[]},{"id":54292,"url":"https:\/\/historiografija.hr\/?p=54292","url_meta":{"origin":30613,"position":3},"title":"Eliot Short, &#8220;Building a Multiethnic Military in Post-Yugoslav Bosnia and Herzegovina&#8221;","author":"Branimir Jankovi\u0107","date":"24. lipnja 2026.","format":false,"excerpt":"U velja\u010di 2022. godine izdana je knjiga Building a Multiethnic Military in Post-Yugoslav Bosnia and Herzegovina autora Eliota Shorta u kojoj istra\u017euje razvoj multietni\u010dkih Oru\u017eanih snaga Bosne i Hercegovine nakon zavr\u0161etka rata te njihovu ulogu u osiguravanju stabilnosti dr\u017eave.\u00a0 O knjizi: On 1 January 2006, soldiers from across Bosnia and\u2026","rel":"","context":"U &quot;Knjige&quot;","block_context":{"text":"Knjige","link":"https:\/\/historiografija.hr\/?cat=8"},"img":{"alt_text":"","src":"https:\/\/i0.wp.com\/historiografija.hr\/wp-content\/uploads\/2026\/06\/Building-a-Multiethnic-Military.jpg?fit=800%2C1200&ssl=1&resize=350%2C200","width":350,"height":200,"srcset":"https:\/\/i0.wp.com\/historiografija.hr\/wp-content\/uploads\/2026\/06\/Building-a-Multiethnic-Military.jpg?fit=800%2C1200&ssl=1&resize=350%2C200 1x, https:\/\/i0.wp.com\/historiografija.hr\/wp-content\/uploads\/2026\/06\/Building-a-Multiethnic-Military.jpg?fit=800%2C1200&ssl=1&resize=525%2C300 1.5x, https:\/\/i0.wp.com\/historiografija.hr\/wp-content\/uploads\/2026\/06\/Building-a-Multiethnic-Military.jpg?fit=800%2C1200&ssl=1&resize=700%2C400 2x"},"classes":[]},{"id":54121,"url":"https:\/\/historiografija.hr\/?p=54121","url_meta":{"origin":30613,"position":4},"title":"ZGODOVINA NA \u0160PICI: YUGOSLAVIA AND CAMBODIA: ENTANGLED HISTORIES OF NON-ALIGNMENT","author":"Branimir Jankovi\u0107","date":"16. lipnja 2026.","format":false,"excerpt":"You are kindly invited to a new lecture in the History on the Edge series, which will take place on Wednesday, June 17, 2026, at the INZ premises or via the ZOOM link: https:\/\/us06web.zoom.us\/j\/85093074535?pwd=chFdSCgScVg8fw1djh3bVz8h9gqWtm.1 . In the new season, lectures will take place at 3 p.m. and if you will\u2026","rel":"","context":"U &quot;Novosti&quot;","block_context":{"text":"Novosti","link":"https:\/\/historiografija.hr\/?cat=3"},"img":{"alt_text":"","src":"https:\/\/i0.wp.com\/historiografija.hr\/wp-content\/uploads\/2026\/06\/ZNS_predavanje.jpg?fit=1086%2C567&ssl=1&resize=350%2C200","width":350,"height":200,"srcset":"https:\/\/i0.wp.com\/historiografija.hr\/wp-content\/uploads\/2026\/06\/ZNS_predavanje.jpg?fit=1086%2C567&ssl=1&resize=350%2C200 1x, https:\/\/i0.wp.com\/historiografija.hr\/wp-content\/uploads\/2026\/06\/ZNS_predavanje.jpg?fit=1086%2C567&ssl=1&resize=525%2C300 1.5x, https:\/\/i0.wp.com\/historiografija.hr\/wp-content\/uploads\/2026\/06\/ZNS_predavanje.jpg?fit=1086%2C567&ssl=1&resize=700%2C400 2x, https:\/\/i0.wp.com\/historiografija.hr\/wp-content\/uploads\/2026\/06\/ZNS_predavanje.jpg?fit=1086%2C567&ssl=1&resize=1050%2C600 3x"},"classes":[]},{"id":54337,"url":"https:\/\/historiografija.hr\/?p=54337","url_meta":{"origin":30613,"position":5},"title":"Online-Lecture by Sophie Momzikoff: The Yugoslav Crisis and the Russian Place in the New European Architecture","author":"Branimir Jankovi\u0107","date":"26. lipnja 2026.","format":false,"excerpt":"01.07.2026 16:00 Uhr The aim of this presentation is to show how the Yugoslav crisis served as a test for Russia\u2019s place in the post-Cold War European order. Indeed, the wars in the former Yugoslavia began just as the Russian Federation was establishing strong ties with the West. When Yugoslavia\u2026","rel":"","context":"U &quot;Novosti&quot;","block_context":{"text":"Novosti","link":"https:\/\/historiografija.hr\/?cat=3"},"img":{"alt_text":"","src":"https:\/\/i0.wp.com\/historiografija.hr\/wp-content\/uploads\/2026\/06\/photo_sophie_momzikoff.jpeg?fit=300%2C300&ssl=1&resize=350%2C200","width":350,"height":200},"classes":[]}],"_links":{"self":[{"href":"https:\/\/historiografija.hr\/index.php?rest_route=\/wp\/v2\/posts\/30613","targetHints":{"allow":["GET"]}}],"collection":[{"href":"https:\/\/historiografija.hr\/index.php?rest_route=\/wp\/v2\/posts"}],"about":[{"href":"https:\/\/historiografija.hr\/index.php?rest_route=\/wp\/v2\/types\/post"}],"author":[{"embeddable":true,"href":"https:\/\/historiografija.hr\/index.php?rest_route=\/wp\/v2\/users\/2"}],"replies":[{"embeddable":true,"href":"https:\/\/historiografija.hr\/index.php?rest_route=%2Fwp%2Fv2%2Fcomments&post=30613"}],"version-history":[{"count":1,"href":"https:\/\/historiografija.hr\/index.php?rest_route=\/wp\/v2\/posts\/30613\/revisions"}],"predecessor-version":[{"id":30615,"href":"https:\/\/historiografija.hr\/index.php?rest_route=\/wp\/v2\/posts\/30613\/revisions\/30615"}],"wp:featuredmedia":[{"embeddable":true,"href":"https:\/\/historiografija.hr\/index.php?rest_route=\/wp\/v2\/media\/30614"}],"wp:attachment":[{"href":"https:\/\/historiografija.hr\/index.php?rest_route=%2Fwp%2Fv2%2Fmedia&parent=30613"}],"wp:term":[{"taxonomy":"category","embeddable":true,"href":"https:\/\/historiografija.hr\/index.php?rest_route=%2Fwp%2Fv2%2Fcategories&post=30613"},{"taxonomy":"post_tag","embeddable":true,"href":"https:\/\/historiografija.hr\/index.php?rest_route=%2Fwp%2Fv2%2Ftags&post=30613"}],"curies":[{"name":"wp","href":"https:\/\/api.w.org\/{rel}","templated":true}]}}