{"id":30593,"date":"2022-03-25T21:38:39","date_gmt":"2022-03-25T21:38:39","guid":{"rendered":"http:\/\/historiografija.hr\/?p=30593"},"modified":"2022-03-25T21:38:39","modified_gmt":"2022-03-25T21:38:39","slug":"emir-o-filipovic-kotromanici-stvaranje-i-oblikovanje-dinastickog-identiteta-u-srednjovjekovnoj-bosni","status":"publish","type":"post","link":"https:\/\/historiografija.hr\/?p=30593","title":{"rendered":"Emir O. Filipovi\u0107, \u201cKotromani\u0107i: stvaranje i oblikovanje dinasti\u010dkog identiteta u srednjovjekovnoj Bosni\u201d"},"content":{"rendered":"\n<p>Centar za historijska istra\u017eivanja (CeHIS) Univerziteta u Sarajevu &#8211; Filozofskog fakulteta objavio je knjigu <em>Kotromani\u0107i: stvaranje i oblikovanje dinasti\u010dkog identiteta u srednjovjekovnoj Bosni<\/em> autora prof. dr. Emira Filipovi\u0107a, vanrednog profesora na Odsjeku za historiju Filozofskog fakulteta.<\/p>\n\n\n\n<p>Vi\u0161egodi\u0161nja arhivska istra\u017eivanja o bosanskom srednjovjekovlju u \u0161irem regionalnom kontekstu Filipovi\u0107 je zaokru\u017eio izuzetnom monografijom o vladarskoj dinastiji Kotromani\u0107a, njihovom porijeklu te modelima stvaranja i oblikovanja dinasti\u010dkog identiteta u kontekstu srednjovjekovnih politi\u010dko-dru\u0161tvenih i ekonomsko-socijalnih odnosa.<\/p>\n\n\n\n<p>Cijene\u0107i brojna mjesta prijepora o bosanskom srednjovjekovlju, Filipovi\u0107 je monografijom o Kotromani\u0107ima dao vrijedan doprinos razumijevanju i kontekstualiziranju dosada\u0161njih historiografskih napora daju\u0107i javnosti noviji pogled o temi koja je mibilizirala pa\u017enju vi\u0161e generacija histori\u010dara u Bosni i Hercegovini i \u0161ire.<\/p>\n\n\n\n<hr class=\"wp-block-separator\"\/>\n\n\n\n<p>Izvori i dodatne informacije:<\/p>\n\n\n\n<p><a href=\"https:\/\/historiografija.ba\/article.php?id=1158\">https:\/\/historiografija.ba\/article.php?id=1158<\/a><\/p>\n\n\n\n<p><a href=\"https:\/\/ff.unsa.ba\/index.php\/bs\/oglasna-ploca-centra-za-historijska-istrazivanja\/14000-objavljena-knjiga-kotromanici-stvaranje-i-oblikovanje-dinastickog-identiteta-u-srednjovjekovnoj-bosni-autora-prof-dr-emira-filipovica\">https:\/\/ff.unsa.ba\/index.php\/bs\/oglasna-ploca-centra-za-historijska-istrazivanja\/14000-objavljena-knjiga-kotromanici-stvaranje-i-oblikovanje-dinastickog-identiteta-u-srednjovjekovnoj-bosni-autora-prof-dr-emira-filipovica<\/a><\/p>\n\n\n\n<p><a href=\"https:\/\/www.academia.edu\/73742741\/Kotromanic_i_Stvaranje_i_oblikovanje_dinastic_kog_identiteta_u_srednjovjekovnoj_Bosni_Kotromani%C4%87i_The_construction_and_shaping_of_dynastic_identity_in_Medieval_Bosnia_Sarajevo_2022_220_pp_\">https:\/\/www.academia.edu\/73742741\/Kotromanic_i_Stvaranje_i_oblikovanje_dinastic_kog_identiteta_u_srednjovjekovnoj_Bosni_Kotromani%C4%87i_The_construction_and_shaping_of_dynastic_identity_in_Medieval_Bosnia_Sarajevo_2022_220_pp_<\/a><\/p>\n\n\n\n<hr class=\"wp-block-separator\"\/>\n","protected":false},"excerpt":{"rendered":"","protected":false},"author":2,"featured_media":30594,"comment_status":"open","ping_status":"open","sticky":false,"template":"","format":"standard","meta":{"_acf_changed":false,"jetpack_post_was_ever_published":false,"_jetpack_newsletter_access":"","_jetpack_dont_email_post_to_subs":false,"_jetpack_newsletter_tier_id":0,"_jetpack_memberships_contains_paywalled_content":false,"_jetpack_memberships_contains_paid_content":false,"footnotes":"","jetpack_publicize_message":"","jetpack_publicize_feature_enabled":true,"jetpack_social_post_already_shared":true,"jetpack_social_options":{"image_generator_settings":{"template":"highway","default_image_id":0,"font":"","enabled":false},"version":2}},"categories":[8,3],"tags":[],"class_list":["post-30593","post","type-post","status-publish","format-standard","has-post-thumbnail","hentry","category-knjige","category-novosti"],"acf":{"facebook_opis":""},"jetpack_publicize_connections":[],"jetpack_featured_media_url":"https:\/\/i0.wp.com\/historiografija.hr\/wp-content\/uploads\/2022\/03\/Emir-o-filipovic-kotromanici.jpg?fit=555%2C520&ssl=1","jetpack_sharing_enabled":true,"jetpack-related-posts":[],"_links":{"self":[{"href":"https:\/\/historiografija.hr\/index.php?rest_route=\/wp\/v2\/posts\/30593","targetHints":{"allow":["GET"]}}],"collection":[{"href":"https:\/\/historiografija.hr\/index.php?rest_route=\/wp\/v2\/posts"}],"about":[{"href":"https:\/\/historiografija.hr\/index.php?rest_route=\/wp\/v2\/types\/post"}],"author":[{"embeddable":true,"href":"https:\/\/historiografija.hr\/index.php?rest_route=\/wp\/v2\/users\/2"}],"replies":[{"embeddable":true,"href":"https:\/\/historiografija.hr\/index.php?rest_route=%2Fwp%2Fv2%2Fcomments&post=30593"}],"version-history":[{"count":1,"href":"https:\/\/historiografija.hr\/index.php?rest_route=\/wp\/v2\/posts\/30593\/revisions"}],"predecessor-version":[{"id":30595,"href":"https:\/\/historiografija.hr\/index.php?rest_route=\/wp\/v2\/posts\/30593\/revisions\/30595"}],"wp:featuredmedia":[{"embeddable":true,"href":"https:\/\/historiografija.hr\/index.php?rest_route=\/wp\/v2\/media\/30594"}],"wp:attachment":[{"href":"https:\/\/historiografija.hr\/index.php?rest_route=%2Fwp%2Fv2%2Fmedia&parent=30593"}],"wp:term":[{"taxonomy":"category","embeddable":true,"href":"https:\/\/historiografija.hr\/index.php?rest_route=%2Fwp%2Fv2%2Fcategories&post=30593"},{"taxonomy":"post_tag","embeddable":true,"href":"https:\/\/historiografija.hr\/index.php?rest_route=%2Fwp%2Fv2%2Ftags&post=30593"}],"curies":[{"name":"wp","href":"https:\/\/api.w.org\/{rel}","templated":true}]}}