{"id":30576,"date":"2022-03-24T10:31:37","date_gmt":"2022-03-24T10:31:37","guid":{"rendered":"http:\/\/historiografija.hr\/?p=30576"},"modified":"2022-03-24T10:33:17","modified_gmt":"2022-03-24T10:33:17","slug":"covid-19-u-humanistickoj-perspektivi","status":"publish","type":"post","link":"https:\/\/historiografija.hr\/?p=30576","title":{"rendered":"COVID-19 u humanisti\u010dkoj perspektivi"},"content":{"rendered":"\n<p>Uredile: Ivana Katarin\u010di\u0107, Jelena Markovi\u0107, Ines Prica, Ana-Marija Vuku\u0161i\u0107<\/p>\n\n\n\n<p>Nakladnik: Institut za etnologiju i folkloristiku<\/p>\n\n\n\n<p>Godina izdanja:<strong> <\/strong>2022.<\/p>\n\n\n\n<hr class=\"wp-block-separator\"\/>\n\n\n\n<p>IZ RECENZIJA:<\/p>\n\n\n\n<p>Odluka urednica da zbornik bude ovako \u0161irokog disciplinarnog obuhvata, i sa tim povezano ukazivanje na iznimnu slo\u017eenost i duboku dru\u0161tvenu uslovljenost i ramifikaciju ne\u010dega \u0161to se na povr\u0161ini (i akutno) poima kao prvenstveno \u201czdravstveni\u201d problem, omogu\u0107ila je da se (o\u010dekivano) poentira na saznajnoj, ali i prakti\u010dnoj i anga\u017eovanoj vrednosti humanisti\u010dkih disciplina.&nbsp;<\/p>\n\n\n\n<p>dr. sc. Ildiko Erdei<\/p>\n\n\n\n<hr class=\"wp-block-separator\"\/>\n\n\n\n<p>Zbornik <em>COVID-19 u humanisti\u010dkoj perspektivi<\/em> predstavlja prvi opse\u017ean poku\u0161aj razmatranja kulturnih i dru\u0161tvenih posljedica pandemije u nas, ukazuju\u0107i na slo\u017eenost konteksta u kojima se odvijalo problemati\u010dno suo\u010davanje dru\u0161tva sa zarazom, promjenu uvrije\u017eenih oblika djelovanja te na imaginaciju razli\u010ditih socijalnih aktera po pitanju funkcionalnosti, pa na kraju krajeva, i same ideje dru\u0161tva. Njegova kvaliteta izvire ne samo iz koli\u010dine prikupljenih podataka nego i iz raznovrsnosti pristupa i dalekose\u017enosti problematike.&nbsp;<\/p>\n\n\n\n<p>dr. sc. Tomislav Pletenac<\/p>\n\n\n\n<hr class=\"wp-block-separator\"\/>\n\n\n\n<p>Izvor i sadr\u017eaj:<\/p>\n\n\n\n<figure class=\"wp-block-embed-wordpress wp-block-embed is-type-wp-embed is-provider-institut-za-etnologiju-i-folkloristiku\"><div class=\"wp-block-embed__wrapper\">\n<blockquote class=\"wp-embedded-content\" data-secret=\"BhCJCGdcgB\"><a href=\"https:\/\/www.ief.hr\/novosti\/covid-19-u-humanistickoj-perspektivi\/\">COVID-19 u humanisti\u010dkoj perspektivi<\/a><\/blockquote><iframe loading=\"lazy\" class=\"wp-embedded-content\" sandbox=\"allow-scripts\" security=\"restricted\" style=\"position: absolute; clip: rect(1px, 1px, 1px, 1px);\" title=\"&#8220;COVID-19 u humanisti\u010dkoj perspektivi&#8221; &#8212; Institut za etnologiju i folkloristiku\" src=\"https:\/\/www.ief.hr\/novosti\/covid-19-u-humanistickoj-perspektivi\/embed\/#?secret=BhCJCGdcgB\" data-secret=\"BhCJCGdcgB\" width=\"600\" height=\"338\" frameborder=\"0\" marginwidth=\"0\" marginheight=\"0\" scrolling=\"no\"><\/iframe>\n<\/div><\/figure>\n\n\n\n<hr class=\"wp-block-separator\"\/>\n","protected":false},"excerpt":{"rendered":"","protected":false},"author":2,"featured_media":30577,"comment_status":"open","ping_status":"open","sticky":false,"template":"","format":"standard","meta":{"_acf_changed":false,"jetpack_post_was_ever_published":false,"_jetpack_newsletter_access":"","_jetpack_dont_email_post_to_subs":false,"_jetpack_newsletter_tier_id":0,"_jetpack_memberships_contains_paywalled_content":false,"_jetpack_memberships_contains_paid_content":false,"footnotes":"","jetpack_publicize_message":"","jetpack_publicize_feature_enabled":true,"jetpack_social_post_already_shared":true,"jetpack_social_options":{"image_generator_settings":{"template":"highway","default_image_id":0,"font":"","enabled":false},"version":2}},"categories":[8,3],"tags":[],"class_list":["post-30576","post","type-post","status-publish","format-standard","has-post-thumbnail","hentry","category-knjige","category-novosti"],"acf":{"facebook_opis":""},"jetpack_publicize_connections":[],"jetpack_featured_media_url":"https:\/\/i0.wp.com\/historiografija.hr\/wp-content\/uploads\/2022\/03\/COVID_naslovnica.jpeg?fit=887%2C1280&ssl=1","jetpack_sharing_enabled":true,"jetpack-related-posts":[],"_links":{"self":[{"href":"https:\/\/historiografija.hr\/index.php?rest_route=\/wp\/v2\/posts\/30576","targetHints":{"allow":["GET"]}}],"collection":[{"href":"https:\/\/historiografija.hr\/index.php?rest_route=\/wp\/v2\/posts"}],"about":[{"href":"https:\/\/historiografija.hr\/index.php?rest_route=\/wp\/v2\/types\/post"}],"author":[{"embeddable":true,"href":"https:\/\/historiografija.hr\/index.php?rest_route=\/wp\/v2\/users\/2"}],"replies":[{"embeddable":true,"href":"https:\/\/historiografija.hr\/index.php?rest_route=%2Fwp%2Fv2%2Fcomments&post=30576"}],"version-history":[{"count":3,"href":"https:\/\/historiografija.hr\/index.php?rest_route=\/wp\/v2\/posts\/30576\/revisions"}],"predecessor-version":[{"id":30580,"href":"https:\/\/historiografija.hr\/index.php?rest_route=\/wp\/v2\/posts\/30576\/revisions\/30580"}],"wp:featuredmedia":[{"embeddable":true,"href":"https:\/\/historiografija.hr\/index.php?rest_route=\/wp\/v2\/media\/30577"}],"wp:attachment":[{"href":"https:\/\/historiografija.hr\/index.php?rest_route=%2Fwp%2Fv2%2Fmedia&parent=30576"}],"wp:term":[{"taxonomy":"category","embeddable":true,"href":"https:\/\/historiografija.hr\/index.php?rest_route=%2Fwp%2Fv2%2Fcategories&post=30576"},{"taxonomy":"post_tag","embeddable":true,"href":"https:\/\/historiografija.hr\/index.php?rest_route=%2Fwp%2Fv2%2Ftags&post=30576"}],"curies":[{"name":"wp","href":"https:\/\/api.w.org\/{rel}","templated":true}]}}