{"id":30565,"date":"2022-03-24T09:54:45","date_gmt":"2022-03-24T09:54:45","guid":{"rendered":"http:\/\/historiografija.hr\/?p=30565"},"modified":"2022-03-24T09:54:45","modified_gmt":"2022-03-24T09:54:45","slug":"borut-klabjan-gorazd-bajc-ogenj-ki-je-zajel-evropo-narodni-dom-v-trstu-1920-2020","status":"publish","type":"post","link":"https:\/\/historiografija.hr\/?p=30565","title":{"rendered":"Borut Klabjan, Gorazd Bajc, \u201eOgenj, ki je zajel Evropo. Narodni dom v Trstu (1920-2020)\u201c"},"content":{"rendered":"\n<p><em>Mladinska knjiga<\/em> je 2021. objavila knjigu \u201eOgenj, ki je zajel Evropo. Narodni dom v Trstu (1920-2020)\u201c (\u201eVatra koja je zahvatila Europu: Narodni dom u Trstu 1920. \u2013 2020.\u201c) a autori su Gorazd Bajc i Borut Klabjan.<\/p>\n\n\n\n<p>Fa\u0161isti\u010dki odredi su 13. jula 1920. spalili Narodni dom, simbol slovenske i slavenske emancipacije u sredi\u0161tu Trsta pred pasivno\u0161\u0107u talijanskih vlasti. Istoga dana fa\u0161isti\u010dko nasilje zahvatilo je i druge slavenske institucije u gradu Trstu. Julsko nasilje predstavljalo je pravo vatreno kr\u0161tenje grani\u010dnog fa\u0161izma, ulilo mu je samopouzdanje za pohod&#8230;<\/p>\n\n\n\n<p>Knjiga \u201eVatra koja je zahvatila Europu: Narodni dom u Trstu 1920. \u2013 2020.\u201c prva je dubinska i detaljna studija o paljenju tr\u0161\u0107anskog Narodnog doma, kao i njegovoj sociolo\u0161koj i kulturnoj povijesti, koja traje do danas, kada je Narodni dom ponovno u vlasni\u0161tvu slovenske zajednice u Italiji.<\/p>\n\n\n\n<p><strong>Gorazd Bajc<\/strong>, doktor historijskih nauka, izv. prof. prof. na Odsjeku za povijest Filozofskog fakulteta Sveu\u010dili\u0161ta u Mariboru, gdje predaje povijest Europe i Balkana u 20. stolje\u0107u. Podru\u010dja njegova istra\u017eivanja obuhvataju povijest me\u0111unarodnih odnosa, obavje\u0161tajne slu\u017ebe, jugoslavensko\/slovensko-talijanske odnose, antifa\u0161izam i manjine, te nasilje, uklju\u010duju\u0107i i nasilje nad \u017eenama na Primorskom i u Istri u tranzicijskim razdobljima nakon Prvog i Drugog svjetskog rata.<\/p>\n\n\n\n<p><strong>Borut Klabjan<\/strong> je doktor historijskih nauka, nau\u010dni savjetnik u Znanstveno-istra\u017eiva\u010dkom centru Koper, a kao izvanredni profesor predaje na Filozofskom fakultetu Sveu\u010dili\u0161ta u Ljubljani. Bavi se politi\u010dkom, dru\u0161tvenom i kulturnom povije\u0161\u0107u srednje i isto\u010dne Europe u 19. i 20. stolje\u0107u, s posebnim osvrtom na pograni\u010dna podru\u010dja. Me\u0111u naj\u010de\u0161\u0107im studijama slu\u010daja su sjeverni Jadran i grad Trst, te \u010ce\u0161ka i Slova\u010dka.<\/p>\n\n\n\n<p>Izvor: <a rel=\"noreferrer noopener\" href=\"https:\/\/www.mladinska-knjiga.si\/knjige\/stvarna-literatura\/ogenj-ki-je-zajel-evropo\" target=\"_blank\">Mladinska knjiga<\/a>.<\/p>\n\n\n\n<hr class=\"wp-block-separator\"\/>\n\n\n\n<p>Preneseno s portala <strong>Historiografija.ba<\/strong>:<\/p>\n\n\n\n<p><a href=\"https:\/\/historiografija.ba\/article.php?id=1123\">https:\/\/historiografija.ba\/article.php?id=1123<\/a><\/p>\n\n\n\n<hr class=\"wp-block-separator\"\/>\n","protected":false},"excerpt":{"rendered":"","protected":false},"author":2,"featured_media":30566,"comment_status":"open","ping_status":"open","sticky":false,"template":"","format":"standard","meta":{"_acf_changed":false,"jetpack_post_was_ever_published":false,"_jetpack_newsletter_access":"","_jetpack_dont_email_post_to_subs":false,"_jetpack_newsletter_tier_id":0,"_jetpack_memberships_contains_paywalled_content":false,"_jetpack_memberships_contains_paid_content":false,"footnotes":"","jetpack_publicize_message":"","jetpack_publicize_feature_enabled":true,"jetpack_social_post_already_shared":true,"jetpack_social_options":{"image_generator_settings":{"template":"highway","default_image_id":0,"font":"","enabled":false},"version":2}},"categories":[8,3],"tags":[],"class_list":["post-30565","post","type-post","status-publish","format-standard","has-post-thumbnail","hentry","category-knjige","category-novosti"],"acf":{"facebook_opis":""},"jetpack_publicize_connections":[],"jetpack_featured_media_url":"https:\/\/i0.wp.com\/historiografija.hr\/wp-content\/uploads\/2022\/03\/Ogenj_ki_je_zajel-evropo.jpg?fit=450%2C671&ssl=1","jetpack_sharing_enabled":true,"jetpack-related-posts":[],"_links":{"self":[{"href":"https:\/\/historiografija.hr\/index.php?rest_route=\/wp\/v2\/posts\/30565","targetHints":{"allow":["GET"]}}],"collection":[{"href":"https:\/\/historiografija.hr\/index.php?rest_route=\/wp\/v2\/posts"}],"about":[{"href":"https:\/\/historiografija.hr\/index.php?rest_route=\/wp\/v2\/types\/post"}],"author":[{"embeddable":true,"href":"https:\/\/historiografija.hr\/index.php?rest_route=\/wp\/v2\/users\/2"}],"replies":[{"embeddable":true,"href":"https:\/\/historiografija.hr\/index.php?rest_route=%2Fwp%2Fv2%2Fcomments&post=30565"}],"version-history":[{"count":1,"href":"https:\/\/historiografija.hr\/index.php?rest_route=\/wp\/v2\/posts\/30565\/revisions"}],"predecessor-version":[{"id":30567,"href":"https:\/\/historiografija.hr\/index.php?rest_route=\/wp\/v2\/posts\/30565\/revisions\/30567"}],"wp:featuredmedia":[{"embeddable":true,"href":"https:\/\/historiografija.hr\/index.php?rest_route=\/wp\/v2\/media\/30566"}],"wp:attachment":[{"href":"https:\/\/historiografija.hr\/index.php?rest_route=%2Fwp%2Fv2%2Fmedia&parent=30565"}],"wp:term":[{"taxonomy":"category","embeddable":true,"href":"https:\/\/historiografija.hr\/index.php?rest_route=%2Fwp%2Fv2%2Fcategories&post=30565"},{"taxonomy":"post_tag","embeddable":true,"href":"https:\/\/historiografija.hr\/index.php?rest_route=%2Fwp%2Fv2%2Ftags&post=30565"}],"curies":[{"name":"wp","href":"https:\/\/api.w.org\/{rel}","templated":true}]}}