{"id":30557,"date":"2022-03-24T09:37:41","date_gmt":"2022-03-24T09:37:41","guid":{"rendered":"http:\/\/historiografija.hr\/?p=30557"},"modified":"2022-03-24T09:47:26","modified_gmt":"2022-03-24T09:47:26","slug":"predstavljanje-zbornika-radova-stefan-zagrebec-i-njegovo-djelo","status":"publish","type":"post","link":"https:\/\/historiografija.hr\/?p=30557","title":{"rendered":"Predstavljanje zbornika radova \u0160TEFAN ZAGREBEC I NJEGOVO DJELO"},"content":{"rendered":"\n<p>Hrvatska kapucinska provincija sv. Leopolda Bogdana Mandi\u0107a, Matica hrvatska<\/p>\n\n\n\n<p>\u010cetvrtak, 24. o\u017eujka 2022. u 17:30 sati, Dvorana Jure Petri\u010devi\u0107a, Ulica Matice hrvatske 2, Strossmayerov trg 4, Zagreb<\/p>\n\n\n\n<p><strong>\u0160tefan Zagrebec i njegovo djelo<br><\/strong><em>Zbornik radova s Me\u0111unarodnoga znanstvenog skupa<br>Povodom 350. obljetnice ro\u0111enja (1669 \u2013 1742)<br><\/em>Izd. Hrvatska kapucinska provincija sv. Leopolda Bogdana Mandi\u0107a, Zagreb 2020.<\/p>\n\n\n\n<p>O zborniku \u0107e govoriti:<\/p>\n\n\n\n<p>Fra Juro \u0160imi\u0107 OFMCap.<br>Provincijal Hrvatske kapucinske provincije Sv. Leopolda Bogdana Mandi\u0107a<\/p>\n\n\n\n<p>Urednik zbornika: Alojz Jembrih, prof. emer.<\/p>\n\n\n\n<p>Dr. sc. Ivan Armanda<\/p>\n\n\n\n<p>Petar U\u0161kovi\u0107 Croata, mag. educ. class. et croat. Lat.<\/p>\n\n\n\n<p>U trinaest radova osvjetljeni su \u017eivot i djelo najglasovitijega kapucina propovjednika iz razdoblja knji\u017eevnoga baroka u Zagreba\u010dkoj biskupiji 18. stolje\u0107a. Rije\u010d je dakle o piscu o kojemu se jo\u0161 premalo zna. \u0160tefan Zagrebec je svojim djelom <em>Hrana duhovna<\/em> ( 3115 str.) zadu\u017eio hrvatsku propovjedni\u010dku kajkavsku knji\u017eevnost baroka, staviv\u0161i je u europski vrijednostni tekstovni korpus 18. stolje\u0107a.<\/p>\n\n\n\n<hr class=\"wp-block-separator\"\/>\n\n\n\n<p>Izvor:<\/p>\n\n\n\n<p><a href=\"https:\/\/www.matica.hr\/zbivanja\/predstavljanje-zbornika-radova-stefan-zagrebec-i-njegovo-djelo-3286\/\">https:\/\/www.matica.hr\/zbivanja\/predstavljanje-zbornika-radova-stefan-zagrebec-i-njegovo-djelo-3286\/<\/a><\/p>\n\n\n\n<hr class=\"wp-block-separator\"\/>\n","protected":false},"excerpt":{"rendered":"","protected":false},"author":2,"featured_media":30558,"comment_status":"open","ping_status":"open","sticky":false,"template":"","format":"standard","meta":{"_acf_changed":false,"_jetpack_newsletter_access":"","_jetpack_dont_email_post_to_subs":false,"_jetpack_newsletter_tier_id":0,"_jetpack_memberships_contains_paywalled_content":false,"_jetpack_memberships_contains_paid_content":false,"footnotes":"","jetpack_publicize_message":"","jetpack_publicize_feature_enabled":true,"jetpack_social_post_already_shared":true,"jetpack_social_options":{"image_generator_settings":{"template":"highway","default_image_id":0,"font":"","enabled":false},"version":2},"jetpack_post_was_ever_published":false},"categories":[3],"tags":[],"class_list":["post-30557","post","type-post","status-publish","format-standard","has-post-thumbnail","hentry","category-novosti"],"acf":{"facebook_opis":""},"jetpack_publicize_connections":[],"jetpack_featured_media_url":"https:\/\/i0.wp.com\/historiografija.hr\/wp-content\/uploads\/2022\/03\/zbornik_stefan_zagrebec.jpg?fit=140%2C199&ssl=1","jetpack_sharing_enabled":true,"jetpack-related-posts":[{"id":54976,"url":"https:\/\/historiografija.hr\/?p=54976","url_meta":{"origin":30557,"position":0},"title":"Hadrijan Franjo Borak &#8211; Tomislav Janko \u0160agi-Buni\u0107. Korespondencija 1947. \u2013 1979.","author":"Branimir Jankovi\u0107","date":"14. kolovoza 2026.","format":false,"excerpt":"Uredili: Andrea Fili\u0107 i Anto Bari\u0161i\u0107 Broj stranica: 648Godina izdanja: 2026.Izdava\u010d: Hrvatska kapucinska provincija sv. Leopolda Bogdana Mandi\u0107a, Kr\u0161\u0107anska sada\u0161njost d.o.o. Ova iznimna knjiga donosi vi\u0161e od trideset godina korespondencije dvojice istaknutih hrvatskih kapucina, profesora i teologa \u2013 Hadrijana Franje Boraka i Tomislava Janka \u0160agi-Buni\u0107a. U razdoblju od 1947. do\u2026","rel":"","context":"U &quot;Knjige&quot;","block_context":{"text":"Knjige","link":"https:\/\/historiografija.hr\/?cat=8"},"img":{"alt_text":"","src":"https:\/\/i0.wp.com\/historiografija.hr\/wp-content\/uploads\/2026\/08\/slika-5.png?fit=705%2C1000&ssl=1&resize=350%2C200","width":350,"height":200,"srcset":"https:\/\/i0.wp.com\/historiografija.hr\/wp-content\/uploads\/2026\/08\/slika-5.png?fit=705%2C1000&ssl=1&resize=350%2C200 1x, https:\/\/i0.wp.com\/historiografija.hr\/wp-content\/uploads\/2026\/08\/slika-5.png?fit=705%2C1000&ssl=1&resize=525%2C300 1.5x, https:\/\/i0.wp.com\/historiografija.hr\/wp-content\/uploads\/2026\/08\/slika-5.png?fit=705%2C1000&ssl=1&resize=700%2C400 2x"},"classes":[]},{"id":53463,"url":"https:\/\/historiografija.hr\/?p=53463","url_meta":{"origin":30557,"position":1},"title":"Predstavljen je prvi svezak zbornika \u201cNovi prilozi za povijest hrvatske socijaldemokracije\u201d","author":"Branimir Jankovi\u0107","date":"19. svibnja 2026.","format":false,"excerpt":"U srijedu 6. svibnja 2026. u Knji\u017enici i \u010ditaonici Bogdana Ogrizovi\u0107a u Zagrebu u sklopu ovogodi\u0161njeg Kliofesta odr\u017eano je predstavljanje prvoga sveska zbornika Novi prilozi za povijest hrvatske socijaldemokracije urednika dr. sc. Matka Globa\u010dnika. Zbornik su predstavili recenzenti s Filozofskog fakulteta Sveu\u010dili\u0161ta u Zagrebu, dr. sc. Martin Previ\u0161i\u0107, red. prof.,\u2026","rel":"","context":"U &quot;Novosti&quot;","block_context":{"text":"Novosti","link":"https:\/\/historiografija.hr\/?cat=3"},"img":{"alt_text":"","src":"https:\/\/i0.wp.com\/historiografija.hr\/wp-content\/uploads\/2026\/05\/Kliofest-6_5_2026.jpg?fit=1030%2C633&ssl=1&resize=350%2C200","width":350,"height":200,"srcset":"https:\/\/i0.wp.com\/historiografija.hr\/wp-content\/uploads\/2026\/05\/Kliofest-6_5_2026.jpg?fit=1030%2C633&ssl=1&resize=350%2C200 1x, https:\/\/i0.wp.com\/historiografija.hr\/wp-content\/uploads\/2026\/05\/Kliofest-6_5_2026.jpg?fit=1030%2C633&ssl=1&resize=525%2C300 1.5x, https:\/\/i0.wp.com\/historiografija.hr\/wp-content\/uploads\/2026\/05\/Kliofest-6_5_2026.jpg?fit=1030%2C633&ssl=1&resize=700%2C400 2x"},"classes":[]},{"id":53074,"url":"https:\/\/historiografija.hr\/?p=53074","url_meta":{"origin":30557,"position":2},"title":"Predstavljanje zbornika znanstvenih radova &#8220;Romantizam Stanka Vraza&#8221;","author":"Branimir Jankovi\u0107","date":"11. svibnja 2026.","format":false,"excerpt":"Srda\u010dno vas pozivamo na predstavljanje zbornika znanstvenih radova Romantizam Stanka Vraza\u00a0(ur. Marina Protrka \u0160timec, FFPress, POU Samobor, 2026) koje \u0107e se odr\u017eati 14. svibnja 2026. u\u00a018 sati u Booksi (Marti\u0107eva ul. 14d, Zagreb). O knjizi \u0107e govoriti: Jelena Vojvoda (POU Samobor) Andrea Milanko (Filozofski fakultet Sveu\u010dili\u0161ta u Zagrebu) Ana Tomljenovi\u0107\u2026","rel":"","context":"U &quot;Novosti&quot;","block_context":{"text":"Novosti","link":"https:\/\/historiografija.hr\/?cat=3"},"img":{"alt_text":"","src":"https:\/\/i0.wp.com\/historiografija.hr\/wp-content\/uploads\/2026\/05\/Romantizam.png?fit=576%2C447&ssl=1&resize=350%2C200","width":350,"height":200,"srcset":"https:\/\/i0.wp.com\/historiografija.hr\/wp-content\/uploads\/2026\/05\/Romantizam.png?fit=576%2C447&ssl=1&resize=350%2C200 1x, https:\/\/i0.wp.com\/historiografija.hr\/wp-content\/uploads\/2026\/05\/Romantizam.png?fit=576%2C447&ssl=1&resize=525%2C300 1.5x"},"classes":[]},{"id":53333,"url":"https:\/\/historiografija.hr\/?p=53333","url_meta":{"origin":30557,"position":3},"title":"Predstavljanje knjige &#8220;DOM(A) U OBJE DOMOVINE. Sve\u010dani zbornik u \u010dast Dinka \u0160ok\u010devi\u0107a&#8221; u Zagrebu","author":"Branimir Jankovi\u0107","date":"14. svibnja 2026.","format":false,"excerpt":"Institut Liszt\u2013 Ma\u0111arski kulturni centar\u00a0u Zagrebu poziva Vas na predstavljanje knjige pod nazivom DOM(A) U OBJE DOMOVINE Sve\u010dani zbornik radova u \u010dast Dinka \u0160ok\u010devi\u0107a Izvanredna je \u010dast i zadovoljstvo za na\u0161 Institut da \u0107e biti doma\u0107in predstavljanju ove knjige, kojom odajemo po\u010dast povjesni\u010daru Dinku \u0160ok\u010devi\u0107u, prvom ravnatelju Instituta Liszt\u00a0u Zagrebu\u2026","rel":"","context":"U &quot;Novosti&quot;","block_context":{"text":"Novosti","link":"https:\/\/historiografija.hr\/?cat=3"},"img":{"alt_text":"","src":"https:\/\/i0.wp.com\/historiografija.hr\/wp-content\/uploads\/2026\/05\/Predstavljanje-zbornika-u-cast-Dinka-Sokcevica.jpg?fit=1200%2C848&ssl=1&resize=350%2C200","width":350,"height":200,"srcset":"https:\/\/i0.wp.com\/historiografija.hr\/wp-content\/uploads\/2026\/05\/Predstavljanje-zbornika-u-cast-Dinka-Sokcevica.jpg?fit=1200%2C848&ssl=1&resize=350%2C200 1x, https:\/\/i0.wp.com\/historiografija.hr\/wp-content\/uploads\/2026\/05\/Predstavljanje-zbornika-u-cast-Dinka-Sokcevica.jpg?fit=1200%2C848&ssl=1&resize=525%2C300 1.5x, https:\/\/i0.wp.com\/historiografija.hr\/wp-content\/uploads\/2026\/05\/Predstavljanje-zbornika-u-cast-Dinka-Sokcevica.jpg?fit=1200%2C848&ssl=1&resize=700%2C400 2x, https:\/\/i0.wp.com\/historiografija.hr\/wp-content\/uploads\/2026\/05\/Predstavljanje-zbornika-u-cast-Dinka-Sokcevica.jpg?fit=1200%2C848&ssl=1&resize=1050%2C600 3x"},"classes":[]},{"id":53096,"url":"https:\/\/historiografija.hr\/?p=53096","url_meta":{"origin":30557,"position":4},"title":"Novi broj \u010dasopisa \u201eHrvatska revija\u201c (4\/2025) \u2013 Tema broja: U po\u010detku bija\u0161e kraljevstvo","author":"Filip \u0160imunjak","date":"14. svibnja 2026.","format":false,"excerpt":"Novi broj \u201cHrvatske revije\u201d (4-2025) donosi temu broja \u201eU po\u010detku bija\u0161e kraljevstvo\u201c. Broj je dostupan online na: https:\/\/www.matica.hr\/hr\/844\/ Tema broja: U po\u010detku bija\u0161e kraljevstvo Vladimir P. Goss:\u00a0Kraljevstvo, duh i prostor Osvrt na izlo\u017ebu \u00bbU po\u010detku bija\u0161e kraljevstvo\u00ab, Galerija Klovi\u0107evi dvori, Zagreb, 16. listopada 2025. \u2013 15. velja\u010de, 2026. Ivan Buljevi\u0107:\u00a0U\u2026","rel":"","context":"U &quot;\u010casopisi&quot;","block_context":{"text":"\u010casopisi","link":"https:\/\/historiografija.hr\/?cat=21"},"img":{"alt_text":"","src":"https:\/\/i0.wp.com\/historiografija.hr\/wp-content\/uploads\/2026\/05\/Hrvatska-revija-42025.jpg?fit=681%2C933&ssl=1&resize=350%2C200","width":350,"height":200,"srcset":"https:\/\/i0.wp.com\/historiografija.hr\/wp-content\/uploads\/2026\/05\/Hrvatska-revija-42025.jpg?fit=681%2C933&ssl=1&resize=350%2C200 1x, https:\/\/i0.wp.com\/historiografija.hr\/wp-content\/uploads\/2026\/05\/Hrvatska-revija-42025.jpg?fit=681%2C933&ssl=1&resize=525%2C300 1.5x"},"classes":[]},{"id":54587,"url":"https:\/\/historiografija.hr\/?p=54587","url_meta":{"origin":30557,"position":5},"title":"Odr\u017ean okrugli stol \u201cEuropa danas: izazovi, identitet, budu\u0107nost\u201c u Splitu","author":"Branimir Jankovi\u0107","date":"14. srpnja 2026.","format":false,"excerpt":"Na blagdan svetoga Benedikta, suza\u0161titnika Europe i nebeskog za\u0161titnika Hrvatske udruge Benedikt, u Splitu je u subotu, 11. srpnja 2026., odr\u017ean sve\u010dani program kojim je ujedno obilje\u017eena i 15. obljetnica djelovanja udruge. Program je okupio velik broj sudionika i uzvanika, a crkva sv. Katarine Aleksandrijske tijekom misnog slavlja te dvorana\u2026","rel":"","context":"U &quot;Novosti&quot;","block_context":{"text":"Novosti","link":"https:\/\/historiografija.hr\/?cat=3"},"img":{"alt_text":"","src":"https:\/\/i0.wp.com\/historiografija.hr\/wp-content\/uploads\/2026\/07\/Split-okrugli-stol-scaled.jpg?fit=1200%2C900&ssl=1&resize=350%2C200","width":350,"height":200,"srcset":"https:\/\/i0.wp.com\/historiografija.hr\/wp-content\/uploads\/2026\/07\/Split-okrugli-stol-scaled.jpg?fit=1200%2C900&ssl=1&resize=350%2C200 1x, https:\/\/i0.wp.com\/historiografija.hr\/wp-content\/uploads\/2026\/07\/Split-okrugli-stol-scaled.jpg?fit=1200%2C900&ssl=1&resize=525%2C300 1.5x, https:\/\/i0.wp.com\/historiografija.hr\/wp-content\/uploads\/2026\/07\/Split-okrugli-stol-scaled.jpg?fit=1200%2C900&ssl=1&resize=700%2C400 2x, https:\/\/i0.wp.com\/historiografija.hr\/wp-content\/uploads\/2026\/07\/Split-okrugli-stol-scaled.jpg?fit=1200%2C900&ssl=1&resize=1050%2C600 3x"},"classes":[]}],"_links":{"self":[{"href":"https:\/\/historiografija.hr\/index.php?rest_route=\/wp\/v2\/posts\/30557","targetHints":{"allow":["GET"]}}],"collection":[{"href":"https:\/\/historiografija.hr\/index.php?rest_route=\/wp\/v2\/posts"}],"about":[{"href":"https:\/\/historiografija.hr\/index.php?rest_route=\/wp\/v2\/types\/post"}],"author":[{"embeddable":true,"href":"https:\/\/historiografija.hr\/index.php?rest_route=\/wp\/v2\/users\/2"}],"replies":[{"embeddable":true,"href":"https:\/\/historiografija.hr\/index.php?rest_route=%2Fwp%2Fv2%2Fcomments&post=30557"}],"version-history":[{"count":2,"href":"https:\/\/historiografija.hr\/index.php?rest_route=\/wp\/v2\/posts\/30557\/revisions"}],"predecessor-version":[{"id":30564,"href":"https:\/\/historiografija.hr\/index.php?rest_route=\/wp\/v2\/posts\/30557\/revisions\/30564"}],"wp:featuredmedia":[{"embeddable":true,"href":"https:\/\/historiografija.hr\/index.php?rest_route=\/wp\/v2\/media\/30558"}],"wp:attachment":[{"href":"https:\/\/historiografija.hr\/index.php?rest_route=%2Fwp%2Fv2%2Fmedia&parent=30557"}],"wp:term":[{"taxonomy":"category","embeddable":true,"href":"https:\/\/historiografija.hr\/index.php?rest_route=%2Fwp%2Fv2%2Fcategories&post=30557"},{"taxonomy":"post_tag","embeddable":true,"href":"https:\/\/historiografija.hr\/index.php?rest_route=%2Fwp%2Fv2%2Ftags&post=30557"}],"curies":[{"name":"wp","href":"https:\/\/api.w.org\/{rel}","templated":true}]}}