{"id":30534,"date":"2022-03-24T08:47:39","date_gmt":"2022-03-24T08:47:39","guid":{"rendered":"http:\/\/historiografija.hr\/?p=30534"},"modified":"2022-03-24T08:47:55","modified_gmt":"2022-03-24T08:47:55","slug":"amra-sacic-beca-sjeverna-bosna-u-okvirima-rimske-panonije-northern-bosnia-within-the-bounds-of-roman-pannonia","status":"publish","type":"post","link":"https:\/\/historiografija.hr\/?p=30534","title":{"rendered":"Amra \u0160a\u010di\u0107 Be\u0107a, &#8220;Sjeverna Bosna u okvirima rimske Panonije \/ Northern Bosnia within the bounds of Roman Pannonia&#8221;"},"content":{"rendered":"\n<p>Udru\u017eenje Bathinvs iz Sarajeva najavljuje izlazak iz \u0161tampe knjige doc.dr.sc. Amre \u0160a\u010di\u0107 Be\u0107a &#8220;Sjeverna Bosna u okvirima rimske Panonije \/ Northern Bosnia within the bounds of Roman Pannonia&#8221;. Rije\u010d je o luksuznom, dvojezi\u010dnom izdanju \u010diju recenziju potpisuju akademik prof.dr.sc. Rajko Brato\u017e (Slovenska akademija nauka i umjetnosti), doc.dr.sc. Milon Lovenjak (Univerzitet u Ljubljani) i dr.sc. Alka Domi\u0107 Kuni\u0107 (Hrvatska akademija znanosti i umjetnosti). Izdava\u010d knjige je Udru\u017eenje &#8220;BATHINVS&#8221;.<\/p>\n\n\n\n<p>Prva monografija koja se bavi kulturno historijskim razvojem onih dijelova prostora dana\u0161nje Bosne i Hercegovine koji su pripadali dvjema rimskim provincijama Gornjoj Panoniji i Donjoj Panoniji u periodu rimskog principata.<\/p>\n\n\n\n<hr class=\"wp-block-separator\"\/>\n\n\n\n<p>Izvor:<\/p>\n\n\n\n<p><a href=\"https:\/\/historiografija.ba\/article.php?id=1149\">https:\/\/historiografija.ba\/article.php?id=1149<\/a><\/p>\n\n\n\n<hr class=\"wp-block-separator\"\/>\n","protected":false},"excerpt":{"rendered":"","protected":false},"author":2,"featured_media":30535,"comment_status":"open","ping_status":"open","sticky":false,"template":"","format":"standard","meta":{"_acf_changed":false,"jetpack_post_was_ever_published":false,"_jetpack_newsletter_access":"","_jetpack_dont_email_post_to_subs":false,"_jetpack_newsletter_tier_id":0,"_jetpack_memberships_contains_paywalled_content":false,"_jetpack_memberships_contains_paid_content":false,"footnotes":"","jetpack_publicize_message":"","jetpack_publicize_feature_enabled":true,"jetpack_social_post_already_shared":true,"jetpack_social_options":{"image_generator_settings":{"template":"highway","default_image_id":0,"font":"","enabled":false},"version":2}},"categories":[8,3],"tags":[],"class_list":["post-30534","post","type-post","status-publish","format-standard","has-post-thumbnail","hentry","category-knjige","category-novosti"],"acf":{"facebook_opis":""},"jetpack_publicize_connections":[],"jetpack_featured_media_url":"https:\/\/i0.wp.com\/historiografija.hr\/wp-content\/uploads\/2022\/03\/Sacic-knjiga.jpg?fit=555%2C416&ssl=1","jetpack_sharing_enabled":true,"jetpack-related-posts":[],"_links":{"self":[{"href":"https:\/\/historiografija.hr\/index.php?rest_route=\/wp\/v2\/posts\/30534","targetHints":{"allow":["GET"]}}],"collection":[{"href":"https:\/\/historiografija.hr\/index.php?rest_route=\/wp\/v2\/posts"}],"about":[{"href":"https:\/\/historiografija.hr\/index.php?rest_route=\/wp\/v2\/types\/post"}],"author":[{"embeddable":true,"href":"https:\/\/historiografija.hr\/index.php?rest_route=\/wp\/v2\/users\/2"}],"replies":[{"embeddable":true,"href":"https:\/\/historiografija.hr\/index.php?rest_route=%2Fwp%2Fv2%2Fcomments&post=30534"}],"version-history":[{"count":2,"href":"https:\/\/historiografija.hr\/index.php?rest_route=\/wp\/v2\/posts\/30534\/revisions"}],"predecessor-version":[{"id":30537,"href":"https:\/\/historiografija.hr\/index.php?rest_route=\/wp\/v2\/posts\/30534\/revisions\/30537"}],"wp:featuredmedia":[{"embeddable":true,"href":"https:\/\/historiografija.hr\/index.php?rest_route=\/wp\/v2\/media\/30535"}],"wp:attachment":[{"href":"https:\/\/historiografija.hr\/index.php?rest_route=%2Fwp%2Fv2%2Fmedia&parent=30534"}],"wp:term":[{"taxonomy":"category","embeddable":true,"href":"https:\/\/historiografija.hr\/index.php?rest_route=%2Fwp%2Fv2%2Fcategories&post=30534"},{"taxonomy":"post_tag","embeddable":true,"href":"https:\/\/historiografija.hr\/index.php?rest_route=%2Fwp%2Fv2%2Ftags&post=30534"}],"curies":[{"name":"wp","href":"https:\/\/api.w.org\/{rel}","templated":true}]}}