{"id":30531,"date":"2022-03-23T18:21:09","date_gmt":"2022-03-23T18:21:09","guid":{"rendered":"http:\/\/historiografija.hr\/?p=30531"},"modified":"2022-03-23T18:21:09","modified_gmt":"2022-03-23T18:21:09","slug":"federalna-tv-bih-dokumentarni-cetvrtak-drugacija-srbija-1-dio-dok-serijal-cetvrtak-u-2030","status":"publish","type":"post","link":"https:\/\/historiografija.hr\/?p=30531","title":{"rendered":"Federalna TV BiH &#8211; Dokumentarni \u010detvrtak: Druga\u010dija Srbija, 1. dio, dok. serijal, \u010detvrtak u 20:30"},"content":{"rendered":"\n<p>Dok murali osu\u0111enim ratnim zlo\u010dincima ni\u010du Srbijom, aktuelizirala se ideja o snimanju&nbsp; serijala koji bi ukazao da ti ili sli\u010dni murali godinama Srbijom i padaju, protivnici i pristalice vlasti se decenijama sukobljavaju, javno, pa i kroz manje ili ve\u0107e srbijanske proteste.&nbsp;<\/p>\n\n\n\n<p>O tome, o Milo\u0161evi\u0107evom ubijanju svega i svih koji nisu dozvoljavali \u0161irenje ideje o Velikoj Srbiji, o decenijama bivstvovanja Balkana i odbacivanju nacionalizma govorit \u0107e u novom dokumentarnom serijalu Federalne TV osobe koje su se re\u017eimima suprostavljale i suprostavljaju. Osobe koje su preciznim i otvorenim, a \u010desto vrlo rizi\u010dnim javnim istupima kritikovali srbijanske vlasti sve od &#8221;90. tih do danas, protestvovali protiv diktature, medijskog jednoumlja i pogotovo protiv ubijanja.&nbsp;<\/p>\n\n\n\n<p>Serijal \u0107e kroz svjedo\u010denje Latinke Perovi\u0107 prikazati vinovnike Titovog doba iz kojih su&nbsp; liberali, pa i srbijanski, povukli korijene. Neki od sagovornika i to Nata\u0161a Kandi\u0107, Nenad \u010canak, Vuk Dra\u0161kovi\u0107, re\u0107i \u0107e kako su bili izlo\u017eeni razli\u010ditim napadima, nerijetko lin\u010du javnosti, \u010dak i prijetnjama smr\u0107u. \u010cut \u0107e se od drugih sagovornika za\u0161to su ih nazivali izdajnicima, kako su u ratnim danima pohodili Sarajevo, kako su se Zoran \u017divkovi\u0107, \u010cedomir Jovanovi\u0107, DOS u cjelini, suprostavili ubicama Zorana \u0110in\u0111i\u0107a, kako su se gra\u0111anski orijentirani ljudi sukobljavali sa srbijanskim vo\u0111ama, po\u010dev od Milo\u0161evi\u0107a, kako je \u017eivjeti u Srbiji kojom vlada&nbsp; Vu\u010di\u0107.&nbsp;<\/p>\n\n\n\n<p>Serijal kao troepizodni program gledat \u0107ete\u00a0 \u010detvrtkom po\u010dev od 24. marta. Autorka serijala je Elma Kazagi\u0107, a naju\u017eu ekipu koja je na projetu radila \u010dine snimatelj Almir \u010cau\u0161evi\u0107, ton majstor Boris Kragulj, monta\u017eer Jasmin Nalo.\u00a0<\/p>\n\n\n\n<hr class=\"wp-block-separator\"\/>\n\n\n\n<p>Izvori:<\/p>\n\n\n\n<p><a href=\"https:\/\/historiografija.ba\/article.php?id=1152\">https:\/\/historiografija.ba\/article.php?id=1152<\/a><\/p>\n\n\n\n<p><a href=\"https:\/\/federalna.ba\/dokumentarni-cetvrtak-drugacija-srbija-1-dio-dok-serijal-cetvrtak-u-2030-k9hh8\">https:\/\/federalna.ba\/dokumentarni-cetvrtak-drugacija-srbija-1-dio-dok-serijal-cetvrtak-u-2030-k9hh8<\/a><\/p>\n\n\n\n<hr class=\"wp-block-separator\"\/>\n","protected":false},"excerpt":{"rendered":"","protected":false},"author":2,"featured_media":30532,"comment_status":"open","ping_status":"open","sticky":false,"template":"","format":"standard","meta":{"_acf_changed":false,"jetpack_post_was_ever_published":false,"_jetpack_newsletter_access":"","_jetpack_dont_email_post_to_subs":false,"_jetpack_newsletter_tier_id":0,"_jetpack_memberships_contains_paywalled_content":false,"_jetpack_memberships_contains_paid_content":false,"footnotes":"","jetpack_publicize_message":"","jetpack_publicize_feature_enabled":true,"jetpack_social_post_already_shared":true,"jetpack_social_options":{"image_generator_settings":{"template":"highway","default_image_id":0,"font":"","enabled":false},"version":2}},"categories":[13,3],"tags":[],"class_list":["post-30531","post","type-post","status-publish","format-standard","has-post-thumbnail","hentry","category-filmovi-i-serije","category-novosti"],"acf":{"facebook_opis":""},"jetpack_publicize_connections":[],"jetpack_featured_media_url":"https:\/\/i0.wp.com\/historiografija.hr\/wp-content\/uploads\/2022\/03\/latinka-perovic-dokumentarni-cetvrtak.jpg?fit=555%2C416&ssl=1","jetpack_sharing_enabled":true,"jetpack-related-posts":[],"_links":{"self":[{"href":"https:\/\/historiografija.hr\/index.php?rest_route=\/wp\/v2\/posts\/30531","targetHints":{"allow":["GET"]}}],"collection":[{"href":"https:\/\/historiografija.hr\/index.php?rest_route=\/wp\/v2\/posts"}],"about":[{"href":"https:\/\/historiografija.hr\/index.php?rest_route=\/wp\/v2\/types\/post"}],"author":[{"embeddable":true,"href":"https:\/\/historiografija.hr\/index.php?rest_route=\/wp\/v2\/users\/2"}],"replies":[{"embeddable":true,"href":"https:\/\/historiografija.hr\/index.php?rest_route=%2Fwp%2Fv2%2Fcomments&post=30531"}],"version-history":[{"count":1,"href":"https:\/\/historiografija.hr\/index.php?rest_route=\/wp\/v2\/posts\/30531\/revisions"}],"predecessor-version":[{"id":30533,"href":"https:\/\/historiografija.hr\/index.php?rest_route=\/wp\/v2\/posts\/30531\/revisions\/30533"}],"wp:featuredmedia":[{"embeddable":true,"href":"https:\/\/historiografija.hr\/index.php?rest_route=\/wp\/v2\/media\/30532"}],"wp:attachment":[{"href":"https:\/\/historiografija.hr\/index.php?rest_route=%2Fwp%2Fv2%2Fmedia&parent=30531"}],"wp:term":[{"taxonomy":"category","embeddable":true,"href":"https:\/\/historiografija.hr\/index.php?rest_route=%2Fwp%2Fv2%2Fcategories&post=30531"},{"taxonomy":"post_tag","embeddable":true,"href":"https:\/\/historiografija.hr\/index.php?rest_route=%2Fwp%2Fv2%2Ftags&post=30531"}],"curies":[{"name":"wp","href":"https:\/\/api.w.org\/{rel}","templated":true}]}}