{"id":30528,"date":"2022-03-23T18:13:14","date_gmt":"2022-03-23T18:13:14","guid":{"rendered":"http:\/\/historiografija.hr\/?p=30528"},"modified":"2022-03-23T18:13:14","modified_gmt":"2022-03-23T18:13:14","slug":"jure-ramsak-samo-upravljanje-intelekta-drustvena-kritika-u-kasnosocijalistickoj-sloveniji","status":"publish","type":"post","link":"https:\/\/historiografija.hr\/?p=30528","title":{"rendered":"Jure Ram\u0161ak, \u201e(Samo) upravljanje intelekta: dru\u0161tvena kritika u kasnosocijalisti\u010dkoj Sloveniji\u201c"},"content":{"rendered":"\n<p>Udru\u017eenje za modernu historiju iz Sarajeva najavljuje izlazak knjige \u201e(Samo) upravljanje intelekta: dru\u0161tvena kritika u kasnosocijalisti\u010dkoj Sloveniji\u201c autora Jure Ram\u0161aka. Knjiga prikazuje sadr\u017eaj i polo\u017eaj dru\u0161tvene kritike u razdoblju socijalisti\u010dke Slovenije, od poraza partijskog \u201eliberalizma\u201c do Titove smrti (1972.-1980.). Ova je faza politi\u010dkog razvoja poslijeratne Jugoslavije \u010desto karakterizirana kao vrijeme ideolo\u0161kog zao\u0161travanja, ja\u010danja samoupravnih principa i istovremeno nagla\u0161avanja vode\u0107e uloge Saveza komunista (SK). Knjiga obuhvata \u0161iroki krug suprotstavljanja klju\u010dnim premisama slu\u017ebene komunisti\u010dke ideologije, politi\u010dkim stanovi\u0161tima SK, dru\u0161tveno-politi\u010dkim organizacijama i dr\u017eavnim tijelima, odnosno op\u0107im dru\u0161tvenim konvencijama kasnog jugoslovenskog socijalizma. U knjizi se razmatra dru\u0161tvena kritika koja se bavila principijelnim pitanjima tada\u0161njeg dru\u0161tva (ideolo\u0161kom konstrukcijom, socijalno-ekonomskom regulacijom, spoljnom i kulturnom politikom, nacionalnim pitanjem, odnosom prema vjernicima i vjerskim zajednicama itd.), te je zbog toga korisna i za razumijevanje ne samo slovena\u010dke nego i historije Bosne i Hercegovine u kasnom socijalizmu.<\/p>\n\n\n\n<p><strong>Jure Ram\u0161ak<\/strong> (1985) je nau\u010dni saradnik u Nau\u010dno-istra\u017eiva\u010dkom centru u Kopru (Slovenija). Doktorirao je 2013. na Fakultetu za humanisti\u010dke studije Unverziteta na Primorskem (Kopar). Bavi se raznim temama iz podru\u010dja politi\u010dke, diplomatske i kulturne historije Slovenije u Jugoslaviji nakon Drugog svjetskog rata.<\/p>\n\n\n\n<hr class=\"wp-block-separator\"\/>\n\n\n\n<p>Izvor:<\/p>\n\n\n\n<p><a href=\"https:\/\/historiografija.ba\/article.php?id=1151\">https:\/\/historiografija.ba\/article.php?id=1151<\/a><\/p>\n\n\n\n<hr class=\"wp-block-separator\"\/>\n","protected":false},"excerpt":{"rendered":"","protected":false},"author":2,"featured_media":30529,"comment_status":"open","ping_status":"open","sticky":false,"template":"","format":"standard","meta":{"_acf_changed":false,"jetpack_post_was_ever_published":false,"_jetpack_newsletter_access":"","_jetpack_dont_email_post_to_subs":false,"_jetpack_newsletter_tier_id":0,"_jetpack_memberships_contains_paywalled_content":false,"_jetpack_memberships_contains_paid_content":false,"footnotes":"","jetpack_publicize_message":"","jetpack_publicize_feature_enabled":true,"jetpack_social_post_already_shared":true,"jetpack_social_options":{"image_generator_settings":{"template":"highway","default_image_id":0,"font":"","enabled":false},"version":2}},"categories":[8,3],"tags":[],"class_list":["post-30528","post","type-post","status-publish","format-standard","has-post-thumbnail","hentry","category-knjige","category-novosti"],"acf":{"facebook_opis":""},"jetpack_publicize_connections":[],"jetpack_featured_media_url":"https:\/\/i0.wp.com\/historiografija.hr\/wp-content\/uploads\/2022\/03\/Jure-Ramsak-korica-knjige.jpg?fit=450%2C627&ssl=1","jetpack_sharing_enabled":true,"jetpack-related-posts":[],"_links":{"self":[{"href":"https:\/\/historiografija.hr\/index.php?rest_route=\/wp\/v2\/posts\/30528","targetHints":{"allow":["GET"]}}],"collection":[{"href":"https:\/\/historiografija.hr\/index.php?rest_route=\/wp\/v2\/posts"}],"about":[{"href":"https:\/\/historiografija.hr\/index.php?rest_route=\/wp\/v2\/types\/post"}],"author":[{"embeddable":true,"href":"https:\/\/historiografija.hr\/index.php?rest_route=\/wp\/v2\/users\/2"}],"replies":[{"embeddable":true,"href":"https:\/\/historiografija.hr\/index.php?rest_route=%2Fwp%2Fv2%2Fcomments&post=30528"}],"version-history":[{"count":1,"href":"https:\/\/historiografija.hr\/index.php?rest_route=\/wp\/v2\/posts\/30528\/revisions"}],"predecessor-version":[{"id":30530,"href":"https:\/\/historiografija.hr\/index.php?rest_route=\/wp\/v2\/posts\/30528\/revisions\/30530"}],"wp:featuredmedia":[{"embeddable":true,"href":"https:\/\/historiografija.hr\/index.php?rest_route=\/wp\/v2\/media\/30529"}],"wp:attachment":[{"href":"https:\/\/historiografija.hr\/index.php?rest_route=%2Fwp%2Fv2%2Fmedia&parent=30528"}],"wp:term":[{"taxonomy":"category","embeddable":true,"href":"https:\/\/historiografija.hr\/index.php?rest_route=%2Fwp%2Fv2%2Fcategories&post=30528"},{"taxonomy":"post_tag","embeddable":true,"href":"https:\/\/historiografija.hr\/index.php?rest_route=%2Fwp%2Fv2%2Ftags&post=30528"}],"curies":[{"name":"wp","href":"https:\/\/api.w.org\/{rel}","templated":true}]}}