{"id":30516,"date":"2022-03-22T23:07:21","date_gmt":"2022-03-22T23:07:21","guid":{"rendered":"http:\/\/historiografija.hr\/?p=30516"},"modified":"2022-07-15T13:19:58","modified_gmt":"2022-07-15T13:19:58","slug":"casopis-za-svjetsku-knjizevnost-knjizevna-smotra-promocija-tematskog-broja-vidjeti-ukrajinu-neovisna-knjizevnost-1991-2021","status":"publish","type":"post","link":"https:\/\/historiografija.hr\/?p=30516","title":{"rendered":"\u010casopis za svjetsku knji\u017eevnost \u201cKnji\u017eevna smotra\u201d \u2013 promocija tematskog broja \u201dVidjeti Ukrajinu. Neovisna knji\u017eevnost 1991.\u20132021.\u201d"},"content":{"rendered":"\n<p>\u010casopis za svjetsku knji\u017eevnost <strong><em>Knji\u017eevna smotra<\/em><\/strong> srda\u010dno poziva na promociju tematskog broja \u201d<strong>Vidjeti Ukrajinu. Neovisna knji\u017eevnost 1991.\u20132021.<\/strong>\u201d koja \u0107e se odr\u017eati u \u010detvrtak 24. o\u017eujka 2022. godine, u 12 sati u Vije\u0107nici Filozofskog fakulteta u Zagrebu.<\/p>\n\n\n\n<p><strong>Sudjeluju:<\/strong><\/p>\n\n\n\n<ul class=\"wp-block-list\"><li>red. prof. dr. sc. Oksana Timko \u0110itko, pro\u010delnica Odsjeka za isto\u010dnoslavenske jezike i knji\u017eevnosti i predstojnica Katedre za ukrajinski jezik i knji\u017eevnost, Filozofski fakultet u Zagrebu<\/li><li>akademik Josip U\u017earevi\u0107, Katedra za rusku knji\u017eevnost, Odsjek za isto\u010dnoslavenske jezike i knji\u017eevnosti, Filozofski fakultet u Zagrebu<\/li><li>dr. sc. Dariya Pavle\u0161en, Katedra za ukrajinski jezik i knji\u017eevnost, Odsjek za isto\u010dnoslavenske jezike i knji\u017eevnosti<\/li><\/ul>\n\n\n\n<p><strong>Sudjeluju video-pozivom:<\/strong><\/p>\n\n\n\n<ul class=\"wp-block-list\"><li>prof. dr. sc. Alla Tatarenko, Sveu\u010dili\u0161te Ivana Franka u Lavovu<\/li><li>prof. dr. sc. Tamara \u011eundorova, Institut za knji\u017eevnost T. \u011e. \u0160ev\u010denka Nacionalne akademije znanosti Ukrajine, Kijev<\/li><li>prof. dr. sc. Olena \u011ealeta, Sveu\u010dili\u0161te Ivana Franka i Ukrajinsko katoli\u010dko sveu\u010dili\u0161te, Lavov<\/li><li>prof. dr. sc. Uljana Fedoriv, Sveu\u010dili\u0161te Ivana Franka u Lavovu<\/li><\/ul>\n\n\n\n<p><strong>Moderator:<\/strong><br>doc. dr. sc. Filip Kozina, tajnik Knji\u017eevne smotre<\/p>\n\n\n\n<hr class=\"wp-block-separator\"\/>\n\n\n\n<p>Izvor:<\/p>\n\n\n\n<figure class=\"wp-block-embed-wordpress wp-block-embed is-type-wp-embed is-provider-filozofski-fakultet-sveucilista-u-zagrebu\"><div class=\"wp-block-embed__wrapper\">\n<blockquote class=\"wp-embedded-content\" data-secret=\"FpYdMwtVOq\"><a href=\"https:\/\/web2020.ffzg.unizg.hr\/blog\/2022\/03\/22\/casopis-za-svjetsku-knjizevnost-knjizevna-smotra-promocija-tematskog-broja-vidjeti-ukrajinu-neovisna-knjizevnost-1991-2021\/\">\u010casopis za svjetsku knji\u017eevnost Knji\u017eevna smotra &#8211; promocija tematskog broja &#8221;Vidjeti Ukrajinu. Neovisna knji\u017eevnost 1991.\u20132021.&#8221;<\/a><\/blockquote><iframe loading=\"lazy\" class=\"wp-embedded-content\" sandbox=\"allow-scripts\" security=\"restricted\" style=\"position: absolute; clip: rect(1px, 1px, 1px, 1px);\" title=\"&#8220;\u010casopis za svjetsku knji\u017eevnost Knji\u017eevna smotra &#8211; promocija tematskog broja &#8221;Vidjeti Ukrajinu. Neovisna knji\u017eevnost 1991.\u20132021.&#8221;&#8221; &#8212; Filozofski fakultet Sveu\u010dili\u0161ta u Zagrebu\" src=\"https:\/\/web2020.ffzg.unizg.hr\/blog\/2022\/03\/22\/casopis-za-svjetsku-knjizevnost-knjizevna-smotra-promocija-tematskog-broja-vidjeti-ukrajinu-neovisna-knjizevnost-1991-2021\/embed\/#?secret=FpYdMwtVOq\" data-secret=\"FpYdMwtVOq\" width=\"600\" height=\"338\" frameborder=\"0\" marginwidth=\"0\" marginheight=\"0\" scrolling=\"no\"><\/iframe>\n<\/div><\/figure>\n\n\n\n<hr class=\"wp-block-separator\"\/>\n","protected":false},"excerpt":{"rendered":"","protected":false},"author":2,"featured_media":30411,"comment_status":"open","ping_status":"open","sticky":false,"template":"","format":"standard","meta":{"_acf_changed":false,"jetpack_post_was_ever_published":false,"_jetpack_newsletter_access":"","_jetpack_dont_email_post_to_subs":false,"_jetpack_newsletter_tier_id":0,"_jetpack_memberships_contains_paywalled_content":false,"_jetpack_memberships_contains_paid_content":false,"footnotes":"","jetpack_publicize_message":"","jetpack_publicize_feature_enabled":true,"jetpack_social_post_already_shared":true,"jetpack_social_options":{"image_generator_settings":{"template":"highway","default_image_id":0,"font":"","enabled":false},"version":2}},"categories":[21,3],"tags":[],"class_list":["post-30516","post","type-post","status-publish","format-standard","has-post-thumbnail","hentry","category-casopisi","category-novosti"],"acf":{"facebook_opis":""},"jetpack_publicize_connections":[],"jetpack_featured_media_url":"https:\/\/i0.wp.com\/historiografija.hr\/wp-content\/uploads\/2022\/03\/Vidjeti-Ukrajinu.jpg?fit=150%2C219&ssl=1","jetpack_sharing_enabled":true,"jetpack-related-posts":[],"_links":{"self":[{"href":"https:\/\/historiografija.hr\/index.php?rest_route=\/wp\/v2\/posts\/30516","targetHints":{"allow":["GET"]}}],"collection":[{"href":"https:\/\/historiografija.hr\/index.php?rest_route=\/wp\/v2\/posts"}],"about":[{"href":"https:\/\/historiografija.hr\/index.php?rest_route=\/wp\/v2\/types\/post"}],"author":[{"embeddable":true,"href":"https:\/\/historiografija.hr\/index.php?rest_route=\/wp\/v2\/users\/2"}],"replies":[{"embeddable":true,"href":"https:\/\/historiografija.hr\/index.php?rest_route=%2Fwp%2Fv2%2Fcomments&post=30516"}],"version-history":[{"count":1,"href":"https:\/\/historiografija.hr\/index.php?rest_route=\/wp\/v2\/posts\/30516\/revisions"}],"predecessor-version":[{"id":30517,"href":"https:\/\/historiografija.hr\/index.php?rest_route=\/wp\/v2\/posts\/30516\/revisions\/30517"}],"wp:featuredmedia":[{"embeddable":true,"href":"https:\/\/historiografija.hr\/index.php?rest_route=\/wp\/v2\/media\/30411"}],"wp:attachment":[{"href":"https:\/\/historiografija.hr\/index.php?rest_route=%2Fwp%2Fv2%2Fmedia&parent=30516"}],"wp:term":[{"taxonomy":"category","embeddable":true,"href":"https:\/\/historiografija.hr\/index.php?rest_route=%2Fwp%2Fv2%2Fcategories&post=30516"},{"taxonomy":"post_tag","embeddable":true,"href":"https:\/\/historiografija.hr\/index.php?rest_route=%2Fwp%2Fv2%2Ftags&post=30516"}],"curies":[{"name":"wp","href":"https:\/\/api.w.org\/{rel}","templated":true}]}}