{"id":30508,"date":"2022-03-21T22:16:27","date_gmt":"2022-03-21T22:16:27","guid":{"rendered":"http:\/\/historiografija.hr\/?p=30508"},"modified":"2022-03-21T22:19:00","modified_gmt":"2022-03-21T22:19:00","slug":"international-conference-establishing-empathy-education-emotions-and-society-in-the-nineteenth-and-twentieth-centuries","status":"publish","type":"post","link":"https:\/\/historiografija.hr\/?p=30508","title":{"rendered":"International conference \u201cEstablishing Empathy: Education, Emotions and Society in the Nineteenth and Twentieth Centuries\u201d"},"content":{"rendered":"\n<p>This international conference explores the relationships between empathy, education and society in nineteenth and twentieth century Europe and its transnational connections.<\/p>\n\n\n\n<p><strong>Establishing Empathy. Education, Emotions and Society in the Nineteenth and Twentieth Centuries<\/strong><\/p>\n\n\n\n<p>Perceiving empathy as the capacity to put oneself in someone else\u2019s shoes and to share his or her feelings and experiences, the conference pursues two goals. First, it strives to examine the social and cultural institutions across Europe that functioned as \u201cschools of empathy\u201d and to question their effects on community building as well as on social mechanisms of inclusion or exclusion. Second, it aims to analyze the groups and individuals that served as \u201ceducators\u201d as well as the educational practices they developed.<\/p>\n\n\n\n<p><strong>Programm<\/strong><\/p>\n\n\n\n<p>Thursday, March 31<\/p>\n\n\n\n<p>14.00\u201314.30 WELCOME &amp; INTRODUCTION<br>Sylvia Kesper-Biermann (Hamburg), Esther M\u00f6ller (M\u00fcnchen), Katharina Stornig (Giessen)<\/p>\n\n\n\n<p>14.30\u201316.45 PANEL 1: SITES OF EMOTIONAL EDUCATION<br>Chair: Patrick B\u00fchler (Solothurn)<\/p>\n\n\n\n<p>Presenters:<br>&#8211; Carola Groppe (Hamburg): Empathy in Families. The Education of Children and Adolescents in German Bourgeois Families in the Late Nineteenth and Early Twentieth Centuries<br>&#8211; Emily Manktelow (London): Affecting Empathy. Empathy and the Family in the Colonial Missionary World<br>&#8211; Katharina Stornig (Giessen): Christian Associations, Voluntarism and the Making of Charitable Children in the Late Nineteenth and Early Twentieth Centuries<\/p>\n\n\n\n<p>16.45\u201318.15 Coffee Break<\/p>\n\n\n\n<p>18.15\u201319.45 KEYNOTE: Ute Frevert (Berlin): Historicizing Empathy and Education<br>(Universit\u00e4t Hamburg, Von-Melle-Park 8, Anna-Siemsen-H\u00f6rsaal)<\/p>\n\n\n\n<p>Friday, April 1<\/p>\n\n\n\n<p>9.15\u201310.15 CURRENT PERSPECTIVES<br>Chair: Esther M\u00f6ller (M\u00fcnchen)<\/p>\n\n\n\n<p>Presenters:<br>&#8211; Fabian Kessl (Wuppertal\/Innsbruck)\/Holger Schoneville (Hamburg): The New Charity Economy. Emotions in the Structural Transformation of Welfare State Arrangements<\/p>\n\n\n\n<p>10.15\u201313.00 PANEL 2: EMPATHY IN EDUCATIONAL INSTITUTIONS AND SOCIAL REFOM<br>Chair: Esther M\u00f6ller (M\u00fcnchen)<\/p>\n\n\n\n<p>Presenters:<br>&#8211; Maria Lucenti (Hamburg): Developing Empathy in Religion Education. From the \u201cbig six\u201d to Worldviews<\/p>\n\n\n\n<p>11.00\u201311.30 COFFEE BREAK<\/p>\n\n\n\n<p>&#8211; Stella Maria Frei (Giessen): To \u201cHelp That Great Orphan \u2013 Humanity\u201d. Empathy as an Instruction in Welfare after WWII<br>&#8211; Susan Lanzoni (Boston): Creating Empathic Connections across Cultural and Racial Barriers in Mid-Century America<\/p>\n\n\n\n<p>13.00\u201314.30 LUNCH<\/p>\n\n\n\n<p>14.15\u201317.00 PANEL 3: EMPATHY AND THE PROFESSIONS<br>Chair: Till K\u00f6ssler (Halle-Wittenberg)<\/p>\n\n\n\n<p>Presenters:<br>&#8211; Sarah Chaney (London): \u201cTyranny on the wards\u201d. Establishing Empathy in British Nursing Education, 1900\u20131939<br>&#8211; Sandra Schn\u00e4delbach (D\u00fcsseldorf): Empathy as a Tool for Social Change? German Judges and Legal Practice in the Light of Reform Movements around 1900<\/p>\n\n\n\n<p>15.45\u201316.15 COFFEE BREAK<\/p>\n\n\n\n<p>&#8211; Rob Boddice (Tampere): The Politics of Commiseration. Medical Authority, Intersubjectivity, and the Experience of Pain<\/p>\n\n\n\n<p>17.30 Exploring Hamburg\u2019s Colonial Past<\/p>\n\n\n\n<p>Saturday, April 2<\/p>\n\n\n\n<p>9.00\u201312.15 PANEL 4: POLITICS AND ESTABLISHING EMPATHY<br>Chair: Katharina Stornig (Giessen)<br>Presenters:<br>&#8211; Emmanuel Delille (Mainz): Empathy, Choice and National Solidarities in the Testimonies of Deported Physicians<br>&#8211; Joseph Ben Prestel (Berlin): The Palestine Solidarity Movement in West Germany and the Politics of Suffering<\/p>\n\n\n\n<p>10.30\u201310.45 COFFEE BREAK<\/p>\n\n\n\n<p>&#8211; Riley Linebaugh (Mainz\/Giessen): The Consequences of Imperial Empathy during the British End of Empire<br>&#8211; Dolores Mart\u00edn Moruno (Geneva): Is the Organisation Sea-Watch our contemporary \u2018University of Empathy\u2019?<\/p>\n\n\n\n<p>12.15\u201313.00: Concluding Remarks and Final Discussion<br>Sylvia Kesper-Biermann (Hamburg), Esther M\u00f6ller (M\u00fcnchen)<\/p>\n\n\n\n<hr class=\"wp-block-separator\"\/>\n\n\n\n<p><a href=\"https:\/\/www.hsozkult.de\/event\/id\/event-116651\">https:\/\/www.hsozkult.de\/event\/id\/event-116651<\/a><\/p>\n\n\n\n<p><a href=\"https:\/\/www.conferences.uni-hamburg.de\/event\/242\/\">https:\/\/www.conferences.uni-hamburg.de\/event\/242\/<\/a><\/p>\n\n\n\n<hr class=\"wp-block-separator\"\/>\n\n\n\n<p><\/p>\n","protected":false},"excerpt":{"rendered":"","protected":false},"author":2,"featured_media":30509,"comment_status":"open","ping_status":"open","sticky":false,"template":"","format":"standard","meta":{"_acf_changed":false,"_jetpack_newsletter_access":"","_jetpack_dont_email_post_to_subs":false,"_jetpack_newsletter_tier_id":0,"_jetpack_memberships_contains_paywalled_content":false,"_jetpack_memberships_contains_paid_content":false,"footnotes":"","jetpack_publicize_message":"","jetpack_publicize_feature_enabled":true,"jetpack_social_post_already_shared":true,"jetpack_social_options":{"image_generator_settings":{"template":"highway","default_image_id":0,"font":"","enabled":false},"version":2},"jetpack_post_was_ever_published":false},"categories":[3,9],"tags":[],"class_list":["post-30508","post","type-post","status-publish","format-standard","has-post-thumbnail","hentry","category-novosti","category-skupovi"],"acf":{"facebook_opis":""},"jetpack_publicize_connections":[],"jetpack_featured_media_url":"https:\/\/i0.wp.com\/historiografija.hr\/wp-content\/uploads\/2022\/03\/up-uhh-logo.jpg?fit=954%2C537&ssl=1","jetpack_sharing_enabled":true,"jetpack-related-posts":[{"id":52688,"url":"https:\/\/historiografija.hr\/?p=52688","url_meta":{"origin":30508,"position":0},"title":"Eleonora Naxidou and Yura Konstantinova \u201eBalkan Perspectives of Europe: Between East and West\u201c","author":"Filip \u0160imunjak","date":"28. travnja 2026.","format":false,"excerpt":"Through the lens of the Balkan nations, this volume makes a valuable and significant contribution to the fields of European and Southeast European studies by reconsidering the East\/West dichotomy \u2013 both in terms of the Orient\u2013Occident divide and the Eastern\u2013Western Europe binary. Balkan Perspectives of Europe focuses on concepts of\u2026","rel":"","context":"U &quot;Knjige&quot;","block_context":{"text":"Knjige","link":"https:\/\/historiografija.hr\/?cat=8"},"img":{"alt_text":"","src":"https:\/\/i0.wp.com\/historiografija.hr\/wp-content\/uploads\/2026\/04\/Balkan-Perspectives-of-Europe-Between-East-and-West.jpg?fit=350%2C525&ssl=1&resize=350%2C200","width":350,"height":200},"classes":[]},{"id":54169,"url":"https:\/\/historiografija.hr\/?p=54169","url_meta":{"origin":30508,"position":1},"title":"Women, Nationalism, and Social Networks in the Habsburg Monarchy, 1848\u20131918","author":"Branimir Jankovi\u0107","date":"18. lipnja 2026.","format":false,"excerpt":"Edited by Marta Verginella Purdue University Press Series: Central European Studies 258 Pages Published 2023 Women, Nationalism, and Social Networks in the Habsburg Monarchy, 1848\u20131918 focuses on the lives of women in Southeastern Europe during the nineteenth and twentieth centuries, exploring the intersection of gender and nationalism. By looking at\u2026","rel":"","context":"U &quot;Knjige&quot;","block_context":{"text":"Knjige","link":"https:\/\/historiografija.hr\/?cat=8"},"img":{"alt_text":"","src":"https:\/\/historiografija.hr\/wp-content\/uploads\/2026\/06\/Verginella.avif","width":350,"height":200,"srcset":"https:\/\/historiografija.hr\/wp-content\/uploads\/2026\/06\/Verginella.avif 1x, https:\/\/historiografija.hr\/wp-content\/uploads\/2026\/06\/Verginella.avif 1.5x"},"classes":[]},{"id":54410,"url":"https:\/\/historiografija.hr\/?p=54410","url_meta":{"origin":30508,"position":2},"title":"CfA: Teaching World History in the Postmodern Classroom","author":"Branimir Jankovi\u0107","date":"1. srpnja 2026.","format":false,"excerpt":"World History Bulletin, a publication of the World History Association (WHA), is seeking contributions from educators, university faculty, curriculum specialists, public historians, graduate students, and educational researchers for its upcoming issue on \u201cTeaching World History in the Postmodern Classroom.\u201d Teaching World History in the Postmodern Classroom Guest edited by Heather\u2026","rel":"","context":"U &quot;Novosti&quot;","block_context":{"text":"Novosti","link":"https:\/\/historiografija.hr\/?cat=3"},"img":{"alt_text":"","src":"https:\/\/i0.wp.com\/historiografija.hr\/wp-content\/uploads\/2026\/07\/World-history-association.png?fit=1156%2C619&ssl=1&resize=350%2C200","width":350,"height":200,"srcset":"https:\/\/i0.wp.com\/historiografija.hr\/wp-content\/uploads\/2026\/07\/World-history-association.png?fit=1156%2C619&ssl=1&resize=350%2C200 1x, https:\/\/i0.wp.com\/historiografija.hr\/wp-content\/uploads\/2026\/07\/World-history-association.png?fit=1156%2C619&ssl=1&resize=525%2C300 1.5x, https:\/\/i0.wp.com\/historiografija.hr\/wp-content\/uploads\/2026\/07\/World-history-association.png?fit=1156%2C619&ssl=1&resize=700%2C400 2x, https:\/\/i0.wp.com\/historiografija.hr\/wp-content\/uploads\/2026\/07\/World-history-association.png?fit=1156%2C619&ssl=1&resize=1050%2C600 3x"},"classes":[]},{"id":54554,"url":"https:\/\/historiografija.hr\/?p=54554","url_meta":{"origin":30508,"position":3},"title":"CfP: Religion and Revolution: Alternative Religiosity and Radical Politics in the (Post-)Industrial Age (1800-2000)","author":"Branimir Jankovi\u0107","date":"10. srpnja 2026.","format":false,"excerpt":"This conference invites scholars to examine the intersections between left-wing and\/or revolutionary politics and alternative religiosity over the past two centuries. Alternative religious ideas and practices have served as powerful resources for the political imagination, social critique, and revolutionary mobilization. Yet the relationship between alternative religious currents and emancipatory politics\u2026","rel":"","context":"U &quot;Novosti&quot;","block_context":{"text":"Novosti","link":"https:\/\/historiografija.hr\/?cat=3"},"img":{"alt_text":"","src":"https:\/\/i0.wp.com\/historiografija.hr\/wp-content\/uploads\/2017\/10\/hsozkult.png?fit=1006%2C241&ssl=1&resize=350%2C200","width":350,"height":200,"srcset":"https:\/\/i0.wp.com\/historiografija.hr\/wp-content\/uploads\/2017\/10\/hsozkult.png?fit=1006%2C241&ssl=1&resize=350%2C200 1x, https:\/\/i0.wp.com\/historiografija.hr\/wp-content\/uploads\/2017\/10\/hsozkult.png?fit=1006%2C241&ssl=1&resize=525%2C300 1.5x, https:\/\/i0.wp.com\/historiografija.hr\/wp-content\/uploads\/2017\/10\/hsozkult.png?fit=1006%2C241&ssl=1&resize=700%2C400 2x"},"classes":[]},{"id":54031,"url":"https:\/\/historiografija.hr\/?p=54031","url_meta":{"origin":30508,"position":4},"title":"Call for Book Chapters: Alternatives to the Nation-State: Federalism, Autonomy, and Post-Imperial Imaginaries in the Mediterranean Long Nineteenth Century","author":"Branimir Jankovi\u0107","date":"11. lipnja 2026.","format":false,"excerpt":"Workshop Date: September 24, 2026 - September 25, 2026 Location: Greece Subject Fields: Intellectual History, Modern European History \/ Studies \u00a0 \u00a0 \u00a0 \u00a0 \u00a0 \u00a0 \u00a0 \u00a0 \u00a0 \u00a0 \u00a0 \u00a0 \u00a0 \u00a0 \u00a0 \u00a0 \u00a0 \u00a0 \u00a0 \u00a0 \u00a0 \u00a0 \u00a0 \u00a0 \u00a0 \u00a0 \u00a0 \u00a0 \u00a0 \u00a0\u2026","rel":"","context":"U &quot;Novosti&quot;","block_context":{"text":"Novosti","link":"https:\/\/historiografija.hr\/?cat=3"},"img":{"alt_text":"","src":"https:\/\/i0.wp.com\/historiografija.hr\/wp-content\/uploads\/2026\/06\/HNet_Logo_with_tag.png?fit=1200%2C424&ssl=1&resize=350%2C200","width":350,"height":200,"srcset":"https:\/\/i0.wp.com\/historiografija.hr\/wp-content\/uploads\/2026\/06\/HNet_Logo_with_tag.png?fit=1200%2C424&ssl=1&resize=350%2C200 1x, https:\/\/i0.wp.com\/historiografija.hr\/wp-content\/uploads\/2026\/06\/HNet_Logo_with_tag.png?fit=1200%2C424&ssl=1&resize=525%2C300 1.5x, https:\/\/i0.wp.com\/historiografija.hr\/wp-content\/uploads\/2026\/06\/HNet_Logo_with_tag.png?fit=1200%2C424&ssl=1&resize=700%2C400 2x, https:\/\/i0.wp.com\/historiografija.hr\/wp-content\/uploads\/2026\/06\/HNet_Logo_with_tag.png?fit=1200%2C424&ssl=1&resize=1050%2C600 3x"},"classes":[]},{"id":54470,"url":"https:\/\/historiografija.hr\/?p=54470","url_meta":{"origin":30508,"position":5},"title":"Women\u2019s Labour Activism in Eastern Europe and Beyond: A New Transnational History","author":"Branimir Jankovi\u0107","date":"6. srpnja 2026.","format":false,"excerpt":"Selin \u00c7a\u011fatay (Author), M\u00e1ty\u00e1s Erd\u00e9lyi (Author), Alexandra Ghi\u021b (Author), Olga Gnydiuk (Author), Veronika Helfert (Author), Ivelina Masheva (Author), Zhanna Popova (Author), Jelena Te\u0161ija (Author), Eszter Varsa (Author), Susan Zimmermann (Author) Series: Work Around the World This collaborative monograph presents a deeply researched, inclusive history of women\u2019s labour activism in Eastern\u2026","rel":"","context":"U &quot;E-knjige&quot;","block_context":{"text":"E-knjige","link":"https:\/\/historiografija.hr\/?cat=19"},"img":{"alt_text":"","src":"https:\/\/i0.wp.com\/historiografija.hr\/wp-content\/uploads\/2026\/07\/Activism-book.jpg?fit=652%2C442&ssl=1&resize=350%2C200","width":350,"height":200,"srcset":"https:\/\/i0.wp.com\/historiografija.hr\/wp-content\/uploads\/2026\/07\/Activism-book.jpg?fit=652%2C442&ssl=1&resize=350%2C200 1x, https:\/\/i0.wp.com\/historiografija.hr\/wp-content\/uploads\/2026\/07\/Activism-book.jpg?fit=652%2C442&ssl=1&resize=525%2C300 1.5x"},"classes":[]}],"_links":{"self":[{"href":"https:\/\/historiografija.hr\/index.php?rest_route=\/wp\/v2\/posts\/30508","targetHints":{"allow":["GET"]}}],"collection":[{"href":"https:\/\/historiografija.hr\/index.php?rest_route=\/wp\/v2\/posts"}],"about":[{"href":"https:\/\/historiografija.hr\/index.php?rest_route=\/wp\/v2\/types\/post"}],"author":[{"embeddable":true,"href":"https:\/\/historiografija.hr\/index.php?rest_route=\/wp\/v2\/users\/2"}],"replies":[{"embeddable":true,"href":"https:\/\/historiografija.hr\/index.php?rest_route=%2Fwp%2Fv2%2Fcomments&post=30508"}],"version-history":[{"count":3,"href":"https:\/\/historiografija.hr\/index.php?rest_route=\/wp\/v2\/posts\/30508\/revisions"}],"predecessor-version":[{"id":30512,"href":"https:\/\/historiografija.hr\/index.php?rest_route=\/wp\/v2\/posts\/30508\/revisions\/30512"}],"wp:featuredmedia":[{"embeddable":true,"href":"https:\/\/historiografija.hr\/index.php?rest_route=\/wp\/v2\/media\/30509"}],"wp:attachment":[{"href":"https:\/\/historiografija.hr\/index.php?rest_route=%2Fwp%2Fv2%2Fmedia&parent=30508"}],"wp:term":[{"taxonomy":"category","embeddable":true,"href":"https:\/\/historiografija.hr\/index.php?rest_route=%2Fwp%2Fv2%2Fcategories&post=30508"},{"taxonomy":"post_tag","embeddable":true,"href":"https:\/\/historiografija.hr\/index.php?rest_route=%2Fwp%2Fv2%2Ftags&post=30508"}],"curies":[{"name":"wp","href":"https:\/\/api.w.org\/{rel}","templated":true}]}}