{"id":30494,"date":"2022-03-21T21:45:56","date_gmt":"2022-03-21T21:45:56","guid":{"rendered":"http:\/\/historiografija.hr\/?p=30494"},"modified":"2022-03-21T21:45:56","modified_gmt":"2022-03-21T21:45:56","slug":"predstavljena-knjiga-rat-ljudi-brojevi-vukovar-1991-i-danas","status":"publish","type":"post","link":"https:\/\/historiografija.hr\/?p=30494","title":{"rendered":"Predstavljena knjiga \u201cRat, ljudi, brojevi \u2013 Vukovar 1991. i danas\u201d"},"content":{"rendered":"\n<p><strong>U velikoj konferencijskoj dvorani Dr\u017eavnoga arhiva u Vukovaru odr\u017eano je 4. o\u017eujka 2022. sve\u010dano predstavljanje knjige \u201cRat, ljudi, brojevi \u2013 Vukovar 1991. i danas\u201d, autora dr. sc. Sandre Cviki\u0107, dr. sc. Dra\u017eena \u017divi\u0107a i Josipe Maras Kraljevi\u0107, mag.<\/strong><\/p>\n\n\n\n<p>\u2013 <a href=\"https:\/\/www.pilar.hr\/wp-content\/uploads\/2022\/03\/Pozivnica_Rat-ljudi-brojevi_Vu91.pdf\">Pozivnica za predstavljanje knjige \u201cRat, ljudi, brojevi \u2013 Vukovar 1991. i danas\u201d, 4. 3. 2022.<\/a><br>\u2013 <a href=\"https:\/\/www.pilar.hr\/2022\/01\/objavljena-knjiga-rat-ljudi-brojevi-vukovar-1991-i-danas\/\">Objavljena knjiga RAT, LJUDI, BROJEVI \u2013 VUKOVAR 1991. I DANAS<\/a><\/p>\n\n\n\n<p><strong>Rije\u010d je o publikaciji<\/strong> koja je nastala kao rezultat jednogodi\u0161njeg istoimenog znanstvenog projekta koji se provodio u suradnji Dr\u017eavnoga arhiva u Vukovaru i Instituta dru\u0161tvenih znanosti Ivo Pilar, koji su ujedno i nakladnici knjige te suorganizatori njezine promocije. Financijsku potporu provedbi projekta i objavi knjige dalo je Ministarstvo kulture i medija. Nazo\u010dnima su pozdravne rije\u010di uputili Petar Elez, prof., ravnatelj Dr\u017eavnoga arhiva u Vukovaru i doc. dr. sc. Mateo \u017dani\u0107, voditelj Podru\u010dnoga centra Instituta Pilar u Vukovaru. O knjizi su govorili dr. sc. Slaven Ru\u017ei\u0107 i prof. dr. sc. u miru Ozren \u017dunec, koji su, uz prof. dr. sc. Ivana Rogi\u0107a i prof. dr. sc. Nenada Pokosa, bili recenzenti knjige te njezini autori, od kojih se voditeljica projekta dr. sc. Sandra Cviki\u0107 nazo\u010dnima obratila iz Istanbula putem ZOOM online platforme. Promociji su nazo\u010dili brojni uglednici iz kulturnog i dru\u0161tvenog \u017eivota Grada Vukovara, me\u0111u kojima dekan Veleu\u010dili\u0161ta \u201cLavoslav Ru\u017ei\u010dka\u201d, upraviteljica Zavoda HAZU u Vukovaru, ravnateljica Gradskog muzeja Vukovar, predsjednica Ogranka Matice hrvatske u Vukovaru, ravnateljica Hrvatskoga doma Vukovar, ravnateljica Muzeja Vu\u010dedolske kulture, predstavnici Grada Vukovara i Vukovarsko-srijemske \u017eupanije i dr.<\/p>\n\n\n\n<p>Iz medija<\/p>\n\n\n\n<p><strong>\u2013 Glas Slavonije:<\/strong> <a href=\"http:\/\/glas.hr\/487973\/4\/U-Domovinskom-ratu-stradale-su-1933-osobe-iz-Vukovara\">U Domovinskom ratu stradale su 1933 osobe iz Vukovara, 5. 3. 2022.<\/a><strong><br>\u2013 Hrvatski radio Vukovar:<\/strong> <a href=\"http:\/\/hrv.hr\/vijesti\/vijesti\/item\/27149-predstavljena-knjiga-rat-ljudi-brojevi-vukovar-1991-i-dana\">Predstavljena knjiga \u201cRat, ljudi, brojevi \u2013 Vukovar 1991. i danas\u201d, 4. 3. 2022.<\/a><\/p>\n\n\n\n<hr class=\"wp-block-separator\"\/>\n\n\n\n<p>Izvor:<\/p>\n\n\n\n<figure class=\"wp-block-embed-wordpress wp-block-embed is-type-wp-embed is-provider-institut-drustvenih-znanosti-ivo-pilar\"><div class=\"wp-block-embed__wrapper\">\n<blockquote class=\"wp-embedded-content\" data-secret=\"2ULeSM1KLA\"><a href=\"https:\/\/www.pilar.hr\/2022\/03\/predstavljanje-knjige-rat-ljudi-brojevi-vukovar-1991-i-danas-4-3-2022\/\">Predstavljanje knjige &#8220;Rat, ljudi, brojevi &#8211; Vukovar 1991. i danas&#8221;, 4. 3. 2022.<\/a><\/blockquote><iframe loading=\"lazy\" class=\"wp-embedded-content\" sandbox=\"allow-scripts\" security=\"restricted\" style=\"position: absolute; clip: rect(1px, 1px, 1px, 1px);\" title=\"&#8220;Predstavljanje knjige &#8220;Rat, ljudi, brojevi &#8211; Vukovar 1991. i danas&#8221;, 4. 3. 2022.&#8221; &#8212; Institut dru\u0161tvenih znanosti Ivo Pilar\" src=\"https:\/\/www.pilar.hr\/2022\/03\/predstavljanje-knjige-rat-ljudi-brojevi-vukovar-1991-i-danas-4-3-2022\/embed\/#?secret=2ULeSM1KLA\" data-secret=\"2ULeSM1KLA\" width=\"600\" height=\"338\" frameborder=\"0\" marginwidth=\"0\" marginheight=\"0\" scrolling=\"no\"><\/iframe>\n<\/div><\/figure>\n\n\n\n<hr class=\"wp-block-separator\"\/>\n","protected":false},"excerpt":{"rendered":"","protected":false},"author":2,"featured_media":30495,"comment_status":"open","ping_status":"open","sticky":false,"template":"","format":"standard","meta":{"_acf_changed":false,"_jetpack_newsletter_access":"","_jetpack_dont_email_post_to_subs":false,"_jetpack_newsletter_tier_id":0,"_jetpack_memberships_contains_paywalled_content":false,"_jetpack_memberships_contains_paid_content":false,"footnotes":"","jetpack_publicize_message":"","jetpack_publicize_feature_enabled":true,"jetpack_social_post_already_shared":true,"jetpack_social_options":{"image_generator_settings":{"template":"highway","default_image_id":0,"font":"","enabled":false},"version":2},"jetpack_post_was_ever_published":false},"categories":[3],"tags":[],"class_list":["post-30494","post","type-post","status-publish","format-standard","has-post-thumbnail","hentry","category-novosti"],"acf":{"facebook_opis":""},"jetpack_publicize_connections":[],"jetpack_featured_media_url":"https:\/\/i0.wp.com\/historiografija.hr\/wp-content\/uploads\/2022\/03\/Predstavljena-knjiga.jpg?fit=2560%2C1920&ssl=1","jetpack_sharing_enabled":true,"jetpack-related-posts":[{"id":52704,"url":"https:\/\/historiografija.hr\/?p=52704","url_meta":{"origin":30494,"position":0},"title":"Predstavljanje knjige &#8220;Vladimir Vasiljevi\u0107: Moji do\u017eivljaji. Dnevni\u010dki zapisi iz Prvoga svjetskog rata i poratnoga vremena&#8221;","author":"Filip \u0160imunjak","date":"29. travnja 2026.","format":false,"excerpt":"Doga\u0111anja ovogodi\u0161njega Festivala povijesti Kliofest zapo\u010dinjemo ve\u0107 i prije samoga slu\u017ebenog otvaranja, predstavljanjem knjige \u201eMoji do\u017eivljaji. Dnevni\u010dki zapisi iz Prvoga svjetskog rata i poratnoga vremena\u201d Vladimira Vasiljevi\u0107a, koju su priredili Karlo Rukavina i Damir Agi\u010di\u0107. Pozivamo Vas na predstavljanje koje \u0107e se odr\u017eati u ponedjeljak 4. svibnja, s po\u010detkom u\u2026","rel":"","context":"U &quot;Knjige&quot;","block_context":{"text":"Knjige","link":"https:\/\/historiografija.hr\/?cat=8"},"img":{"alt_text":"","src":"https:\/\/i0.wp.com\/historiografija.hr\/wp-content\/uploads\/2026\/04\/Naslovna-V.-Vasiljevic.webp?fit=1200%2C600&ssl=1&resize=350%2C200","width":350,"height":200,"srcset":"https:\/\/i0.wp.com\/historiografija.hr\/wp-content\/uploads\/2026\/04\/Naslovna-V.-Vasiljevic.webp?fit=1200%2C600&ssl=1&resize=350%2C200 1x, https:\/\/i0.wp.com\/historiografija.hr\/wp-content\/uploads\/2026\/04\/Naslovna-V.-Vasiljevic.webp?fit=1200%2C600&ssl=1&resize=525%2C300 1.5x, https:\/\/i0.wp.com\/historiografija.hr\/wp-content\/uploads\/2026\/04\/Naslovna-V.-Vasiljevic.webp?fit=1200%2C600&ssl=1&resize=700%2C400 2x, https:\/\/i0.wp.com\/historiografija.hr\/wp-content\/uploads\/2026\/04\/Naslovna-V.-Vasiljevic.webp?fit=1200%2C600&ssl=1&resize=1050%2C600 3x"},"classes":[]},{"id":52415,"url":"https:\/\/historiografija.hr\/?p=52415","url_meta":{"origin":30494,"position":1},"title":"\u201eSje\u0107anja na rat \u2013 opsada Dubrovnika 1991-1992.\u201d","author":"Branimir Jankovi\u0107","date":"15. travnja 2026.","format":false,"excerpt":"Akcija za ljudska prava iz Podgorice objavila je 2025. godine knjigu \u201eSje\u0107anja na rat \u2013 opsada Dubrovnika 1991-1992.\u201c, koja je dostupna u pdf-formatu na sljede\u0107oj poveznici: https:\/\/www.hraction.org\/2025\/12\/06\/sjecanja-na-rat-opsada-dubrovnika-1991-1992\/ https:\/\/www.hraction.org\/2025\/12\/08\/promovisana-antiratna-knjiga-sjecanja-na-rat-opsada-dubrovnika-1991-1992-da-se-ne-ponovi\/ Iz medija: https:\/\/dubrovacki.slobodnadalmacija.hr\/dubrovnik\/vijesti\/hrvatska-i-svijet\/u-podgorici-promocija-antiratne-knjige-sjecanja-na-rat-opsada-dubrovnika-1991-1992-da-se-ne-ponovi-u-njoj-su-i-svjedocanstva-s-obje-strane-1523590 https:\/\/dulist.hr\/rat-je-apsurd-u-podgorici-predstavljena-antiratna-knjiga-o-opsadi-dubrovnika\/989915 https:\/\/www.portalnovosti.com\/knjiga-na-dobrom-putu https:\/\/www.pobjeda.me\/clanak\/glasovi-koji-razbijaju-tisinu Dodatne obavijesti: https:\/\/historiografija.hr\/?p=51637","rel":"","context":"U &quot;E-knjige&quot;","block_context":{"text":"E-knjige","link":"https:\/\/historiografija.hr\/?cat=19"},"img":{"alt_text":"","src":"https:\/\/i0.wp.com\/historiografija.hr\/wp-content\/uploads\/2026\/04\/Sjecanja-na-rat.png?fit=480%2C681&ssl=1&resize=350%2C200","width":350,"height":200},"classes":[]},{"id":54626,"url":"https:\/\/historiografija.hr\/?p=54626","url_meta":{"origin":30494,"position":2},"title":"Olga Supek, &#8220;A hundred years of bread and wine: The culture, history and economy of a Croatian village&#8221;","author":"Branimir Jankovi\u0107","date":"16. srpnja 2026.","format":false,"excerpt":"U izdanju Instituta za etnologiju i folkloristiku objavljena je 2026. godine e-knjiga A hundred years of bread and wine: The culture, history and economy of a Croatian village autorice Olge Supek. Ova e-knjiga njezina je doktorska disertacija koju je obranila 1982. godine na Sveu\u010dili\u0161tu Michigan u Ann Arboru u Sjedinjenim\u2026","rel":"","context":"U &quot;E-knjige&quot;","block_context":{"text":"E-knjige","link":"https:\/\/historiografija.hr\/?cat=19"},"img":{"alt_text":"","src":"https:\/\/i0.wp.com\/historiografija.hr\/wp-content\/uploads\/2026\/07\/A-hundred-years-of-bread-and-wine.png?fit=647%2C913&ssl=1&resize=350%2C200","width":350,"height":200,"srcset":"https:\/\/i0.wp.com\/historiografija.hr\/wp-content\/uploads\/2026\/07\/A-hundred-years-of-bread-and-wine.png?fit=647%2C913&ssl=1&resize=350%2C200 1x, https:\/\/i0.wp.com\/historiografija.hr\/wp-content\/uploads\/2026\/07\/A-hundred-years-of-bread-and-wine.png?fit=647%2C913&ssl=1&resize=525%2C300 1.5x"},"classes":[]},{"id":51886,"url":"https:\/\/historiografija.hr\/?p=51886","url_meta":{"origin":30494,"position":3},"title":"Armina Galija\u0161, \u201eBanja Luka u ratu. Etnopolitika i svakodnevica (1990\u20131995)\u201c","author":"Branimir Jankovi\u0107","date":"13. o\u017eujka 2026.","format":false,"excerpt":"Akademska knjiga iz Novog Sada je objavila knjigu Armine Galija\u0161 Banja Luka u ratu. Etnopolitika i svakodnevica (1990\u20131995) (s njema\u010dkog preveo: Mi\u0161o Kapetanovi\u0107) U opisu se navodi: \u201eU ratnoj Banjoj Luci 1990\u20131995, etnopolitika srpskih vlasti preoblikovala je demografiju, svakodnevicu, identitet i urbanu strukturu grada. Autorka precizno prati nastanak i nametanje\u2026","rel":"","context":"U &quot;Knjige&quot;","block_context":{"text":"Knjige","link":"https:\/\/historiografija.hr\/?cat=8"},"img":{"alt_text":"","src":"https:\/\/i0.wp.com\/historiografija.hr\/wp-content\/uploads\/2026\/03\/Banjaluka-u-ratu.webp?fit=600%2C900&ssl=1&resize=350%2C200","width":350,"height":200,"srcset":"https:\/\/i0.wp.com\/historiografija.hr\/wp-content\/uploads\/2026\/03\/Banjaluka-u-ratu.webp?fit=600%2C900&ssl=1&resize=350%2C200 1x, https:\/\/i0.wp.com\/historiografija.hr\/wp-content\/uploads\/2026\/03\/Banjaluka-u-ratu.webp?fit=600%2C900&ssl=1&resize=525%2C300 1.5x"},"classes":[]},{"id":53492,"url":"https:\/\/historiografija.hr\/?p=53492","url_meta":{"origin":30494,"position":4},"title":"Predstavljena knjiga Stipe Kljai\u0107a &#8220;Vje\u010dni tre\u0107i Rim: uzroci rusko-ukrajinskoga rata&#8221; u Splitu","author":"Branimir Jankovi\u0107","date":"20. svibnja 2026.","format":false,"excerpt":"Na 35. obljetnicu povijesnog referenduma u Splitu predstavljena knjiga dr. Stipe Kljai\u0107a o rusko-ukrajinskom ratu U organizaciji Hrvatske udruge Benedikt, Zmajskog stola u Splitu Dru\u017ebe \u201cBra\u0107a Hrvatskoga Zmaja\u201d i Muzeja Domovinskog rata u Splitu, 19. svibnja 2026. u dvorani \u201eVinko Draganja\u201c Dominikanskog samostana u Splitu odr\u017eano je predstavljanje knjige Vje\u010dni\u2026","rel":"","context":"U &quot;Novosti&quot;","block_context":{"text":"Novosti","link":"https:\/\/historiografija.hr\/?cat=3"},"img":{"alt_text":"","src":"https:\/\/i0.wp.com\/historiografija.hr\/wp-content\/uploads\/2026\/05\/Predstavljanje_Klaic_Ukrajina_Split_naslov.jpg?fit=1200%2C900&ssl=1&resize=350%2C200","width":350,"height":200,"srcset":"https:\/\/i0.wp.com\/historiografija.hr\/wp-content\/uploads\/2026\/05\/Predstavljanje_Klaic_Ukrajina_Split_naslov.jpg?fit=1200%2C900&ssl=1&resize=350%2C200 1x, https:\/\/i0.wp.com\/historiografija.hr\/wp-content\/uploads\/2026\/05\/Predstavljanje_Klaic_Ukrajina_Split_naslov.jpg?fit=1200%2C900&ssl=1&resize=525%2C300 1.5x, https:\/\/i0.wp.com\/historiografija.hr\/wp-content\/uploads\/2026\/05\/Predstavljanje_Klaic_Ukrajina_Split_naslov.jpg?fit=1200%2C900&ssl=1&resize=700%2C400 2x, https:\/\/i0.wp.com\/historiografija.hr\/wp-content\/uploads\/2026\/05\/Predstavljanje_Klaic_Ukrajina_Split_naslov.jpg?fit=1200%2C900&ssl=1&resize=1050%2C600 3x"},"classes":[]},{"id":54849,"url":"https:\/\/historiografija.hr\/?p=54849","url_meta":{"origin":30494,"position":5},"title":"Glazbeno-scenska ve\u010der i predstavljanje knjige &#8220;OD HRVATSKOGA KRALJEVSTVA DO LIJEPE NA\u0160E&#8221;","author":"Branimir Jankovi\u0107","date":"31. srpnja 2026.","format":false,"excerpt":"Ogranak Matice hrvatske u Trogiru i\u201eRadovan\u201c dru\u0161tvo za za\u0161titu kulturnih dobara Trogira s rado\u0161\u0107u vas pozivaju na glazbeno-scensku ve\u010der i predstavljanje knjige OD HRVATSKOGA KRALJEVSTVA DO LIJEPE NA\u0160E Sudjeluju:Vlatko Belas, baritonBarbara Gari\u0107, sopranprof. Ratko Bartulovi\u0107, glazbenikNik\u0161a Buble, recitatori autori knjige dr. sc. Danka Radi\u0107 i Radovan Slade-\u0160ilovi\u0107 Radujemo se Va\u0161em\u2026","rel":"","context":"U &quot;Novosti&quot;","block_context":{"text":"Novosti","link":"https:\/\/historiografija.hr\/?cat=3"},"img":{"alt_text":"","src":"https:\/\/i0.wp.com\/historiografija.hr\/wp-content\/uploads\/2026\/07\/od_hrvatskog_kraljevstva_do_lijepe_nase.jpg?fit=596%2C467&ssl=1&resize=350%2C200","width":350,"height":200,"srcset":"https:\/\/i0.wp.com\/historiografija.hr\/wp-content\/uploads\/2026\/07\/od_hrvatskog_kraljevstva_do_lijepe_nase.jpg?fit=596%2C467&ssl=1&resize=350%2C200 1x, https:\/\/i0.wp.com\/historiografija.hr\/wp-content\/uploads\/2026\/07\/od_hrvatskog_kraljevstva_do_lijepe_nase.jpg?fit=596%2C467&ssl=1&resize=525%2C300 1.5x"},"classes":[]}],"_links":{"self":[{"href":"https:\/\/historiografija.hr\/index.php?rest_route=\/wp\/v2\/posts\/30494","targetHints":{"allow":["GET"]}}],"collection":[{"href":"https:\/\/historiografija.hr\/index.php?rest_route=\/wp\/v2\/posts"}],"about":[{"href":"https:\/\/historiografija.hr\/index.php?rest_route=\/wp\/v2\/types\/post"}],"author":[{"embeddable":true,"href":"https:\/\/historiografija.hr\/index.php?rest_route=\/wp\/v2\/users\/2"}],"replies":[{"embeddable":true,"href":"https:\/\/historiografija.hr\/index.php?rest_route=%2Fwp%2Fv2%2Fcomments&post=30494"}],"version-history":[{"count":1,"href":"https:\/\/historiografija.hr\/index.php?rest_route=\/wp\/v2\/posts\/30494\/revisions"}],"predecessor-version":[{"id":30496,"href":"https:\/\/historiografija.hr\/index.php?rest_route=\/wp\/v2\/posts\/30494\/revisions\/30496"}],"wp:featuredmedia":[{"embeddable":true,"href":"https:\/\/historiografija.hr\/index.php?rest_route=\/wp\/v2\/media\/30495"}],"wp:attachment":[{"href":"https:\/\/historiografija.hr\/index.php?rest_route=%2Fwp%2Fv2%2Fmedia&parent=30494"}],"wp:term":[{"taxonomy":"category","embeddable":true,"href":"https:\/\/historiografija.hr\/index.php?rest_route=%2Fwp%2Fv2%2Fcategories&post=30494"},{"taxonomy":"post_tag","embeddable":true,"href":"https:\/\/historiografija.hr\/index.php?rest_route=%2Fwp%2Fv2%2Ftags&post=30494"}],"curies":[{"name":"wp","href":"https:\/\/api.w.org\/{rel}","templated":true}]}}