{"id":30484,"date":"2022-03-18T18:17:07","date_gmt":"2022-03-18T18:17:07","guid":{"rendered":"http:\/\/historiografija.hr\/?p=30484"},"modified":"2022-03-18T18:17:07","modified_gmt":"2022-03-18T18:17:07","slug":"arnd-bauerkamper-hartmut-kaelble-hrsg-europa-visionen-und-praxis-im-20-und-21-jahrhundert","status":"publish","type":"post","link":"https:\/\/historiografija.hr\/?p=30484","title":{"rendered":"Arnd Bauerk\u00e4mper\/Hartmut Kaelble (Hrsg.), &#8220;Europa \u2013 Visionen und Praxis im 20. und 21. Jahrhundert&#8221;"},"content":{"rendered":"\n<p>Die Beitr\u00e4ge zeigen Grundz\u00fcge der j\u00fcngeren Geschichte Europas und behandeln aktuelle Herausforderungen der Europ\u00e4ischen Union. Sie erkl\u00e4ren zun\u00e4chst historische Grundlagen von Europavorstellungen und europ\u00e4ischer Politik und differenzieren zwischen unterschiedlichen politischen und gesellschaftlichen Str\u00f6mungen. Perspektiven auf den Kontinent von au\u00dfen beleuchten dessen Konturen. Nicht zuletzt wird die Geschichte auf die Politik der Europ\u00e4ischen Union und auf das Handeln von Europ\u00e4ern bezogen.<\/p>\n\n\n\n<hr class=\"wp-block-separator\"\/>\n\n\n\n<p>Dezember 2021<\/p>\n\n\n\n<p>ISBN: 978-3-86331-615-0<\/p>\n\n\n\n<p>Seiten: 279<\/p>\n\n\n\n<hr class=\"wp-block-separator\"\/>\n\n\n\n<p>Inhaltsverzeichnis:<\/p>\n\n\n\n<figure class=\"wp-block-embed-wordpress wp-block-embed is-type-wp-embed is-provider-metropol-verlag\"><div class=\"wp-block-embed__wrapper\">\n<blockquote class=\"wp-embedded-content\" data-secret=\"Vmof3EIlmM\"><a href=\"https:\/\/metropol-verlag.de\/produkt\/europa-visionen-und-praxis-im-20-und-21-jahrhundert\/\">Europa \u2013 Visionen und Praxis im 20. und 21. Jahrhundert<\/a><\/blockquote><iframe loading=\"lazy\" class=\"wp-embedded-content\" sandbox=\"allow-scripts\" security=\"restricted\" style=\"position: absolute; clip: rect(1px, 1px, 1px, 1px);\" title=\"&#8222;Europa \u2013 Visionen und Praxis im 20. und 21. Jahrhundert&#8220; &#8212; Metropol Verlag\" src=\"https:\/\/metropol-verlag.de\/produkt\/europa-visionen-und-praxis-im-20-und-21-jahrhundert\/embed\/#?secret=j4k7MwN4Wa#?secret=Vmof3EIlmM\" data-secret=\"Vmof3EIlmM\" width=\"600\" height=\"338\" frameborder=\"0\" marginwidth=\"0\" marginheight=\"0\" scrolling=\"no\"><\/iframe>\n<\/div><\/figure>\n\n\n\n<hr class=\"wp-block-separator\"\/>\n","protected":false},"excerpt":{"rendered":"","protected":false},"author":2,"featured_media":30485,"comment_status":"open","ping_status":"open","sticky":false,"template":"","format":"standard","meta":{"_acf_changed":false,"jetpack_post_was_ever_published":false,"_jetpack_newsletter_access":"","_jetpack_dont_email_post_to_subs":false,"_jetpack_newsletter_tier_id":0,"_jetpack_memberships_contains_paywalled_content":false,"_jetpack_memberships_contains_paid_content":false,"footnotes":"","jetpack_publicize_message":"","jetpack_publicize_feature_enabled":true,"jetpack_social_post_already_shared":true,"jetpack_social_options":{"image_generator_settings":{"template":"highway","default_image_id":0,"font":"","enabled":false},"version":2}},"categories":[8,3],"tags":[],"class_list":["post-30484","post","type-post","status-publish","format-standard","has-post-thumbnail","hentry","category-knjige","category-novosti"],"acf":{"facebook_opis":""},"jetpack_publicize_connections":[],"jetpack_featured_media_url":"https:\/\/i0.wp.com\/historiografija.hr\/wp-content\/uploads\/2022\/03\/Europa_Cover.jpg?fit=1688%2C2560&ssl=1","jetpack_sharing_enabled":true,"jetpack-related-posts":[],"_links":{"self":[{"href":"https:\/\/historiografija.hr\/index.php?rest_route=\/wp\/v2\/posts\/30484","targetHints":{"allow":["GET"]}}],"collection":[{"href":"https:\/\/historiografija.hr\/index.php?rest_route=\/wp\/v2\/posts"}],"about":[{"href":"https:\/\/historiografija.hr\/index.php?rest_route=\/wp\/v2\/types\/post"}],"author":[{"embeddable":true,"href":"https:\/\/historiografija.hr\/index.php?rest_route=\/wp\/v2\/users\/2"}],"replies":[{"embeddable":true,"href":"https:\/\/historiografija.hr\/index.php?rest_route=%2Fwp%2Fv2%2Fcomments&post=30484"}],"version-history":[{"count":1,"href":"https:\/\/historiografija.hr\/index.php?rest_route=\/wp\/v2\/posts\/30484\/revisions"}],"predecessor-version":[{"id":30486,"href":"https:\/\/historiografija.hr\/index.php?rest_route=\/wp\/v2\/posts\/30484\/revisions\/30486"}],"wp:featuredmedia":[{"embeddable":true,"href":"https:\/\/historiografija.hr\/index.php?rest_route=\/wp\/v2\/media\/30485"}],"wp:attachment":[{"href":"https:\/\/historiografija.hr\/index.php?rest_route=%2Fwp%2Fv2%2Fmedia&parent=30484"}],"wp:term":[{"taxonomy":"category","embeddable":true,"href":"https:\/\/historiografija.hr\/index.php?rest_route=%2Fwp%2Fv2%2Fcategories&post=30484"},{"taxonomy":"post_tag","embeddable":true,"href":"https:\/\/historiografija.hr\/index.php?rest_route=%2Fwp%2Fv2%2Ftags&post=30484"}],"curies":[{"name":"wp","href":"https:\/\/api.w.org\/{rel}","templated":true}]}}