{"id":30468,"date":"2022-03-17T17:56:00","date_gmt":"2022-03-17T17:56:00","guid":{"rendered":"http:\/\/historiografija.hr\/?p=30468"},"modified":"2022-03-17T17:56:00","modified_gmt":"2022-03-17T17:56:00","slug":"crises-in-authoritarian-regimes-fragile-orders-and-contested-power","status":"publish","type":"post","link":"https:\/\/historiografija.hr\/?p=30468","title":{"rendered":"Crises in Authoritarian Regimes: Fragile Orders and Contested Power"},"content":{"rendered":"\n<p>Edited by J\u00f6rg Baberowski and Martin Wagner<\/p>\n\n\n\n<p>Campus Verlag<\/p>\n\n\n\n<p>2022<\/p>\n\n\n\n<hr class=\"wp-block-separator\"\/>\n\n\n\n<p>Krisen offenbaren die Fragilit\u00e4t der Ordnung und fordern die Macht heraus. Wie gehen autorit\u00e4re Regime mit ihnen um? Welche St\u00e4rken und Schw\u00e4chen zeigen sie in der Krisenbew\u00e4ltigung, verglichen mit demokratischen Ordnungen? Wie l\u00e4sst sich ihre Anpassungsf\u00e4higkeit und Persistenz erkl\u00e4ren? Die Beitr\u00e4ge dieses Bandes verbinden die Sichtweisen von Politikwissenschaft, Geschichte, Literaturwissenschaft, Soziologie und Regionalwissenschaften auf gegenw\u00e4rtige und untergegangene Regime in Afrika, Ost- und Zentralasien, Ost- und Westeuropa und Lateinamerika. Die Fallstudien beleuchten die Verdichtung autorit\u00e4rer Herrschaft in der Krise, die meist zwei kontr\u00e4re Ziele verfolgt: die Stabilit\u00e4t zu erhalten und die eigene Herrschaft zu erneuern.<\/p>\n\n\n\n<hr class=\"wp-block-separator\"\/>\n\n\n\n<p><strong>Contents<\/strong><\/p>\n\n\n\n<hr class=\"wp-block-separator\"\/>\n\n\n\n<p>Acknowledgments<\/p>\n\n\n\n<hr class=\"wp-block-separator\"\/>\n\n\n\n<p>Crises in Authoritarian Regimes: An Introduction<\/p>\n\n\n\n<p>J\u00f6rg Baberowski and Martin Wagner<\/p>\n\n\n\n<hr class=\"wp-block-separator\"\/>\n\n\n\n<p>I. Contemporary Crises and Authoritarian Response<\/p>\n\n\n\n<hr class=\"wp-block-separator\"\/>\n\n\n\n<p>A Manufactured Crisis? How Authoritarian Regimes Undermine Their Own Legitimacy \u2013 The Case of Putin\u2019s Russia in 2018\u20132020<\/p>\n\n\n\n<p>Alexander Libman<\/p>\n\n\n\n<hr class=\"wp-block-separator\"\/>\n\n\n\n<p>Learning from a Neighboring Crisis: Did the Belarusian and Kazakh Regimes Learn from the Ukrainian Revolution of Dignity, 2013\u20132014?<\/p>\n\n\n\n<p>Stephen G. F. Hall<\/p>\n\n\n\n<hr class=\"wp-block-separator\"\/>\n\n\n\n<p>China\u2019s \u201cAnti-Corruption\u201d Campaign under Xi Jinping: Framing Catastrophe and Catharsis in a Never-Ending Crisis<\/p>\n\n\n\n<p>Bertram Lang<\/p>\n\n\n\n<hr class=\"wp-block-separator\"\/>\n\n\n\n<p>Authoritarian (Dis-)Advantages: A Comparative Study of the Handling of the SARS and Covid-19 Crises in China<\/p>\n\n\n\n<p>Carolin Kautz<\/p>\n\n\n\n<hr class=\"wp-block-separator\"\/>\n\n\n\n<p>II. (Dis-)Continuity of Crisis \u2013 The Interwar Period<\/p>\n\n\n\n<hr class=\"wp-block-separator\"\/>\n\n\n\n<p>To Hold and to Let Go: The Political Discourse of the Committee of Union and Progress in the Ottoman Empire, 1908\u20131923<\/p>\n\n\n\n<p>Duygu Coskuntuna<\/p>\n\n\n\n<hr class=\"wp-block-separator\"\/>\n\n\n\n<p>A Permanent State of Exception? Managing Crises in Late Imperial Germany and the Early Weimar Republic, 1917\u20131923<\/p>\n\n\n\n<p>Amerigo Caruso<\/p>\n\n\n\n<hr class=\"wp-block-separator\"\/>\n\n\n\n<p>Triple Threat: Resource Interdependence and the Interwar Authoritarian Crises<\/p>\n\n\n\n<p>Rob Konkel<\/p>\n\n\n\n<hr class=\"wp-block-separator\"\/>\n\n\n\n<p>III. Identities and Ideologies of Crisis<\/p>\n\n\n\n<hr class=\"wp-block-separator\"\/>\n\n\n\n<p>Towards Native \u201cFascism From Above\u201d: Crisis of Legitimacy, \u201cLegal Revolution\u201d, and the Reshaping of Polish Politics in the Mid-1930s<\/p>\n\n\n\n<p>Grzegorz Krzywiec<\/p>\n\n\n\n<hr class=\"wp-block-separator\"\/>\n\n\n\n<p>Reinventing P\u00e9tain: Crisis and Cults of Personality in Vichy France, 1940\u20131942<\/p>\n\n\n\n<p>Stefan Schubert<\/p>\n\n\n\n<hr class=\"wp-block-separator\"\/>\n\n\n\n<p>Student Politics between Imagination and Action: The National Students Federation and the Anti-Ayub Movement in Pakistan, 1956\u20131971<\/p>\n\n\n\n<p>Meher Ali<\/p>\n\n\n\n<hr class=\"wp-block-separator\"\/>\n\n\n\n<p>Exhaustion as Rebellion: The Identity Crisis of Salaried Women in South Korea and Kim Sung-ok\u2019s Novella, \u201cA Night Walk\u201d (1969)<\/p>\n\n\n\n<p>Chan Yong<\/p>\n\n\n\n<hr class=\"wp-block-separator\"\/>\n\n\n\n<p>IV. Violent Crises, Crises of Violence<\/p>\n\n\n\n<hr class=\"wp-block-separator\"\/>\n\n\n\n<p>Necessity, Preliminarity and Moderation: The IACHR Mission in 1979 and the Argentine Junta\u2019s Response<\/p>\n\n\n\n<p>Janis Nalbadidacis<\/p>\n\n\n\n<hr class=\"wp-block-separator\"\/>\n\n\n\n<p>South Africa\u2019s \u201cTotal National Strategy\u201d \u2013 Or How to Think About the Future of Apartheid in Times of Crisis, 1975\u20131984<\/p>\n\n\n\n<p>Jakob Zollmann<\/p>\n\n\n\n<hr class=\"wp-block-separator\"\/>\n\n\n\n<p>Afterword: Emergency as Normalcy<\/p>\n\n\n\n<p>Armin Nassehi<\/p>\n\n\n\n<hr class=\"wp-block-separator\"\/>\n\n\n\n<p>Authors<\/p>\n\n\n\n<hr class=\"wp-block-separator\"\/>\n\n\n\n<p><strong>Leseprobe:<\/strong><\/p>\n\n\n\n<p><a href=\"https:\/\/www.campus.de\/buecher-campus-verlag\/wissenschaft\/geschichte\/crises_in_authoritarian_regimes-17072.html#\">https:\/\/www.campus.de\/buecher-campus-verlag\/wissenschaft\/geschichte\/crises_in_authoritarian_regimes-17072.html#<\/a><\/p>\n\n\n\n<hr class=\"wp-block-separator\"\/>\n\n\n\n<p><a href=\"https:\/\/press.uchicago.edu\/ucp\/books\/book\/distributed\/C\/bo184776224.html\">https:\/\/press.uchicago.edu\/ucp\/books\/book\/distributed\/C\/bo184776224.html<\/a><\/p>\n\n\n\n<hr class=\"wp-block-separator\"\/>\n","protected":false},"excerpt":{"rendered":"","protected":false},"author":2,"featured_media":30469,"comment_status":"open","ping_status":"open","sticky":false,"template":"","format":"standard","meta":{"_acf_changed":false,"jetpack_post_was_ever_published":false,"_jetpack_newsletter_access":"","_jetpack_dont_email_post_to_subs":false,"_jetpack_newsletter_tier_id":0,"_jetpack_memberships_contains_paywalled_content":false,"_jetpack_memberships_contains_paid_content":false,"footnotes":"","jetpack_publicize_message":"","jetpack_publicize_feature_enabled":true,"jetpack_social_post_already_shared":true,"jetpack_social_options":{"image_generator_settings":{"template":"highway","default_image_id":0,"font":"","enabled":false},"version":2}},"categories":[8,3],"tags":[],"class_list":["post-30468","post","type-post","status-publish","format-standard","has-post-thumbnail","hentry","category-knjige","category-novosti"],"acf":{"facebook_opis":""},"jetpack_publicize_connections":[],"jetpack_featured_media_url":"https:\/\/i0.wp.com\/historiografija.hr\/wp-content\/uploads\/2022\/03\/campus.jpg?fit=394%2C599&ssl=1","jetpack_sharing_enabled":true,"jetpack-related-posts":[],"_links":{"self":[{"href":"https:\/\/historiografija.hr\/index.php?rest_route=\/wp\/v2\/posts\/30468","targetHints":{"allow":["GET"]}}],"collection":[{"href":"https:\/\/historiografija.hr\/index.php?rest_route=\/wp\/v2\/posts"}],"about":[{"href":"https:\/\/historiografija.hr\/index.php?rest_route=\/wp\/v2\/types\/post"}],"author":[{"embeddable":true,"href":"https:\/\/historiografija.hr\/index.php?rest_route=\/wp\/v2\/users\/2"}],"replies":[{"embeddable":true,"href":"https:\/\/historiografija.hr\/index.php?rest_route=%2Fwp%2Fv2%2Fcomments&post=30468"}],"version-history":[{"count":1,"href":"https:\/\/historiografija.hr\/index.php?rest_route=\/wp\/v2\/posts\/30468\/revisions"}],"predecessor-version":[{"id":30470,"href":"https:\/\/historiografija.hr\/index.php?rest_route=\/wp\/v2\/posts\/30468\/revisions\/30470"}],"wp:featuredmedia":[{"embeddable":true,"href":"https:\/\/historiografija.hr\/index.php?rest_route=\/wp\/v2\/media\/30469"}],"wp:attachment":[{"href":"https:\/\/historiografija.hr\/index.php?rest_route=%2Fwp%2Fv2%2Fmedia&parent=30468"}],"wp:term":[{"taxonomy":"category","embeddable":true,"href":"https:\/\/historiografija.hr\/index.php?rest_route=%2Fwp%2Fv2%2Fcategories&post=30468"},{"taxonomy":"post_tag","embeddable":true,"href":"https:\/\/historiografija.hr\/index.php?rest_route=%2Fwp%2Fv2%2Ftags&post=30468"}],"curies":[{"name":"wp","href":"https:\/\/api.w.org\/{rel}","templated":true}]}}