{"id":30448,"date":"2022-03-16T21:14:21","date_gmt":"2022-03-16T21:14:21","guid":{"rendered":"http:\/\/historiografija.hr\/?p=30448"},"modified":"2022-03-16T21:17:59","modified_gmt":"2022-03-16T21:17:59","slug":"radina-vucetic-nevidljivi-neprijatelj-variola-vera-1972","status":"publish","type":"post","link":"https:\/\/historiografija.hr\/?p=30448","title":{"rendered":"Radina Vu\u010deti\u0107, \u201cNevidljivi neprijatelj. Variola vera 1972\u201d"},"content":{"rendered":"\n<p>Slu\u017ebeni glasnik iz Beograda objavio je knjigu &#8220;Nevidljivi neprijatelj: Variola vera 1972&#8221;, autorice Radine Vu\u010deti\u0107.<\/p>\n\n\n\n<hr class=\"wp-block-separator\"\/>\n\n\n\n<p>U monografiji <em>Nevidljivi neprijatelj \u2013 variola vera 1972<\/em>, ona s nau\u010dnom minuciozno\u0161\u0107u obra\u0111uje pojavu, tok, uticaj na svakodnevni \u017eivot i socijalno-politi\u010dke implikacije najve\u0107e evropske epidemije velikih boginja posle Drugog svetskog rata, koja je pogodila Jugoslaviju pre pola veka. (Prof. dr Zoran Radovanovi\u0107).<\/p>\n\n\n\n<hr class=\"wp-block-separator\"\/>\n\n\n\n<p>Profesorka Radina Vu\u010deti\u0107 napisala je knjigu &#8220;Nevidljivi neprijatelj : Variola vera 1972&#8221; vrednu, korisnu i potrebnu knjigu, kojom je zaokru\u017een pogled na najskuplju, najdramati\u010dniju, najobuhvatniju i najambiciozniju akciju zdravstvene slu\u017ebe u posleratnoj Jugoslaviji. Prihvataju\u0107i se istra\u017eivanja epidemije velikih boginja u Jugoslavije 1972. godine, Radina Vu\u010deti\u0107 je sebi postavila zadatak da analizira ne samo pojavu bolesti i njen zdravstveno-istorijski aspekt, ve\u0107 da posmatra izuzetno slo\u017een splet procesa koje je bolest pokrenula u dr\u017eavi i jugoslovenskom dru\u0161tvu. Ne zanemaruju\u0107i jedan poseban vid ovog slo\u017eenog fenomena, svakodnevicu i \u017eivot za vreme epidemije u gradovima i selima u blizini \u017eari\u0161ta, u bolnicama i karantinima, autorka daje sliku ljudskog pona\u0161anja i reagovanja, od po\u017ertvovanosti, prihvatanja nametnutih mera, do straha, sebi\u010dnosti, fatalizma, sujeverja&#8230;Pred \u010ditaocem je odli\u010dno, i &#8211; \u0161to nije \u010dest slu\u010daj u istoriografiji &#8211; zanimljivo napisano \u0161tivo koje nimalo ne gubi od nau\u010dne analiti\u010dnosti. (Prof. dr Milan Ristovi\u0107)<\/p>\n\n\n\n<hr class=\"wp-block-separator\"\/>\n\n\n\n<p>Preneseno s portala <strong>Historiografija.ba<\/strong>:<\/p>\n\n\n\n<p><a href=\"https:\/\/historiografija.ba\/article.php?id=1113\">https:\/\/historiografija.ba\/article.php?id=1113<\/a><\/p>\n\n\n\n<hr class=\"wp-block-separator\"\/>\n\n\n\n<p><\/p>\n\n\n\n<p><\/p>\n","protected":false},"excerpt":{"rendered":"","protected":false},"author":2,"featured_media":30449,"comment_status":"open","ping_status":"open","sticky":false,"template":"","format":"standard","meta":{"_acf_changed":false,"jetpack_post_was_ever_published":false,"_jetpack_newsletter_access":"","_jetpack_dont_email_post_to_subs":false,"_jetpack_newsletter_tier_id":0,"_jetpack_memberships_contains_paywalled_content":false,"_jetpack_memberships_contains_paid_content":false,"footnotes":"","jetpack_publicize_message":"","jetpack_publicize_feature_enabled":true,"jetpack_social_post_already_shared":true,"jetpack_social_options":{"image_generator_settings":{"template":"highway","default_image_id":0,"font":"","enabled":false},"version":2}},"categories":[8,3],"tags":[],"class_list":["post-30448","post","type-post","status-publish","format-standard","has-post-thumbnail","hentry","category-knjige","category-novosti"],"acf":{"facebook_opis":""},"jetpack_publicize_connections":[],"jetpack_featured_media_url":"https:\/\/i0.wp.com\/historiografija.hr\/wp-content\/uploads\/2022\/03\/nevidljivi-neprijatelj-variola-vera-1972.jpg?fit=450%2C698&ssl=1","jetpack_sharing_enabled":true,"jetpack-related-posts":[],"_links":{"self":[{"href":"https:\/\/historiografija.hr\/index.php?rest_route=\/wp\/v2\/posts\/30448","targetHints":{"allow":["GET"]}}],"collection":[{"href":"https:\/\/historiografija.hr\/index.php?rest_route=\/wp\/v2\/posts"}],"about":[{"href":"https:\/\/historiografija.hr\/index.php?rest_route=\/wp\/v2\/types\/post"}],"author":[{"embeddable":true,"href":"https:\/\/historiografija.hr\/index.php?rest_route=\/wp\/v2\/users\/2"}],"replies":[{"embeddable":true,"href":"https:\/\/historiografija.hr\/index.php?rest_route=%2Fwp%2Fv2%2Fcomments&post=30448"}],"version-history":[{"count":5,"href":"https:\/\/historiografija.hr\/index.php?rest_route=\/wp\/v2\/posts\/30448\/revisions"}],"predecessor-version":[{"id":30454,"href":"https:\/\/historiografija.hr\/index.php?rest_route=\/wp\/v2\/posts\/30448\/revisions\/30454"}],"wp:featuredmedia":[{"embeddable":true,"href":"https:\/\/historiografija.hr\/index.php?rest_route=\/wp\/v2\/media\/30449"}],"wp:attachment":[{"href":"https:\/\/historiografija.hr\/index.php?rest_route=%2Fwp%2Fv2%2Fmedia&parent=30448"}],"wp:term":[{"taxonomy":"category","embeddable":true,"href":"https:\/\/historiografija.hr\/index.php?rest_route=%2Fwp%2Fv2%2Fcategories&post=30448"},{"taxonomy":"post_tag","embeddable":true,"href":"https:\/\/historiografija.hr\/index.php?rest_route=%2Fwp%2Fv2%2Ftags&post=30448"}],"curies":[{"name":"wp","href":"https:\/\/api.w.org\/{rel}","templated":true}]}}