{"id":30442,"date":"2022-03-16T21:00:12","date_gmt":"2022-03-16T21:00:12","guid":{"rendered":"http:\/\/historiografija.hr\/?p=30442"},"modified":"2022-03-16T21:00:12","modified_gmt":"2022-03-16T21:00:12","slug":"knjizevna-smotra-tematski-broj-epidemije-i-pandemije-u-knjizevnosti","status":"publish","type":"post","link":"https:\/\/historiografija.hr\/?p=30442","title":{"rendered":"\u201cKnji\u017eevna smotra\u201d: tematski broj \u201cEpidemije i pandemije u knji\u017eevnosti\u201d"},"content":{"rendered":"\n<p>\u201cKnji\u017eevna smotra: \u010dasopis za svjetsku knji\u017eevnost\u201d, god. 53, br. 201 (3), 2021, donosi tematski broj \u201cEpidemije i pandemije u knji\u017eevnosti\u201d koji je u cijelosti dostupan i u virtualnom obliku.<\/p>\n\n\n\n<hr class=\"wp-block-separator\"\/>\n\n\n\n<p><strong>Sadr\u017eaj<\/strong><\/p>\n\n\n\n<hr class=\"wp-block-separator\"\/>\n\n\n\n<p>Epidemija u Ves\u0101l\u012b &#8211; pone\u0161to o uzroku i Buddhinoj ulozi u njezinu suzbijanju<\/p>\n\n\n\n<p><strong>Vi\u0161nja Grabovac<\/strong><\/p>\n\n\n\n<hr class=\"wp-block-separator\"\/>\n\n\n\n<p>\u010covjek u vrijeme zaraze ili o ponovljivosti pojava i nepromjenjivosti shva\u0107anja svijeta (izvje\u0161taji odabranih srednjovjekovnih ju\u017enoslavenskih mikrotekstova)<\/p>\n\n\n\n<p><strong>Izabela Lis-Wielgosz<\/strong><\/p>\n\n\n\n<hr class=\"wp-block-separator\"\/>\n\n\n\n<p>Epidemiolo\u0161ke mjere i kazne u vrijeme kuge u Milanu 1630. iz pera Alessandra Manzonija<\/p>\n\n\n\n<p><strong>Katja Rado\u0161-Perkovi\u0107, Sanja Roi\u0107<\/strong><\/p>\n\n\n\n<hr class=\"wp-block-separator\"\/>\n\n\n\n<p>Gotovo zaboravljena pandemija: Blijedi konj, blijedi jaha\u010d Katherine Anne Porter<\/p>\n\n\n\n<p><strong>Olivera Kusovac, Tja\u0161a Mohar, Michelle Gadpaille<\/strong><\/p>\n\n\n\n<hr class=\"wp-block-separator\"\/>\n\n\n\n<p>Vru\u0107ica, ka\u0161alj, krv, smrt. Reprezentacija \u0161panjolske gripe u Crnom samostanu Alad\u00e1ra Kuncza<\/p>\n\n\n\n<p><strong>Kristina Peternai Andri\u0107<\/strong><\/p>\n\n\n\n<hr class=\"wp-block-separator\"\/>\n\n\n\n<p>O kugi druga\u010dije. Zaraza o\u010dima Josefa V\u00e1chala<\/p>\n\n\n\n<p><strong>Anna Gawarecka<\/strong><\/p>\n\n\n\n<hr class=\"wp-block-separator\"\/>\n\n\n\n<p>Post-apokalipti\u010dno sje\u0107anje u romanima Memoari pre\u017eivjele Doris Lessing i Postaja jedanaest Emily St. John Mandel: kada je pre\u017eivljavanje nedovoljno<\/p>\n\n\n\n<p><strong>Vanja Vuki\u0107evi\u0107 Gari\u0107<\/strong><\/p>\n\n\n\n<hr class=\"wp-block-separator\"\/>\n\n\n\n<p>Pandemija i promjena u romanu Ja sam legenda Richarda Mathesona<\/p>\n\n\n\n<p><strong>Ljubica Matek<\/strong><\/p>\n\n\n\n<hr class=\"wp-block-separator\"\/>\n\n\n\n<p>Spekulativna fikcija, nacija i (njihove) epidemije: (o) bolesti(ma) u romanu On Such a Full Sea Chang-rae Leeja<\/p>\n\n\n\n<p><strong>Boris \u0160kvorc<\/strong><\/p>\n\n\n\n<hr class=\"wp-block-separator\"\/>\n\n\n\n<p>Imagolo\u0161ki aspekti romana Besnilo Borislava Peki\u0107a: o svijetu koji i \u201cpred smr\u0107u \u010duva svoje najomiljenije zablude\u201d<\/p>\n\n\n\n<p><strong>\u017deljko Milanovi\u0107<\/strong><\/p>\n\n\n\n<hr class=\"wp-block-separator\"\/>\n\n\n\n<p>Da ti globalna pamet stane. Osvrt na filozofska osmi\u0161ljavanja pandemije i literarna osmi\u0161ljavanja karantene<\/p>\n\n\n\n<p><strong>Dubravka Bogutovac<\/strong><\/p>\n\n\n\n<hr class=\"wp-block-separator\"\/>\n\n\n\n<p>Broj 201 (3) za 2021. mo\u017eete preuzeti ovdje:<\/p>\n\n\n\n<p><a href=\"https:\/\/hrcak.srce.hr\/broj\/21074\">https:\/\/hrcak.srce.hr\/broj\/21074<\/a><\/p>\n\n\n\n<p><a href=\"https:\/\/www.hfiloloskod.hr\/index.php\/knjizevna-smotra\">https:\/\/www.hfiloloskod.hr\/index.php\/knjizevna-smotra<\/a><\/p>\n\n\n\n<hr class=\"wp-block-separator\"\/>\n","protected":false},"excerpt":{"rendered":"","protected":false},"author":2,"featured_media":30443,"comment_status":"open","ping_status":"open","sticky":false,"template":"","format":"standard","meta":{"_acf_changed":false,"_jetpack_newsletter_access":"","_jetpack_dont_email_post_to_subs":false,"_jetpack_newsletter_tier_id":0,"_jetpack_memberships_contains_paywalled_content":false,"_jetpack_memberships_contains_paid_content":false,"footnotes":"","jetpack_publicize_message":"","jetpack_publicize_feature_enabled":true,"jetpack_social_post_already_shared":true,"jetpack_social_options":{"image_generator_settings":{"template":"highway","default_image_id":0,"font":"","enabled":false},"version":2},"jetpack_post_was_ever_published":false},"categories":[3],"tags":[],"class_list":["post-30442","post","type-post","status-publish","format-standard","has-post-thumbnail","hentry","category-novosti"],"acf":{"facebook_opis":""},"jetpack_publicize_connections":[],"jetpack_featured_media_url":"https:\/\/i0.wp.com\/historiografija.hr\/wp-content\/uploads\/2022\/03\/Smotra.jpg?fit=148%2C216&ssl=1","jetpack_sharing_enabled":true,"jetpack-related-posts":[{"id":53479,"url":"https:\/\/historiografija.hr\/?p=53479","url_meta":{"origin":30442,"position":0},"title":"Odr\u017eana tribina \u201eOd knji\u017eevnosti do teorije\u201c \u2013 Izme\u0111u dvije vatre: sociologija knji\u017eevnosti","author":"Branimir Jankovi\u0107","date":"20. svibnja 2026.","format":false,"excerpt":"U utorak, 19. 5. 2026. u 19 sati, u organizaciji Centra za teorijska istra\u017eivanja u humanistici odr\u017eana je prva tribina ciklusa \u201cOd knji\u017eevnosti do teorije\u201d, posve\u0107ena razvoju i aktualnom stanju sociologije knji\u017eevnosti u doma\u0107em i me\u0111unarodnom kontekstu. Razgovor, potaknut nedavno objavljenim prijevodima knjiga Svjetska knji\u017eevna republika Pascale Casanova i Sociologija\u2026","rel":"","context":"U &quot;Novosti&quot;","block_context":{"text":"Novosti","link":"https:\/\/historiografija.hr\/?cat=3"},"img":{"alt_text":"","src":"https:\/\/i0.wp.com\/historiografija.hr\/wp-content\/uploads\/2026\/05\/Tribina-2.jpg?fit=1200%2C554&ssl=1&resize=350%2C200","width":350,"height":200,"srcset":"https:\/\/i0.wp.com\/historiografija.hr\/wp-content\/uploads\/2026\/05\/Tribina-2.jpg?fit=1200%2C554&ssl=1&resize=350%2C200 1x, https:\/\/i0.wp.com\/historiografija.hr\/wp-content\/uploads\/2026\/05\/Tribina-2.jpg?fit=1200%2C554&ssl=1&resize=525%2C300 1.5x, https:\/\/i0.wp.com\/historiografija.hr\/wp-content\/uploads\/2026\/05\/Tribina-2.jpg?fit=1200%2C554&ssl=1&resize=700%2C400 2x, https:\/\/i0.wp.com\/historiografija.hr\/wp-content\/uploads\/2026\/05\/Tribina-2.jpg?fit=1200%2C554&ssl=1&resize=1050%2C600 3x"},"classes":[]},{"id":54951,"url":"https:\/\/historiografija.hr\/?p=54951","url_meta":{"origin":30442,"position":1},"title":"Nelio Biedermann, &#8220;L\u00e1z\u00e1r&#8221;","author":"Branimir Jankovi\u0107","date":"13. kolovoza 2026.","format":false,"excerpt":"L\u00e1z\u00e1r Nelija Biedermanna knji\u017eevna je senzacija prevedena na desetke jezika i ve\u0107 uspore\u0111ivana s Mannovim Buddenbrookovima i M\u00e1rquezovim romanima. Kroz sudbinu ma\u0111arske plemi\u0107ke obitelji tijekom raspada Austro-Ugarske, ratova i politi\u010dkih prevrata, autor ispisuje rasko\u0161nu, mra\u010dnu i nezaboravnu obiteljsku sagu o ljubavi, tajnama i naslje\u0111u. Od prvog objavljivanja u Njema\u010dkoj u\u2026","rel":"","context":"U &quot;Novosti&quot;","block_context":{"text":"Novosti","link":"https:\/\/historiografija.hr\/?cat=3"},"img":{"alt_text":"","src":"https:\/\/i0.wp.com\/historiografija.hr\/wp-content\/uploads\/2026\/08\/lazar.jpg?fit=768%2C577&ssl=1&resize=350%2C200","width":350,"height":200,"srcset":"https:\/\/i0.wp.com\/historiografija.hr\/wp-content\/uploads\/2026\/08\/lazar.jpg?fit=768%2C577&ssl=1&resize=350%2C200 1x, https:\/\/i0.wp.com\/historiografija.hr\/wp-content\/uploads\/2026\/08\/lazar.jpg?fit=768%2C577&ssl=1&resize=525%2C300 1.5x, https:\/\/i0.wp.com\/historiografija.hr\/wp-content\/uploads\/2026\/08\/lazar.jpg?fit=768%2C577&ssl=1&resize=700%2C400 2x"},"classes":[]},{"id":54607,"url":"https:\/\/historiografija.hr\/?p=54607","url_meta":{"origin":30442,"position":2},"title":"Tematski broj posve\u0107en \u201eAntici u hrvatskoj povijesti, umjetnosti i kulturi u &#8216;dugom&#8217; 18. stolje\u0107u\u201c","author":"Filip \u0160imunjak","date":"15. srpnja 2026.","format":false,"excerpt":"Objavljen je tematski broj Radova Zavoda za hrvatsku povijest Filozofskoga fakulteta Sveu\u010dili\u0161ta u Zagrebu u kojem je sadr\u017eano 14 radova s interdisciplinarnog znanstvenog skupa \"Antika u hrvatskoj povijesti, umjetnosti i kulturi u 'dugom' 18. stolje\u0107u\". Broj pro\u010ditajte na: https:\/\/hrcak.srce.hr\/broj\/27027","rel":"","context":"U &quot;\u010casopisi&quot;","block_context":{"text":"\u010casopisi","link":"https:\/\/historiografija.hr\/?cat=21"},"img":{"alt_text":"","src":"https:\/\/i0.wp.com\/historiografija.hr\/wp-content\/uploads\/2026\/07\/Radovi-Zavoda-Antika-IGOS-scaled.webp?fit=850%2C1200&ssl=1&resize=350%2C200","width":350,"height":200,"srcset":"https:\/\/i0.wp.com\/historiografija.hr\/wp-content\/uploads\/2026\/07\/Radovi-Zavoda-Antika-IGOS-scaled.webp?fit=850%2C1200&ssl=1&resize=350%2C200 1x, https:\/\/i0.wp.com\/historiografija.hr\/wp-content\/uploads\/2026\/07\/Radovi-Zavoda-Antika-IGOS-scaled.webp?fit=850%2C1200&ssl=1&resize=525%2C300 1.5x, https:\/\/i0.wp.com\/historiografija.hr\/wp-content\/uploads\/2026\/07\/Radovi-Zavoda-Antika-IGOS-scaled.webp?fit=850%2C1200&ssl=1&resize=700%2C400 2x"},"classes":[]},{"id":54639,"url":"https:\/\/historiografija.hr\/?p=54639","url_meta":{"origin":30442,"position":3},"title":"Tematski broj \u010dasopisa &#8220;Studia lexicographica&#8221; (38\/20) posve\u0107en povijesti medicine","author":"Filip \u0160imunjak","date":"17. srpnja 2026.","format":false,"excerpt":"Tematski broj \u010dasopisa Studia lexicographica primarno je zami\u0161ljen kao platforma za prezentaciju radova izlaganih na jubilarnim X. danima Andrije \u0160tampara u Slavonskom Brodu. Raznolikost metodolo\u0161kih pristupa, tema i izvora koji su na\u0161li mjesto u ovom svesku svjedo\u010di o tome da povijest medicine ne smije biti zatvorena u uske cehovske okvire.\u2026","rel":"","context":"U &quot;\u010casopisi&quot;","block_context":{"text":"\u010casopisi","link":"https:\/\/historiografija.hr\/?cat=21"},"img":{"alt_text":"","src":"https:\/\/i0.wp.com\/historiografija.hr\/wp-content\/uploads\/2026\/07\/Studia-lexicographica-38.webp?fit=820%2C1200&ssl=1&resize=350%2C200","width":350,"height":200,"srcset":"https:\/\/i0.wp.com\/historiografija.hr\/wp-content\/uploads\/2026\/07\/Studia-lexicographica-38.webp?fit=820%2C1200&ssl=1&resize=350%2C200 1x, https:\/\/i0.wp.com\/historiografija.hr\/wp-content\/uploads\/2026\/07\/Studia-lexicographica-38.webp?fit=820%2C1200&ssl=1&resize=525%2C300 1.5x, https:\/\/i0.wp.com\/historiografija.hr\/wp-content\/uploads\/2026\/07\/Studia-lexicographica-38.webp?fit=820%2C1200&ssl=1&resize=700%2C400 2x"},"classes":[]},{"id":54271,"url":"https:\/\/historiografija.hr\/?p=54271","url_meta":{"origin":30442,"position":4},"title":"Slobodan Prosperov Novak, &#8220;Grga Novak. \u017divot i djela&#8221;","author":"Branimir Jankovi\u0107","date":"23. lipnja 2026.","format":false,"excerpt":"Biografija Grga Novak: \u017divot i djela donosi pri\u010du o hvarskom znanstveniku i arheologu, jedinom Hrvatu s vite\u0161kim naslovom sir, kojeg je odlikovala kraljica Elizabeta II. Slobodan Prosperov Novak prati njegov put od siroma\u0161tva do vrha akademije kroz re\u017eime XX. stolje\u0107a. Grga Novak jedan je od najfascinantnijih na\u0161ih znanstvenika u dvadesetom\u2026","rel":"","context":"U &quot;Knjige&quot;","block_context":{"text":"Knjige","link":"https:\/\/historiografija.hr\/?cat=8"},"img":{"alt_text":"","src":"https:\/\/i0.wp.com\/historiografija.hr\/wp-content\/uploads\/2026\/06\/grga-novak-slobodan-prosperov-novak-knjiga.jpg?fit=768%2C431&ssl=1&resize=350%2C200","width":350,"height":200,"srcset":"https:\/\/i0.wp.com\/historiografija.hr\/wp-content\/uploads\/2026\/06\/grga-novak-slobodan-prosperov-novak-knjiga.jpg?fit=768%2C431&ssl=1&resize=350%2C200 1x, https:\/\/i0.wp.com\/historiografija.hr\/wp-content\/uploads\/2026\/06\/grga-novak-slobodan-prosperov-novak-knjiga.jpg?fit=768%2C431&ssl=1&resize=525%2C300 1.5x, https:\/\/i0.wp.com\/historiografija.hr\/wp-content\/uploads\/2026\/06\/grga-novak-slobodan-prosperov-novak-knjiga.jpg?fit=768%2C431&ssl=1&resize=700%2C400 2x"},"classes":[]},{"id":53765,"url":"https:\/\/historiografija.hr\/?p=53765","url_meta":{"origin":30442,"position":5},"title":"Doga\u0111anje &#8220;Nigerija u gostima&#8221;","author":"Branimir Jankovi\u0107","date":"27. svibnja 2026.","format":false,"excerpt":"Etnografski muzej, Zagreb 29.05.2026. 17:30h Pridru\u017eite nam se na susretu kojim \u0107emo kroz razgovor o knji\u017eevnosti i osobne pri\u010de otvoriti prostor za upoznavanje sli\u010dnosti i razlika izme\u0111u hrvatske i nigerijske kulture. Mo\u017ee li poezija doista biti most koji spaja kulture i jezike do\u010darat \u0107e Josiah Olumuyiwa Faniyi, astrofozi\u010dar, koji je\u2026","rel":"","context":"U &quot;Novosti&quot;","block_context":{"text":"Novosti","link":"https:\/\/historiografija.hr\/?cat=3"},"img":{"alt_text":"","src":"https:\/\/i0.wp.com\/historiografija.hr\/wp-content\/uploads\/2026\/05\/Web-Dogadanje-EMZ-1.jpg?fit=1200%2C523&ssl=1&resize=350%2C200","width":350,"height":200,"srcset":"https:\/\/i0.wp.com\/historiografija.hr\/wp-content\/uploads\/2026\/05\/Web-Dogadanje-EMZ-1.jpg?fit=1200%2C523&ssl=1&resize=350%2C200 1x, https:\/\/i0.wp.com\/historiografija.hr\/wp-content\/uploads\/2026\/05\/Web-Dogadanje-EMZ-1.jpg?fit=1200%2C523&ssl=1&resize=525%2C300 1.5x, https:\/\/i0.wp.com\/historiografija.hr\/wp-content\/uploads\/2026\/05\/Web-Dogadanje-EMZ-1.jpg?fit=1200%2C523&ssl=1&resize=700%2C400 2x, https:\/\/i0.wp.com\/historiografija.hr\/wp-content\/uploads\/2026\/05\/Web-Dogadanje-EMZ-1.jpg?fit=1200%2C523&ssl=1&resize=1050%2C600 3x"},"classes":[]}],"_links":{"self":[{"href":"https:\/\/historiografija.hr\/index.php?rest_route=\/wp\/v2\/posts\/30442","targetHints":{"allow":["GET"]}}],"collection":[{"href":"https:\/\/historiografija.hr\/index.php?rest_route=\/wp\/v2\/posts"}],"about":[{"href":"https:\/\/historiografija.hr\/index.php?rest_route=\/wp\/v2\/types\/post"}],"author":[{"embeddable":true,"href":"https:\/\/historiografija.hr\/index.php?rest_route=\/wp\/v2\/users\/2"}],"replies":[{"embeddable":true,"href":"https:\/\/historiografija.hr\/index.php?rest_route=%2Fwp%2Fv2%2Fcomments&post=30442"}],"version-history":[{"count":1,"href":"https:\/\/historiografija.hr\/index.php?rest_route=\/wp\/v2\/posts\/30442\/revisions"}],"predecessor-version":[{"id":30444,"href":"https:\/\/historiografija.hr\/index.php?rest_route=\/wp\/v2\/posts\/30442\/revisions\/30444"}],"wp:featuredmedia":[{"embeddable":true,"href":"https:\/\/historiografija.hr\/index.php?rest_route=\/wp\/v2\/media\/30443"}],"wp:attachment":[{"href":"https:\/\/historiografija.hr\/index.php?rest_route=%2Fwp%2Fv2%2Fmedia&parent=30442"}],"wp:term":[{"taxonomy":"category","embeddable":true,"href":"https:\/\/historiografija.hr\/index.php?rest_route=%2Fwp%2Fv2%2Fcategories&post=30442"},{"taxonomy":"post_tag","embeddable":true,"href":"https:\/\/historiografija.hr\/index.php?rest_route=%2Fwp%2Fv2%2Ftags&post=30442"}],"curies":[{"name":"wp","href":"https:\/\/api.w.org\/{rel}","templated":true}]}}