{"id":30439,"date":"2022-03-16T20:29:26","date_gmt":"2022-03-16T20:29:26","guid":{"rendered":"http:\/\/historiografija.hr\/?p=30439"},"modified":"2022-03-16T20:29:26","modified_gmt":"2022-03-16T20:29:26","slug":"orhan-pamuk-noci-kuge","status":"publish","type":"post","link":"https:\/\/historiografija.hr\/?p=30439","title":{"rendered":"Orhan Pamuk, \u201cNo\u0107i kuge\u201d"},"content":{"rendered":"\n<p>S turskog prevela Mirjana Marinkovi\u0107<\/p>\n\n\n\n<p>Izdava\u010d: Geopoetika<\/p>\n\n\n\n<p>Godina izdanja: 2021<\/p>\n\n\n\n<p>Broj strana: 584<\/p>\n\n\n\n<hr class=\"wp-block-separator\"\/>\n\n\n\n<p>Dugo o\u010dekivani roman Orhana Pamuka, delo koje je pisao punih pet godina, donosi \u017eivu panoramsku sliku poslednjih dana Osmanskog carstva: od straha pred smr\u0107u do protivljenja zdravstvenom zaklju\u010davanju, od tekijskih \u0161ejhova do gr\u010dkih nacionalista, od hodo\u010dasni\u010dkih brodova do pobuna protiv karantina, ali koji ponovo razmatra i temeljna pitanja \u017eivota, smrti i ljubavi.\u00a0<br>Kada je u prole\u0107e 1901. godine izbila epidemija kuge na ostrvu Minger \u2013 u 29. provinciji Osmanskog carstva \u2013 sultan Abdulhamid \u0161alje na ostrvo najpre glavnog zdravstvenog inspektora Bonkovski-pa\u0161u, a za njim i mladog i uspe\u0161nog doktora Nurija, da zaustave epidemiju. Padi\u0161ah je upravo o\u017eenio ovog mladog lekara sultanijom Pakize, \u0107erkom sultana Murata V, svog starijeg brata kojeg je dr\u017eao zato\u010denog u palati. Sultanija prati supruga na tom putovanju. A na ostrvu su mladi nacionalista, osmanski oficir, upravnik provincije i fatalne ostrvljanke. Roman <em>No\u0107i kuge<\/em> je pri\u010da o borbi tih ljudi sa po\u0161tovanjem karantinske zabrane, sa kugom, sa tradicijom ostrva i naposletku \u2013 jednih sa drugima i smrtnim pretnjama, kao i o njihovim ljubavima.\u00a0<\/p>\n\n\n\n<hr class=\"wp-block-separator\"\/>\n\n\n\n<p>\u201eNajva\u017enija specifi\u010dnost <em>No\u0107i kuge <\/em>jeste uspe\u0161no pro\u017eimanje istorije i fikcije,&nbsp; \u0161to \u010ditaocu ote\u017eava da pojmi gde prestaje stvarno, a gde po\u010dinje fiktivno.\u201c<\/p>\n\n\n\n<p>Mensur Akgun (www.karar.com)<\/p>\n\n\n\n<p>\u201ePamuk je u roman utkao istoriju i politiku, dodav\u0161i im ne\u0161to ironije i parodije.<em> No\u0107i kuge<\/em> su o\u010daravaju\u0107i i u isti mah vi\u0161eslojan roman. Ne mogu re\u0107i da je najbolji u njegovoj karijeri, ali lako mogu da ka\u017eem da je najbolji roman koji je napisao nakon \u0161to je dobio Nobelovu nagradu.\u201c<\/p>\n\n\n\n<p>A. Omer Turke\u0161, <em>H\u00fcrriyet<\/em><\/p>\n\n\n\n<p>\u201ePamuk je od onih retkih pisaca koji pi\u0161u svoje najbolje knjige posle dobijanja Nobelove nagrade.\u201c<\/p>\n\n\n\n<p><em>Independent<\/em>, Engleska<\/p>\n\n\n\n<hr class=\"wp-block-separator\"\/>\n\n\n\n<p><strong>Orhan Pamuk<\/strong> je ro\u0111en u Istanbulu 1952. godine. Odrastao je u istanbulskoj \u010detvrti Ni\u0161anta\u0161, u porodici nalik onima kakve opisuje u svojim romanima\u00a0<em>D\u017eevdet-beg i njegovi sinovi<\/em>\u00a0i\u00a0<em>Crna knjiga<\/em>. Po zavr\u0161enoj gimnaziji studirao je arhitekturu, ali se potom opredelio za novinarstvo. Napustio je studije na Tehni\u010dkom fakultetu, upisao se na Institut za novinarstvo Istanbulskog univerziteta i diplomirao 1976. godine. Pamuk, koji za sebe ka\u017ee da je u detinjstvu i mladosti ma\u0161tao\u00a0o tome da postane slikar, aktivno se posvetio pisanju 1974. godine. Izdava\u010dka ku\u0107a\u00a0<em>Milijet<\/em>\u00a0dodelila mu je 1979. godine nagradu za rukopis prvog romana\u00a0<em>D\u017eevdet-beg i njegovi sinovi<\/em>, koji je objavljen 1982, a godinu dana kasnije dobio je presti\u017enu nagradu koja nosi ime slavnog turskog pisca Orhana Kemala. Iste godine, 1983, iz\u00a0\u0161tampe izlazi\u00a0<em>Tiha ku\u0107a<\/em>, njegov drugi roman, koji opisuje tri generacije jedne istanbulske\u00a0trgova\u010dke porodice. Godine 1984. ovaj je roman, preveden na francuski, dobio nagradu Madarali, a 1991. i Nagradu za evropsko otkri\u0107e (Prix de la decouverte europeenne). Istorijski roman\u00a0<em>Bela tvr\u0111ava<\/em>\u00a0(1985), u kojem je opisana veza izme\u0111u mleta\u010dkog roba i njegovog turskog gospodara, pro\u0161irio je popularnost i slavu\u00a0Orhana Pamuka i izvan granica Turske. Ova knjiga, \u010diji je prevod na engleski\u00a0<em>Njujork tajms<\/em>\u00a0pozdravio re\u010dima \u201eNova zvezda ukazala se na Istoku\u201c, prevedena je na\u00a0sve velike zapadne jezike. Njegov \u010detvrti roman,\u00a0<em>Crna knjiga<\/em>\u00a0(1990), zahvaljuju\u0107i svojoj slo\u017eenosti, bogatstvu i puno\u0107i izraza, smatra se jednim od najkontroverznijih, ali i najpopularnijih romana savremene turske knji\u017eevnosti. Na osnovu ove\u00a0knjige Pamuk je napisao scenario za film\u00a0<em>Tajno lice<\/em>, koji je re\u017eirao \u010duveni turski\u00a0reditelj Omer Kavur. Taj scenario objavljen je kao knjiga 1992. godine. Roman\u00a0<em>Novi \u017eivot<\/em>\u00a0je za kratko vreme po objavljivanju (1994) postao jedan od naj\u010ditanijih savremenih turskih romana. Na izrazito veliko interesovanje, kako u Turskoj tako\u00a0i u inostranstvu, nai\u0161ao je njegov istorijski roman o \u017eivotu i umetnosti osmanskih\u00a0majstora minijature u kasnom \u0161esnaestom veku,\u00a0<em>Zovem se crveno <\/em>(1998), koji je\u00a02003. godine dobio International IMPAC Dublin Literary Award i Prix M\u00e9dicis\u00a0\u00e9tranger 2005. godine.<br>Godine 1998. Pamuk je, prave\u0107i izbor iz napisa u svojim bele\u0161kama koje je vodio od rane mladosti, pod naslovom <em>Druge boje: izabrani spisi i jedna pripovetka<\/em>, zajedno sa do tada neobjavljenom dugom pripovetkom\u00a0<em>Gledanje kroz prozor<\/em>, objavio svoje odabrane tekstove, eseje, novinske \u010dlanke, kritike, reporta\u017ee i putopise. Godine 2002. objavio je roman\u00a0<em>Sneg<\/em>, a 2003. knjigu tekstova posve\u0107enu rodnom gradu \u2212\u00a0<em>Istanbul: uspomene i grad<\/em>. Dobitnik je Nagrade za mir knji\u017eara Nema\u010dke (Friedenspreis des Deutschen Buchhandels) za 2005. godinu.\u00a0Godine 2006. dodeljena mu je Nobelova nagrada za knji\u017eevnost. Iste godine odlikovan je francuskim Ordenom viteza reda umetnosti i knji\u017eevnosti, a Univerzitet u Va\u0161ingtonu dodelio mu je medalju (Distinguished Humanist Medal), koja se bijenalno dodeljuje nau\u010dnicima i umetnicima za vrhunska dela i hrabrost.<br>Orhan Pamuk je po\u010dasni \u010dlan Ameri\u010dke akademije umetnosti i knji\u017eevnosti, kao i Kineske akademije dru\u0161tvenih nauka. Godine 2010. uru\u010dena mu je Nagrada \u201eNorman Majler\u201c za \u017eivotno delo (2010 Norman Mailer Lifetime Achievement Award).<br>Knjige Orhana Pamuka prevedene su na vi\u0161e od \u010detrdeset svetskih jezika i prodate u tira\u017eu od vi\u0161e miliona primeraka.\u00a0<\/p>\n\n\n\n<hr class=\"wp-block-separator\"\/>\n\n\n\n<p>Izvor:<\/p>\n\n\n\n<p><a href=\"https:\/\/geopoetika.mpanel.app\/o-knjizi\/1785\/noci-kuge\">https:\/\/geopoetika.mpanel.app\/o-knjizi\/1785\/noci-kuge<\/a><\/p>\n\n\n\n<hr class=\"wp-block-separator\"\/>\n","protected":false},"excerpt":{"rendered":"","protected":false},"author":2,"featured_media":30440,"comment_status":"open","ping_status":"open","sticky":false,"template":"","format":"standard","meta":{"_acf_changed":false,"jetpack_post_was_ever_published":false,"_jetpack_newsletter_access":"","_jetpack_dont_email_post_to_subs":false,"_jetpack_newsletter_tier_id":0,"_jetpack_memberships_contains_paywalled_content":false,"_jetpack_memberships_contains_paid_content":false,"footnotes":"","jetpack_publicize_message":"","jetpack_publicize_feature_enabled":true,"jetpack_social_post_already_shared":true,"jetpack_social_options":{"image_generator_settings":{"template":"highway","default_image_id":0,"font":"","enabled":false},"version":2}},"categories":[3,12],"tags":[],"class_list":["post-30439","post","type-post","status-publish","format-standard","has-post-thumbnail","hentry","category-novosti","category-knjizevnost"],"acf":{"facebook_opis":""},"jetpack_publicize_connections":[],"jetpack_featured_media_url":"https:\/\/i0.wp.com\/historiografija.hr\/wp-content\/uploads\/2022\/03\/noci-kuge.jpg?fit=534%2C788&ssl=1","jetpack_sharing_enabled":true,"jetpack-related-posts":[{"id":52717,"url":"https:\/\/historiografija.hr\/?p=52717","url_meta":{"origin":30439,"position":0},"title":"Okrugli stol &#8220;Dvjestapedeset godina Sjedinjenih Ameri\u010dkih Dr\u017eava \u2013 od kolonije do prve zemlje svijeta i dalje&#8221;","author":"Filip \u0160imunjak","date":"29. travnja 2026.","format":false,"excerpt":"Ove godine obilje\u017eava se 250. obljetnica osnutka Sjedinjenih Ameri\u010dkih Dr\u017eava, povodom koje je pokrenut niz rasprava o ameri\u010dkoj povijesti, njezinoj globalnoj ulozi i naslje\u0111u koje se prote\u017ee od 1776. do danas. Obljetnica je ujedno prilika za promi\u0161ljanje o tome kako danas tuma\u010dimo ameri\u010dku pro\u0161lost, ali i (aktualnu) ulogu SAD-a u\u2026","rel":"","context":"U &quot;Novosti&quot;","block_context":{"text":"Novosti","link":"https:\/\/historiografija.hr\/?cat=3"},"img":{"alt_text":"","src":"https:\/\/i0.wp.com\/historiografija.hr\/wp-content\/uploads\/2026\/04\/Kliofest-01-utorak-I-02-OS-250-godina-SAD.jpg?fit=1200%2C566&ssl=1&resize=350%2C200","width":350,"height":200,"srcset":"https:\/\/i0.wp.com\/historiografija.hr\/wp-content\/uploads\/2026\/04\/Kliofest-01-utorak-I-02-OS-250-godina-SAD.jpg?fit=1200%2C566&ssl=1&resize=350%2C200 1x, https:\/\/i0.wp.com\/historiografija.hr\/wp-content\/uploads\/2026\/04\/Kliofest-01-utorak-I-02-OS-250-godina-SAD.jpg?fit=1200%2C566&ssl=1&resize=525%2C300 1.5x, https:\/\/i0.wp.com\/historiografija.hr\/wp-content\/uploads\/2026\/04\/Kliofest-01-utorak-I-02-OS-250-godina-SAD.jpg?fit=1200%2C566&ssl=1&resize=700%2C400 2x, https:\/\/i0.wp.com\/historiografija.hr\/wp-content\/uploads\/2026\/04\/Kliofest-01-utorak-I-02-OS-250-godina-SAD.jpg?fit=1200%2C566&ssl=1&resize=1050%2C600 3x"},"classes":[]},{"id":52496,"url":"https:\/\/historiografija.hr\/?p=52496","url_meta":{"origin":30439,"position":1},"title":"30 godina Podru\u017enice \u2013 Javno predavanje Matea \u010calu\u0161i\u0107a \u201eSlavonski Brod u Domovinskom ratu\u201c","author":"Branimir Jankovi\u0107","date":"17. travnja 2026.","format":false,"excerpt":"U 2026. navr\u0161ava se trideset godina od osnutka Podru\u017enice za povijest Slavonije, Srijema i Baranje Hrvatskoga instituta za povijest. Obilje\u017eavanje ove zna\u010dajne obljetnice zapo\u010dinje ciklusom javnih povijesnih predavanja znanstvenika Instituta. Tre\u0107e po redu je predavanje Matea \u010calu\u0161i\u0107a \u2013 \u201eSLAVONSKI BROD U DOMOVINSKOM RATU\u201c. Predavanje \u0107e se odr\u017eati 21. travnja 2026.\u2026","rel":"","context":"U &quot;Novosti&quot;","block_context":{"text":"Novosti","link":"https:\/\/historiografija.hr\/?cat=3"},"img":{"alt_text":"","src":"https:\/\/i0.wp.com\/historiografija.hr\/wp-content\/uploads\/2026\/04\/Predavanje-Calusic.png?fit=860%2C1200&ssl=1&resize=350%2C200","width":350,"height":200,"srcset":"https:\/\/i0.wp.com\/historiografija.hr\/wp-content\/uploads\/2026\/04\/Predavanje-Calusic.png?fit=860%2C1200&ssl=1&resize=350%2C200 1x, https:\/\/i0.wp.com\/historiografija.hr\/wp-content\/uploads\/2026\/04\/Predavanje-Calusic.png?fit=860%2C1200&ssl=1&resize=525%2C300 1.5x, https:\/\/i0.wp.com\/historiografija.hr\/wp-content\/uploads\/2026\/04\/Predavanje-Calusic.png?fit=860%2C1200&ssl=1&resize=700%2C400 2x"},"classes":[]},{"id":52631,"url":"https:\/\/historiografija.hr\/?p=52631","url_meta":{"origin":30439,"position":2},"title":"Predavanje Ivana Tepe\u0161a: Djelovanje hrvatske politi\u010dke emigracije","author":"Branimir Jankovi\u0107","date":"23. travnja 2026.","format":false,"excerpt":"Odjel za me\u0111unarodnu suradnju i iseljeni\u0161tvo Matice hrvatske Predavanje Ivana Tepe\u0161a: Djelovanje hrvatske politi\u010dke emigracije Utorak, 28. travnja 2026. u 18:00 sati, Dvorana Ljudevita Jonkea (Mala dvorana MH), Strossmayerov trg 4, Zagreb dr. sc. Ivan Tepe\u0161, Institut za istra\u017eivanje migracija Hrvatska politi\u010dka emigracija obilje\u017eila je polustoljetnu hrvatsku povijest u drugoj\u2026","rel":"","context":"U &quot;Novosti&quot;","block_context":{"text":"Novosti","link":"https:\/\/historiografija.hr\/?cat=3"},"img":{"alt_text":"","src":"","width":0,"height":0},"classes":[]},{"id":52704,"url":"https:\/\/historiografija.hr\/?p=52704","url_meta":{"origin":30439,"position":3},"title":"Predstavljanje knjige &#8220;Vladimir Vasiljevi\u0107: Moji do\u017eivljaji. Dnevni\u010dki zapisi iz Prvoga svjetskog rata i poratnoga vremena&#8221;","author":"Filip \u0160imunjak","date":"29. travnja 2026.","format":false,"excerpt":"Doga\u0111anja ovogodi\u0161njega Festivala povijesti Kliofest zapo\u010dinjemo ve\u0107 i prije samoga slu\u017ebenog otvaranja, predstavljanjem knjige \u201eMoji do\u017eivljaji. Dnevni\u010dki zapisi iz Prvoga svjetskog rata i poratnoga vremena\u201d Vladimira Vasiljevi\u0107a, koju su priredili Karlo Rukavina i Damir Agi\u010di\u0107. Pozivamo Vas na predstavljanje koje \u0107e se odr\u017eati u ponedjeljak 4. svibnja, s po\u010detkom u\u2026","rel":"","context":"U &quot;Knjige&quot;","block_context":{"text":"Knjige","link":"https:\/\/historiografija.hr\/?cat=8"},"img":{"alt_text":"","src":"https:\/\/i0.wp.com\/historiografija.hr\/wp-content\/uploads\/2026\/04\/Naslovna-V.-Vasiljevic.webp?fit=1200%2C600&ssl=1&resize=350%2C200","width":350,"height":200,"srcset":"https:\/\/i0.wp.com\/historiografija.hr\/wp-content\/uploads\/2026\/04\/Naslovna-V.-Vasiljevic.webp?fit=1200%2C600&ssl=1&resize=350%2C200 1x, https:\/\/i0.wp.com\/historiografija.hr\/wp-content\/uploads\/2026\/04\/Naslovna-V.-Vasiljevic.webp?fit=1200%2C600&ssl=1&resize=525%2C300 1.5x, https:\/\/i0.wp.com\/historiografija.hr\/wp-content\/uploads\/2026\/04\/Naslovna-V.-Vasiljevic.webp?fit=1200%2C600&ssl=1&resize=700%2C400 2x, https:\/\/i0.wp.com\/historiografija.hr\/wp-content\/uploads\/2026\/04\/Naslovna-V.-Vasiljevic.webp?fit=1200%2C600&ssl=1&resize=1050%2C600 3x"},"classes":[]},{"id":52733,"url":"https:\/\/historiografija.hr\/?p=52733","url_meta":{"origin":30439,"position":4},"title":"Vlado Raji\u0107 \u201eGranica na kraju stolje\u0107a\u201c","author":"Filip \u0160imunjak","date":"29. travnja 2026.","format":false,"excerpt":"U suizdanju Durieuxa i Beletre objavljena je 2025. godine knjiga Granica na kraju stolje\u0107a autora Vlade Raji\u0107a.\u00a0 O knjizi\u00a0 Romansirana biografija Vladimira Iblera mnogo je vi\u0161e od zanimljive pri\u010de o privatnom \u017eivotu i impresivnoj profesionalnoj karijeri istaknutog stru\u010dnjaka za me\u0111unarodno pravo i dugo\u00adgodi\u0161njeg profesora na zagreba\u010dkom Pravnom fakultetu, akademika, koji\u2026","rel":"","context":"U &quot;Knjige&quot;","block_context":{"text":"Knjige","link":"https:\/\/historiografija.hr\/?cat=8"},"img":{"alt_text":"","src":"https:\/\/i0.wp.com\/historiografija.hr\/wp-content\/uploads\/2026\/04\/VLADO-RAJIC-GRANICA-NA-KRAJU-STOLJECA.jpg?fit=450%2C650&ssl=1&resize=350%2C200","width":350,"height":200},"classes":[]},{"id":52607,"url":"https:\/\/historiografija.hr\/?p=52607","url_meta":{"origin":30439,"position":5},"title":"No\u0107 knjige: Kako je prije 410 godina smr\u0107u Shakespearea i Cervantesa zavr\u0161ilo razdoblje renesanse u knji\u017eevnosti","author":"Branimir Jankovi\u0107","date":"22. travnja 2026.","format":false,"excerpt":"\u010cetvrtak, 23. travnja 2026. u 18:00 sati, Knji\u017eara Matice hrvatske, Ulica Matice hrvatske 2, Zagreb Uvodna rije\u010d: dr. sc.\u00a0Dubravka Brezak Stama\u0107, pro\u010delnica Odjela za knji\u017eevnost Matice hrvatske Prof. dr. sc. Ivan Lupi\u0107, redoviti profesor u Odsjeku za anglistiku i Odsjeku za kroatistiku Sveu\u010dili\u0161ta u RijeciShakespeare, kazali\u0161te, glazbaKada se susre\u0107emo sa\u2026","rel":"","context":"U &quot;Novosti&quot;","block_context":{"text":"Novosti","link":"https:\/\/historiografija.hr\/?cat=3"},"img":{"alt_text":"","src":"https:\/\/i0.wp.com\/historiografija.hr\/wp-content\/uploads\/2026\/04\/noc_knjige_2026.jpg?fit=680%2C276&ssl=1&resize=350%2C200","width":350,"height":200,"srcset":"https:\/\/i0.wp.com\/historiografija.hr\/wp-content\/uploads\/2026\/04\/noc_knjige_2026.jpg?fit=680%2C276&ssl=1&resize=350%2C200 1x, https:\/\/i0.wp.com\/historiografija.hr\/wp-content\/uploads\/2026\/04\/noc_knjige_2026.jpg?fit=680%2C276&ssl=1&resize=525%2C300 1.5x"},"classes":[]}],"_links":{"self":[{"href":"https:\/\/historiografija.hr\/index.php?rest_route=\/wp\/v2\/posts\/30439","targetHints":{"allow":["GET"]}}],"collection":[{"href":"https:\/\/historiografija.hr\/index.php?rest_route=\/wp\/v2\/posts"}],"about":[{"href":"https:\/\/historiografija.hr\/index.php?rest_route=\/wp\/v2\/types\/post"}],"author":[{"embeddable":true,"href":"https:\/\/historiografija.hr\/index.php?rest_route=\/wp\/v2\/users\/2"}],"replies":[{"embeddable":true,"href":"https:\/\/historiografija.hr\/index.php?rest_route=%2Fwp%2Fv2%2Fcomments&post=30439"}],"version-history":[{"count":1,"href":"https:\/\/historiografija.hr\/index.php?rest_route=\/wp\/v2\/posts\/30439\/revisions"}],"predecessor-version":[{"id":30441,"href":"https:\/\/historiografija.hr\/index.php?rest_route=\/wp\/v2\/posts\/30439\/revisions\/30441"}],"wp:featuredmedia":[{"embeddable":true,"href":"https:\/\/historiografija.hr\/index.php?rest_route=\/wp\/v2\/media\/30440"}],"wp:attachment":[{"href":"https:\/\/historiografija.hr\/index.php?rest_route=%2Fwp%2Fv2%2Fmedia&parent=30439"}],"wp:term":[{"taxonomy":"category","embeddable":true,"href":"https:\/\/historiografija.hr\/index.php?rest_route=%2Fwp%2Fv2%2Fcategories&post=30439"},{"taxonomy":"post_tag","embeddable":true,"href":"https:\/\/historiografija.hr\/index.php?rest_route=%2Fwp%2Fv2%2Ftags&post=30439"}],"curies":[{"name":"wp","href":"https:\/\/api.w.org\/{rel}","templated":true}]}}