{"id":30436,"date":"2022-03-16T20:20:13","date_gmt":"2022-03-16T20:20:13","guid":{"rendered":"http:\/\/historiografija.hr\/?p=30436"},"modified":"2022-07-15T14:19:30","modified_gmt":"2022-07-15T14:19:30","slug":"povijesni-prilozi-br-61-2021-tematski-blok-epidemije-na-hrvatskom-prostoru-tijekom-povijesti-2","status":"publish","type":"post","link":"https:\/\/historiografija.hr\/?p=30436","title":{"rendered":"\u201cPovijesni prilozi\u201d (br. 61-2021) \u2013 tematski blok \u201cEpidemije na hrvatskom prostoru tijekom povijesti\u201d (2)"},"content":{"rendered":"\n<p>U \u010dasopisu \u201cPovijesni prilozi\u201d (br. 61-2021) objavljen je drugi tematski blok \u201cEpidemije na hrvatskom prostoru tijekom povijesti\u201d, dostupan na portalu hrvatskih znanstvenih i stru\u010dnih \u010dasopisa Hr\u010dak.<\/p>\n\n\n\n<hr class=\"wp-block-separator\"\/>\n\n\n\n<p><strong>Sadr\u017eaj<\/strong><\/p>\n\n\n\n<hr class=\"wp-block-separator\"\/>\n\n\n\n<p>Zarazne bolesti, prostorna mobilnost i prevencija u ranome novom vijeku: povijesna iskustva Dalmacije i Slavonije<\/p>\n\n\n\n<p>Early Modern Epidemic Diseases, Space Mobility, and Prevention: Historical Experiences of Dalmatia and Slavonia<\/p>\n\n\n\n<p><strong>Dubravka Mlinari\u0107, Sanja Lazanin<\/strong><\/p>\n\n\n\n<hr class=\"wp-block-separator\"\/>\n\n\n\n<p>Plague Epidemics in Dubrovnik during the Second Half of the 14th Century. How Reliable are Chroniclers&#8217; Records as a Source for Studying Epidemics?<\/p>\n\n\n\n<p>Epidemije kuge u Dubrovniku u drugoj polovici 14. stolje\u0107a. Koliko su kroni\u010darski zapisi pouzdan izvor za prou\u010davanje epidemija?<\/p>\n\n\n\n<p><strong>Gordan Ravan\u010di\u0107<\/strong><\/p>\n\n\n\n<hr class=\"wp-block-separator\"\/>\n\n\n\n<p>Healthcare on the Valpovo Manor during the First Decades of Its Existence (1724-1759)<\/p>\n\n\n\n<p>Zdravstvena skrb na valpova\u010dkom vlastelinstvu na temelju vlastelinskih knjiga prihoda i rashoda (od 1724. do 1759.)<\/p>\n\n\n\n<p><strong>Milan Vrbanus<\/strong><\/p>\n\n\n\n<hr class=\"wp-block-separator\"\/>\n\n\n\n<p>O politi\u010dkim aspektima progla\u0161enja epidemije u okolici Velehrada u Moravskoj uo\u010di proslave tisu\u0107ite obljetnice smrti sv. Metoda 1885. godine<\/p>\n\n\n\n<p>On the Political Aspects of Declaring an Epidemic in the Vicinity of Velehrad in Moravia on the Eve of the Celebration of the Thousandth Anniversary of St Methodius\u2019s Death (1885)<\/p>\n\n\n\n<p><strong>Zoran Grijak<\/strong><\/p>\n\n\n\n<hr class=\"wp-block-separator\"\/>\n\n\n\n<p>Vi\u0161e o navedenim \u010dlancima kao i cjelokupnom broju na sljede\u0107oj poveznici:<\/p>\n\n\n\n<p><a href=\"https:\/\/hrcak.srce.hr\/broj\/21225\">https:\/\/hrcak.srce.hr\/broj\/21225<\/a><\/p>\n\n\n\n<hr class=\"wp-block-separator\"\/>\n","protected":false},"excerpt":{"rendered":"","protected":false},"author":2,"featured_media":30437,"comment_status":"open","ping_status":"open","sticky":false,"template":"","format":"standard","meta":{"_acf_changed":false,"jetpack_post_was_ever_published":false,"_jetpack_newsletter_access":"","_jetpack_dont_email_post_to_subs":false,"_jetpack_newsletter_tier_id":0,"_jetpack_memberships_contains_paywalled_content":false,"_jetpack_memberships_contains_paid_content":false,"footnotes":"","jetpack_publicize_message":"","jetpack_publicize_feature_enabled":true,"jetpack_social_post_already_shared":true,"jetpack_social_options":{"image_generator_settings":{"template":"highway","default_image_id":0,"font":"","enabled":false},"version":2}},"categories":[21,3],"tags":[],"class_list":["post-30436","post","type-post","status-publish","format-standard","has-post-thumbnail","hentry","category-casopisi","category-novosti"],"acf":{"facebook_opis":""},"jetpack_publicize_connections":[],"jetpack_featured_media_url":"https:\/\/i0.wp.com\/historiografija.hr\/wp-content\/uploads\/2022\/03\/21225.jpg?fit=150%2C174&ssl=1","jetpack_sharing_enabled":true,"jetpack-related-posts":[],"_links":{"self":[{"href":"https:\/\/historiografija.hr\/index.php?rest_route=\/wp\/v2\/posts\/30436","targetHints":{"allow":["GET"]}}],"collection":[{"href":"https:\/\/historiografija.hr\/index.php?rest_route=\/wp\/v2\/posts"}],"about":[{"href":"https:\/\/historiografija.hr\/index.php?rest_route=\/wp\/v2\/types\/post"}],"author":[{"embeddable":true,"href":"https:\/\/historiografija.hr\/index.php?rest_route=\/wp\/v2\/users\/2"}],"replies":[{"embeddable":true,"href":"https:\/\/historiografija.hr\/index.php?rest_route=%2Fwp%2Fv2%2Fcomments&post=30436"}],"version-history":[{"count":1,"href":"https:\/\/historiografija.hr\/index.php?rest_route=\/wp\/v2\/posts\/30436\/revisions"}],"predecessor-version":[{"id":30438,"href":"https:\/\/historiografija.hr\/index.php?rest_route=\/wp\/v2\/posts\/30436\/revisions\/30438"}],"wp:featuredmedia":[{"embeddable":true,"href":"https:\/\/historiografija.hr\/index.php?rest_route=\/wp\/v2\/media\/30437"}],"wp:attachment":[{"href":"https:\/\/historiografija.hr\/index.php?rest_route=%2Fwp%2Fv2%2Fmedia&parent=30436"}],"wp:term":[{"taxonomy":"category","embeddable":true,"href":"https:\/\/historiografija.hr\/index.php?rest_route=%2Fwp%2Fv2%2Fcategories&post=30436"},{"taxonomy":"post_tag","embeddable":true,"href":"https:\/\/historiografija.hr\/index.php?rest_route=%2Fwp%2Fv2%2Ftags&post=30436"}],"curies":[{"name":"wp","href":"https:\/\/api.w.org\/{rel}","templated":true}]}}