{"id":30425,"date":"2022-03-15T23:13:34","date_gmt":"2022-03-15T23:13:34","guid":{"rendered":"http:\/\/historiografija.hr\/?p=30425"},"modified":"2022-03-15T23:14:56","modified_gmt":"2022-03-15T23:14:56","slug":"ostblog-spezial-russlands-krieg-gegen-die-ukraine-begriffe-hintergrunde-kommentare","status":"publish","type":"post","link":"https:\/\/historiografija.hr\/?p=30425","title":{"rendered":"ostBlog Spezial &#8220;Russlands Krieg gegen die Ukraine: Begriffe, Hintergr\u00fcnde, Kommentare&#8221;"},"content":{"rendered":"\n<p>Leibniz-Institut f\u00fcr Ost- und S\u00fcdosteuropaforschung (IOS) u Regensburgu pokrenuo je specijalni blog povodom rata u Ukrajini s tekstovima na njema\u010dkom i engleskom jeziku. U skladu s tematskim usmjerenjem instituta na isto\u010dno- i jugoisto\u010dnoeuropske studije, tekstovi osim Ukrajine i Rusije obuhva\u0107aju i Bugarsku, Kosovo, Bosnu i Hercegovinu\u2026<\/p>\n\n\n\n<hr class=\"wp-block-separator\"\/>\n\n\n\n<p><a href=\"https:\/\/ukraine2022.ios-regensburg.de\/\">https:\/\/ukraine2022.ios-regensburg.de\/<\/a><\/p>\n\n\n\n<hr class=\"wp-block-separator\"\/>\n\n\n\n<p><a href=\"https:\/\/www.ios-regensburg.de\/aktuelles-details\/2022\/03\/ios-veroeffentlicht-blog-zu-russlands-krieg-gegen-die-ukraine-begriffe-hintergruende-kommentare.html\">https:\/\/www.ios-regensburg.de\/aktuelles-details\/2022\/03\/ios-veroeffentlicht-blog-zu-russlands-krieg-gegen-die-ukraine-begriffe-hintergruende-kommentare.html<\/a><\/p>\n\n\n\n<hr class=\"wp-block-separator\"\/>\n","protected":false},"excerpt":{"rendered":"","protected":false},"author":2,"featured_media":30426,"comment_status":"open","ping_status":"open","sticky":false,"template":"","format":"standard","meta":{"_acf_changed":false,"_jetpack_newsletter_access":"","_jetpack_dont_email_post_to_subs":false,"_jetpack_newsletter_tier_id":0,"_jetpack_memberships_contains_paywalled_content":false,"_jetpack_memberships_contains_paid_content":false,"footnotes":"","jetpack_publicize_message":"","jetpack_publicize_feature_enabled":true,"jetpack_social_post_already_shared":true,"jetpack_social_options":{"image_generator_settings":{"template":"highway","default_image_id":0,"font":"","enabled":false},"version":2},"jetpack_post_was_ever_published":false},"categories":[3],"tags":[],"class_list":["post-30425","post","type-post","status-publish","format-standard","has-post-thumbnail","hentry","category-novosti"],"acf":{"facebook_opis":""},"jetpack_publicize_connections":[],"jetpack_featured_media_url":"https:\/\/i0.wp.com\/historiografija.hr\/wp-content\/uploads\/2022\/03\/csm_blog_ukraine2022.jpg?fit=800%2C533&ssl=1","jetpack_sharing_enabled":true,"jetpack-related-posts":[{"id":49750,"url":"https:\/\/historiografija.hr\/?p=49750","url_meta":{"origin":30425,"position":0},"title":"Rashid I. Khalidi, &#8220;Hundred Years&#8217; War on Palestine&#8221;","author":"Branimir Jankovi\u0107","date":"20. studenoga 2025.","format":false,"excerpt":"The twentieth century for Palestine and the Palestinians has been a century of denial: denial of statehood, denial of nationhood and denial of history. The Hundred Years War on Palestine is Rashid Khalidi`s powerful response. Drawing on his family archives, he reclaims the fundamental right of any people: to narrate\u2026","rel":"","context":"U &quot;Knjige&quot;","block_context":{"text":"Knjige","link":"https:\/\/historiografija.hr\/?cat=8"},"img":{"alt_text":"","src":"https:\/\/i0.wp.com\/historiografija.hr\/wp-content\/uploads\/2025\/11\/Rashid.jpg?fit=360%2C553&ssl=1&resize=350%2C200","width":350,"height":200},"classes":[]},{"id":55072,"url":"https:\/\/historiografija.hr\/?p=55072","url_meta":{"origin":30425,"position":1},"title":"Victoria Khiterer, \u201eBitter War of Memory: The Babyn Yar Massacre, Aftermath, and Commemoration\u201c","author":"Branimir Jankovi\u0107","date":"25. kolovoza 2026.","format":false,"excerpt":"Bitter War of Memory: The Babyn Yar Massacre, Aftermath, and Commemoration\u00a0discusses the Holocaust in Kyiv and the efforts to memorialize the Babyn Yar massacre. Babyn Yar is one of the largest Holocaust sites in the Soviet Union and modern Ukraine, where the Nazis and their collaborators killed virtually all the\u2026","rel":"","context":"U &quot;Knjige&quot;","block_context":{"text":"Knjige","link":"https:\/\/historiografija.hr\/?cat=8"},"img":{"alt_text":"","src":"https:\/\/i0.wp.com\/historiografija.hr\/wp-content\/uploads\/2026\/08\/Bitter-War-of-Memory-2.jpg?fit=596%2C466&ssl=1&resize=350%2C200","width":350,"height":200,"srcset":"https:\/\/i0.wp.com\/historiografija.hr\/wp-content\/uploads\/2026\/08\/Bitter-War-of-Memory-2.jpg?fit=596%2C466&ssl=1&resize=350%2C200 1x, https:\/\/i0.wp.com\/historiografija.hr\/wp-content\/uploads\/2026\/08\/Bitter-War-of-Memory-2.jpg?fit=596%2C466&ssl=1&resize=525%2C300 1.5x"},"classes":[]},{"id":53742,"url":"https:\/\/historiografija.hr\/?p=53742","url_meta":{"origin":30425,"position":2},"title":"Javna predavanja &#8220;Kulturalna povijest kolektivnog stanovanja i komercijalni urbanizam&#8221;","author":"Branimir Jankovi\u0107","date":"26. svibnja 2026.","format":false,"excerpt":"U okviru ERC projekta Housing.Yu, Lea Horvat i Ivana Mihaela \u017dimbrek odr\u017eat \u0107e javna predavanja o kulturalnoj povijesti kolektivnog stanovanja i komercijalnom urbanizmu u petak, 29. svibnja 2026., u 13:00 sati na Arhitektonskom fakultetu u Zagrebu (Ka\u010di\u0107eva 26, 2. kat, soba 221). Lea HorvatKako nam kulturalna povijest poma\u017ee razumjeti kolektivno\u2026","rel":"","context":"U &quot;Novosti&quot;","block_context":{"text":"Novosti","link":"https:\/\/historiografija.hr\/?cat=3"},"img":{"alt_text":"","src":"https:\/\/i0.wp.com\/historiografija.hr\/wp-content\/uploads\/2026\/05\/erc-hyu-predavnje-ivana-zimbrek-1779202528.jpg?fit=900%2C563&ssl=1&resize=350%2C200","width":350,"height":200,"srcset":"https:\/\/i0.wp.com\/historiografija.hr\/wp-content\/uploads\/2026\/05\/erc-hyu-predavnje-ivana-zimbrek-1779202528.jpg?fit=900%2C563&ssl=1&resize=350%2C200 1x, https:\/\/i0.wp.com\/historiografija.hr\/wp-content\/uploads\/2026\/05\/erc-hyu-predavnje-ivana-zimbrek-1779202528.jpg?fit=900%2C563&ssl=1&resize=525%2C300 1.5x, https:\/\/i0.wp.com\/historiografija.hr\/wp-content\/uploads\/2026\/05\/erc-hyu-predavnje-ivana-zimbrek-1779202528.jpg?fit=900%2C563&ssl=1&resize=700%2C400 2x"},"classes":[]},{"id":54351,"url":"https:\/\/historiografija.hr\/?p=54351","url_meta":{"origin":30425,"position":3},"title":"Conversations with Those Who Ask About War: Practices of Interviewing During Russia\u2019s Invasion of Ukraine","author":"Branimir Jankovi\u0107","date":"26. lipnja 2026.","format":false,"excerpt":"How can good practices be developed for collecting, preserving, and publishing eyewitness accounts of a war that is still ongoing? The contributions offer insights into specifics of interviewing witnesses of the first months of Russia\u2019s full-scale invasion of Ukraine. Each chapter introduces researchers and practitioners who began documenting the war\u2026","rel":"","context":"U &quot;E-knjige&quot;","block_context":{"text":"E-knjige","link":"https:\/\/historiografija.hr\/?cat=19"},"img":{"alt_text":"","src":"https:\/\/i0.wp.com\/historiografija.hr\/wp-content\/uploads\/2026\/06\/Conversations-War.jpg?fit=775%2C614&ssl=1&resize=350%2C200","width":350,"height":200,"srcset":"https:\/\/i0.wp.com\/historiografija.hr\/wp-content\/uploads\/2026\/06\/Conversations-War.jpg?fit=775%2C614&ssl=1&resize=350%2C200 1x, https:\/\/i0.wp.com\/historiografija.hr\/wp-content\/uploads\/2026\/06\/Conversations-War.jpg?fit=775%2C614&ssl=1&resize=525%2C300 1.5x, https:\/\/i0.wp.com\/historiografija.hr\/wp-content\/uploads\/2026\/06\/Conversations-War.jpg?fit=775%2C614&ssl=1&resize=700%2C400 2x"},"classes":[]},{"id":54556,"url":"https:\/\/historiografija.hr\/?p=54556","url_meta":{"origin":30425,"position":4},"title":"Patrick Teichmann, &#8220;Die Nation als Familie. Die Konterrevolution im franz\u00f6sischen Roman um 1870&#8221;","author":"Branimir Jankovi\u0107","date":"10. srpnja 2026.","format":false,"excerpt":"Patrick Teichmann u knjizi \u201eDie Nation als Familie\u201c analizira na\u010dine na kojima se u djelima francuske knji\u017eevnosti koja su nastala oko 1870. godine tematizira kontrarevolucija iz 1790-ih, pri \u010demu se koristi povijesni narativ i obiteljska metaforika za promi\u0161ljanje politi\u010dke nestabilnosti i budu\u0107nosti francuske nacije. O knjizi: \u201eDie franz\u00f6sische Konterrevolution der\u2026","rel":"","context":"U &quot;Knjige&quot;","block_context":{"text":"Knjige","link":"https:\/\/historiografija.hr\/?cat=8"},"img":{"alt_text":"","src":"https:\/\/i0.wp.com\/historiografija.hr\/wp-content\/uploads\/2026\/07\/Die-Nation-als-Familie-Buch-2.jpg?fit=800%2C545&ssl=1&resize=350%2C200","width":350,"height":200,"srcset":"https:\/\/i0.wp.com\/historiografija.hr\/wp-content\/uploads\/2026\/07\/Die-Nation-als-Familie-Buch-2.jpg?fit=800%2C545&ssl=1&resize=350%2C200 1x, https:\/\/i0.wp.com\/historiografija.hr\/wp-content\/uploads\/2026\/07\/Die-Nation-als-Familie-Buch-2.jpg?fit=800%2C545&ssl=1&resize=525%2C300 1.5x, https:\/\/i0.wp.com\/historiografija.hr\/wp-content\/uploads\/2026\/07\/Die-Nation-als-Familie-Buch-2.jpg?fit=800%2C545&ssl=1&resize=700%2C400 2x"},"classes":[]},{"id":54956,"url":"https:\/\/historiografija.hr\/?p=54956","url_meta":{"origin":30425,"position":5},"title":"Izlo\u017eba &#8220;Drezdenski dnevnik Anke Krizmani\u0107&#8221;","author":"Branimir Jankovi\u0107","date":"13. kolovoza 2026.","format":false,"excerpt":"Mjesto: Muzej grada ZagrebaVrijeme otvorenja: 14. srpnja 2026., 19 satiTrajanje izlo\u017ebe: \u00a014. srpnja \u2013 20. rujna 2026.Autorice: Aneta Bari\u0161i\u0107 i dr. sc. Ana \u0160eparovi\u0107Stru\u010dna suradnica: dr. sc. Tihana Puc U utorak, 14. srpnja 2026. godine, u Muzeju grada Zagreba otvorena je izlo\u017eba Umjetni\u010dkog paviljona u Zagrebu Drezdenski dnevnik Anke Krizmani\u0107.\u2026","rel":"","context":"U &quot;Izlo\u017ebe&quot;","block_context":{"text":"Izlo\u017ebe","link":"https:\/\/historiografija.hr\/?cat=10"},"img":{"alt_text":"","src":"https:\/\/i0.wp.com\/historiografija.hr\/wp-content\/uploads\/2026\/08\/FOTO_MGZ-2.jpg?fit=1200%2C370&ssl=1&resize=350%2C200","width":350,"height":200,"srcset":"https:\/\/i0.wp.com\/historiografija.hr\/wp-content\/uploads\/2026\/08\/FOTO_MGZ-2.jpg?fit=1200%2C370&ssl=1&resize=350%2C200 1x, https:\/\/i0.wp.com\/historiografija.hr\/wp-content\/uploads\/2026\/08\/FOTO_MGZ-2.jpg?fit=1200%2C370&ssl=1&resize=525%2C300 1.5x, https:\/\/i0.wp.com\/historiografija.hr\/wp-content\/uploads\/2026\/08\/FOTO_MGZ-2.jpg?fit=1200%2C370&ssl=1&resize=700%2C400 2x, https:\/\/i0.wp.com\/historiografija.hr\/wp-content\/uploads\/2026\/08\/FOTO_MGZ-2.jpg?fit=1200%2C370&ssl=1&resize=1050%2C600 3x"},"classes":[]}],"_links":{"self":[{"href":"https:\/\/historiografija.hr\/index.php?rest_route=\/wp\/v2\/posts\/30425","targetHints":{"allow":["GET"]}}],"collection":[{"href":"https:\/\/historiografija.hr\/index.php?rest_route=\/wp\/v2\/posts"}],"about":[{"href":"https:\/\/historiografija.hr\/index.php?rest_route=\/wp\/v2\/types\/post"}],"author":[{"embeddable":true,"href":"https:\/\/historiografija.hr\/index.php?rest_route=\/wp\/v2\/users\/2"}],"replies":[{"embeddable":true,"href":"https:\/\/historiografija.hr\/index.php?rest_route=%2Fwp%2Fv2%2Fcomments&post=30425"}],"version-history":[{"count":3,"href":"https:\/\/historiografija.hr\/index.php?rest_route=\/wp\/v2\/posts\/30425\/revisions"}],"predecessor-version":[{"id":30429,"href":"https:\/\/historiografija.hr\/index.php?rest_route=\/wp\/v2\/posts\/30425\/revisions\/30429"}],"wp:featuredmedia":[{"embeddable":true,"href":"https:\/\/historiografija.hr\/index.php?rest_route=\/wp\/v2\/media\/30426"}],"wp:attachment":[{"href":"https:\/\/historiografija.hr\/index.php?rest_route=%2Fwp%2Fv2%2Fmedia&parent=30425"}],"wp:term":[{"taxonomy":"category","embeddable":true,"href":"https:\/\/historiografija.hr\/index.php?rest_route=%2Fwp%2Fv2%2Fcategories&post=30425"},{"taxonomy":"post_tag","embeddable":true,"href":"https:\/\/historiografija.hr\/index.php?rest_route=%2Fwp%2Fv2%2Ftags&post=30425"}],"curies":[{"name":"wp","href":"https:\/\/api.w.org\/{rel}","templated":true}]}}