{"id":30422,"date":"2022-03-15T23:01:45","date_gmt":"2022-03-15T23:01:45","guid":{"rendered":"http:\/\/historiografija.hr\/?p=30422"},"modified":"2022-03-15T23:01:45","modified_gmt":"2022-03-15T23:01:45","slug":"ios-regensburg-diskussion-the-ukrainian-diaspora-from-the-cold-war-to-putins-war","status":"publish","type":"post","link":"https:\/\/historiografija.hr\/?p=30422","title":{"rendered":"IOS Regensburg &#8211; Diskussion  \u201cThe Ukrainian Diaspora: From the Cold War to Putin\u2019s War\u201d"},"content":{"rendered":"\n<p><strong>Russia\u2019s War Against Ukraine IOS Panel #3<\/strong><\/p>\n\n\n\n<hr class=\"wp-block-separator\"\/>\n\n\n\n<p>Organizing help for refugees from Ukraine, collecting donations for the Ukrainian army, lobbying governments, and organizing rallies in support of Ukraine \u2013 such activities made the presence of large migrant communities with Ukrainian roots in Western Europe and North America instantly visible after February 24, 2022, when Russia invaded Ukraine. But who is the Ukrainian diaspora, since when does it exist, what are its roots? How have the Russian invasion, and events since 2014 affected the identities of migrants from Ukraine? How do current experiences and practices compare to those during the Cold War, when an anti-Soviet Ukrainian diaspora organized in America and Western Europe? Are there links and similarities? These questions will be discussed by this interdisciplinary panel, which also will be live streamed on <a rel=\"noreferrer noopener\" href=\"https:\/\/www.facebook.com\/events\/359522132731582\" target=\"_blank\">Facebook<\/a>.<\/p>\n\n\n\n<hr class=\"wp-block-separator\"\/>\n\n\n\n<p>Inputs from: Dr. Kateryna Kobchenko, Historian, Taras Shevchenko National University of Kyiv\/FU Berlin, Dr. Anastasiia Kuznietsova, PhD in Philosophy and Language Sciences, Sorbonne Paris Cit\u00e9 University<br><em>Moderator<\/em>: Prof. Ulf Brunnbauer, IOS Regensburg.<br><em>Date<\/em>: Thursday, March 17, 5 pm (CET)<br><em>Location<\/em>: Online via <a rel=\"noreferrer noopener\" href=\"https:\/\/ios-regensburg-de.zoom.us\/j\/64358195106\" target=\"_blank\">Zoom <\/a>(ZOOM Webinar ID 643 5819 5106)<\/p>\n\n\n\n<hr class=\"wp-block-separator\"\/>\n\n\n\n<p>Organized by the Leibniz-Institute for East and Southeast European Studies, in cooperation with the Leibniz-ScienceCampus \u201cEurope and America in the Modern World\u201d and the Graduate School for East and Southeast European Studies, Regensburg<\/p>\n\n\n\n<hr class=\"wp-block-separator\"\/>\n\n\n\n<p><a href=\"https:\/\/www.ios-regensburg.de\/aktuelles-details\/2022\/03\/the-ukrainian-diaspora-from-the-cold-war-to-putins-war.html\">https:\/\/www.ios-regensburg.de\/aktuelles-details\/2022\/03\/the-ukrainian-diaspora-from-the-cold-war-to-putins-war.html<\/a><\/p>\n\n\n\n<hr class=\"wp-block-separator\"\/>\n","protected":false},"excerpt":{"rendered":"","protected":false},"author":2,"featured_media":30423,"comment_status":"open","ping_status":"open","sticky":false,"template":"","format":"standard","meta":{"_acf_changed":false,"_jetpack_newsletter_access":"","_jetpack_dont_email_post_to_subs":false,"_jetpack_newsletter_tier_id":0,"_jetpack_memberships_contains_paywalled_content":false,"_jetpack_memberships_contains_paid_content":false,"footnotes":"","jetpack_publicize_message":"","jetpack_publicize_feature_enabled":true,"jetpack_social_post_already_shared":true,"jetpack_social_options":{"image_generator_settings":{"template":"highway","default_image_id":0,"font":"","enabled":false},"version":2},"jetpack_post_was_ever_published":false},"categories":[3],"tags":[],"class_list":["post-30422","post","type-post","status-publish","format-standard","has-post-thumbnail","hentry","category-novosti"],"acf":{"facebook_opis":""},"jetpack_publicize_connections":[],"jetpack_featured_media_url":"https:\/\/i0.wp.com\/historiografija.hr\/wp-content\/uploads\/2022\/03\/csm_IOS-Diaspora2022.png?fit=800%2C419&ssl=1","jetpack_sharing_enabled":true,"jetpack-related-posts":[{"id":55072,"url":"https:\/\/historiografija.hr\/?p=55072","url_meta":{"origin":30422,"position":0},"title":"Victoria Khiterer, \u201eBitter War of Memory: The Babyn Yar Massacre, Aftermath, and Commemoration\u201c","author":"Branimir Jankovi\u0107","date":"25. kolovoza 2026.","format":false,"excerpt":"Bitter War of Memory: The Babyn Yar Massacre, Aftermath, and Commemoration\u00a0discusses the Holocaust in Kyiv and the efforts to memorialize the Babyn Yar massacre. Babyn Yar is one of the largest Holocaust sites in the Soviet Union and modern Ukraine, where the Nazis and their collaborators killed virtually all the\u2026","rel":"","context":"U &quot;Knjige&quot;","block_context":{"text":"Knjige","link":"https:\/\/historiografija.hr\/?cat=8"},"img":{"alt_text":"","src":"https:\/\/i0.wp.com\/historiografija.hr\/wp-content\/uploads\/2026\/08\/Bitter-War-of-Memory-2.jpg?fit=596%2C466&ssl=1&resize=350%2C200","width":350,"height":200,"srcset":"https:\/\/i0.wp.com\/historiografija.hr\/wp-content\/uploads\/2026\/08\/Bitter-War-of-Memory-2.jpg?fit=596%2C466&ssl=1&resize=350%2C200 1x, https:\/\/i0.wp.com\/historiografija.hr\/wp-content\/uploads\/2026\/08\/Bitter-War-of-Memory-2.jpg?fit=596%2C466&ssl=1&resize=525%2C300 1.5x"},"classes":[]},{"id":55062,"url":"https:\/\/historiografija.hr\/?p=55062","url_meta":{"origin":30422,"position":1},"title":"CfP: The Making of Solidarity: A\u00a0Conference on Eastern and Central European Dissidents, 1945-1991","author":"Branimir Jankovi\u0107","date":"24. kolovoza 2026.","format":false,"excerpt":"This open call invites proposals for an interdisciplinary conference on Eastern and Central European dissidence, solidarity, and anti-imperial thought. The Making of Solidarity: A\u00a0Conference on Eastern and Central European Dissidents, 1945-1991 16.-17. November 2026 A close reading of Ivan Dziuba\u2019s classic\u00a01965 essay Internationalism or Russification? offers a\u00a0useful lens through which\u2026","rel":"","context":"U &quot;Novosti&quot;","block_context":{"text":"Novosti","link":"https:\/\/historiografija.hr\/?cat=3"},"img":{"alt_text":"","src":"https:\/\/i0.wp.com\/historiografija.hr\/wp-content\/uploads\/2026\/08\/The-Making-of-Solidarity.png?fit=883%2C662&ssl=1&resize=350%2C200","width":350,"height":200,"srcset":"https:\/\/i0.wp.com\/historiografija.hr\/wp-content\/uploads\/2026\/08\/The-Making-of-Solidarity.png?fit=883%2C662&ssl=1&resize=350%2C200 1x, https:\/\/i0.wp.com\/historiografija.hr\/wp-content\/uploads\/2026\/08\/The-Making-of-Solidarity.png?fit=883%2C662&ssl=1&resize=525%2C300 1.5x, https:\/\/i0.wp.com\/historiografija.hr\/wp-content\/uploads\/2026\/08\/The-Making-of-Solidarity.png?fit=883%2C662&ssl=1&resize=700%2C400 2x"},"classes":[]},{"id":54351,"url":"https:\/\/historiografija.hr\/?p=54351","url_meta":{"origin":30422,"position":2},"title":"Conversations with Those Who Ask About War: Practices of Interviewing During Russia\u2019s Invasion of Ukraine","author":"Branimir Jankovi\u0107","date":"26. lipnja 2026.","format":false,"excerpt":"How can good practices be developed for collecting, preserving, and publishing eyewitness accounts of a war that is still ongoing? The contributions offer insights into specifics of interviewing witnesses of the first months of Russia\u2019s full-scale invasion of Ukraine. Each chapter introduces researchers and practitioners who began documenting the war\u2026","rel":"","context":"U &quot;E-knjige&quot;","block_context":{"text":"E-knjige","link":"https:\/\/historiografija.hr\/?cat=19"},"img":{"alt_text":"","src":"https:\/\/i0.wp.com\/historiografija.hr\/wp-content\/uploads\/2026\/06\/Conversations-War.jpg?fit=775%2C614&ssl=1&resize=350%2C200","width":350,"height":200,"srcset":"https:\/\/i0.wp.com\/historiografija.hr\/wp-content\/uploads\/2026\/06\/Conversations-War.jpg?fit=775%2C614&ssl=1&resize=350%2C200 1x, https:\/\/i0.wp.com\/historiografija.hr\/wp-content\/uploads\/2026\/06\/Conversations-War.jpg?fit=775%2C614&ssl=1&resize=525%2C300 1.5x, https:\/\/i0.wp.com\/historiografija.hr\/wp-content\/uploads\/2026\/06\/Conversations-War.jpg?fit=775%2C614&ssl=1&resize=700%2C400 2x"},"classes":[]},{"id":54487,"url":"https:\/\/historiografija.hr\/?p=54487","url_meta":{"origin":30422,"position":3},"title":"Workshop &#8220;Experts in Transition: Political Epistemologies of 1980s\u20132000s East Central Europe&#8221;","author":"Branimir Jankovi\u0107","date":"7. srpnja 2026.","format":false,"excerpt":"On July 9\u201310, 2026, the Institute of Contemporary History in Ljubljana will host the international workshop: Experts in Transition: Political Epistemologies of 1980s\u20132000s East Central Europe The workshop is open to the public and to interested scholars. If you are planning to participate, please write to Adela H\u00eencu \u2013 adela.hincu@inz.si\u2026","rel":"","context":"U &quot;Novosti&quot;","block_context":{"text":"Novosti","link":"https:\/\/historiografija.hr\/?cat=3"},"img":{"alt_text":"","src":"https:\/\/i0.wp.com\/historiografija.hr\/wp-content\/uploads\/2026\/07\/01-INZ-logo-21-RGB-SLO_RGB.png?fit=685%2C291&ssl=1&resize=350%2C200","width":350,"height":200,"srcset":"https:\/\/i0.wp.com\/historiografija.hr\/wp-content\/uploads\/2026\/07\/01-INZ-logo-21-RGB-SLO_RGB.png?fit=685%2C291&ssl=1&resize=350%2C200 1x, https:\/\/i0.wp.com\/historiografija.hr\/wp-content\/uploads\/2026\/07\/01-INZ-logo-21-RGB-SLO_RGB.png?fit=685%2C291&ssl=1&resize=525%2C300 1.5x"},"classes":[]},{"id":52996,"url":"https:\/\/historiografija.hr\/?p=52996","url_meta":{"origin":30422,"position":4},"title":"Nikolina \u017didek, &#8220;The Croatian Diaspora in Argentina&#8221;","author":"Filip \u0160imunjak","date":"8. svibnja 2026.","format":false,"excerpt":"Description Following the collapse of the fascist Independent State of Croatia (1941\u20131945), around 10,000 political \u00e9migr\u00e9s fled to Per\u00f3n\u2019s Argentina. This study traces the Croatian diaspora\u2019s evolution from its founding to the present. Initially marked by trauma \u2013 military defeat, exile, and reprisals\u2014the community redefined its identity within Cold War\u2026","rel":"","context":"U &quot;Knjige&quot;","block_context":{"text":"Knjige","link":"https:\/\/historiografija.hr\/?cat=8"},"img":{"alt_text":"","src":"https:\/\/i0.wp.com\/historiografija.hr\/wp-content\/uploads\/2026\/05\/NIKOLINA-ZIDEK-%E2%80%9ETHE-CROATIAN-DIASPORA-IN-ARGENTINA-scaled.webp?fit=795%2C1200&ssl=1&resize=350%2C200","width":350,"height":200,"srcset":"https:\/\/i0.wp.com\/historiografija.hr\/wp-content\/uploads\/2026\/05\/NIKOLINA-ZIDEK-%E2%80%9ETHE-CROATIAN-DIASPORA-IN-ARGENTINA-scaled.webp?fit=795%2C1200&ssl=1&resize=350%2C200 1x, https:\/\/i0.wp.com\/historiografija.hr\/wp-content\/uploads\/2026\/05\/NIKOLINA-ZIDEK-%E2%80%9ETHE-CROATIAN-DIASPORA-IN-ARGENTINA-scaled.webp?fit=795%2C1200&ssl=1&resize=525%2C300 1.5x, https:\/\/i0.wp.com\/historiografija.hr\/wp-content\/uploads\/2026\/05\/NIKOLINA-ZIDEK-%E2%80%9ETHE-CROATIAN-DIASPORA-IN-ARGENTINA-scaled.webp?fit=795%2C1200&ssl=1&resize=700%2C400 2x"},"classes":[]},{"id":52677,"url":"https:\/\/historiografija.hr\/?p=52677","url_meta":{"origin":30422,"position":5},"title":"CfP: NAVIGATING THE PAST, FACING THE PRESENT: CHALLENGES AND OPPORTUNITIES IN RE-PRESENTING CONFLICTS AND VIOLENCE IN MEMORY AND EDUCATION INSTITUTIONS, WARSAW, 22ND\u201324TH OCTOBER 2026 (DEADLINE: 30TH APRIL 2026)","author":"Branimir Jankovi\u0107","date":"27. travnja 2026.","format":false,"excerpt":"The conference and graduate workshop (October 22-24, 2026, Warsaw) addresses the representation of history in public and institutional contexts, with a focus beyond the often-studied field of \u201cmemory culture\u201d. Rather than emphasizing the politicization of memory and cultural institutions, the discussion shifts toward new methods, media, and challenges in historical\u2026","rel":"","context":"U &quot;Novosti&quot;","block_context":{"text":"Novosti","link":"https:\/\/historiografija.hr\/?cat=3"},"img":{"alt_text":"","src":"https:\/\/i0.wp.com\/historiografija.hr\/wp-content\/uploads\/2017\/10\/hsozkult.png?fit=1006%2C241&ssl=1&resize=350%2C200","width":350,"height":200,"srcset":"https:\/\/i0.wp.com\/historiografija.hr\/wp-content\/uploads\/2017\/10\/hsozkult.png?fit=1006%2C241&ssl=1&resize=350%2C200 1x, https:\/\/i0.wp.com\/historiografija.hr\/wp-content\/uploads\/2017\/10\/hsozkult.png?fit=1006%2C241&ssl=1&resize=525%2C300 1.5x, https:\/\/i0.wp.com\/historiografija.hr\/wp-content\/uploads\/2017\/10\/hsozkult.png?fit=1006%2C241&ssl=1&resize=700%2C400 2x"},"classes":[]}],"_links":{"self":[{"href":"https:\/\/historiografija.hr\/index.php?rest_route=\/wp\/v2\/posts\/30422","targetHints":{"allow":["GET"]}}],"collection":[{"href":"https:\/\/historiografija.hr\/index.php?rest_route=\/wp\/v2\/posts"}],"about":[{"href":"https:\/\/historiografija.hr\/index.php?rest_route=\/wp\/v2\/types\/post"}],"author":[{"embeddable":true,"href":"https:\/\/historiografija.hr\/index.php?rest_route=\/wp\/v2\/users\/2"}],"replies":[{"embeddable":true,"href":"https:\/\/historiografija.hr\/index.php?rest_route=%2Fwp%2Fv2%2Fcomments&post=30422"}],"version-history":[{"count":1,"href":"https:\/\/historiografija.hr\/index.php?rest_route=\/wp\/v2\/posts\/30422\/revisions"}],"predecessor-version":[{"id":30424,"href":"https:\/\/historiografija.hr\/index.php?rest_route=\/wp\/v2\/posts\/30422\/revisions\/30424"}],"wp:featuredmedia":[{"embeddable":true,"href":"https:\/\/historiografija.hr\/index.php?rest_route=\/wp\/v2\/media\/30423"}],"wp:attachment":[{"href":"https:\/\/historiografija.hr\/index.php?rest_route=%2Fwp%2Fv2%2Fmedia&parent=30422"}],"wp:term":[{"taxonomy":"category","embeddable":true,"href":"https:\/\/historiografija.hr\/index.php?rest_route=%2Fwp%2Fv2%2Fcategories&post=30422"},{"taxonomy":"post_tag","embeddable":true,"href":"https:\/\/historiografija.hr\/index.php?rest_route=%2Fwp%2Fv2%2Ftags&post=30422"}],"curies":[{"name":"wp","href":"https:\/\/api.w.org\/{rel}","templated":true}]}}