{"id":30410,"date":"2022-03-14T22:36:45","date_gmt":"2022-03-14T22:36:45","guid":{"rendered":"http:\/\/historiografija.hr\/?p=30410"},"modified":"2022-07-15T14:19:37","modified_gmt":"2022-07-15T14:19:37","slug":"knjizevna-smotra-tematski-broj-vidjeti-ukrajinu-neovisna-knjizevnost-1991-2021","status":"publish","type":"post","link":"https:\/\/historiografija.hr\/?p=30410","title":{"rendered":"\u201cKnji\u017eevna smotra\u201d: tematski broj \u201cVidjeti Ukrajinu: Neovisna knji\u017eevnost 1991.-2021.\u201d"},"content":{"rendered":"\n<p>\u201cKnji\u017eevna smotra: \u010dasopis za svjetsku knji\u017eevnost\u201d, god. 53, br. 202(4), 2021, donosi tematski broj posve\u0107en \u201ctridesetoj obljetnici ukrajinske knji\u017eevnosti razdoblja neovisnosti\u201d kao rezultat \u201czajedni\u010dkih napora ukrajinskih i hrvatskih znanstvenika\u201d. Tematski broj \u2013 u cijelosti dostupan i u virtualnom obliku \u2013 sadr\u017ei sljede\u0107e cjeline: \u201cPostsovjetska tranzicija\u201d, \u201cPovijest i mit\u201d, \u201cGlas i mjesto\u201d, \u201c\u017danr i \u010dinjenica\u201d.<\/p>\n\n\n\n<hr class=\"wp-block-separator\"\/>\n\n\n\n<p>Online izdanje broja 202 za 2021. godinu mo\u017eete preuzeti ovdje:<\/p>\n\n\n\n<p><a href=\"https:\/\/www.hfiloloskod.hr\/index.php\/knjizevna-smotra\">https:\/\/www.hfiloloskod.hr\/index.php\/knjizevna-smotra<\/a><\/p>\n\n\n\n<p><a href=\"https:\/\/hrcak.srce.hr\/broj\/21272\">https:\/\/hrcak.srce.hr\/broj\/21272<\/a><\/p>\n\n\n\n<hr class=\"wp-block-separator\"\/>\n","protected":false},"excerpt":{"rendered":"","protected":false},"author":2,"featured_media":30411,"comment_status":"open","ping_status":"open","sticky":false,"template":"","format":"standard","meta":{"_acf_changed":false,"jetpack_post_was_ever_published":false,"_jetpack_newsletter_access":"","_jetpack_dont_email_post_to_subs":false,"_jetpack_newsletter_tier_id":0,"_jetpack_memberships_contains_paywalled_content":false,"_jetpack_memberships_contains_paid_content":false,"footnotes":"","jetpack_publicize_message":"","jetpack_publicize_feature_enabled":true,"jetpack_social_post_already_shared":true,"jetpack_social_options":{"image_generator_settings":{"template":"highway","default_image_id":0,"font":"","enabled":false},"version":2}},"categories":[21,3],"tags":[],"class_list":["post-30410","post","type-post","status-publish","format-standard","has-post-thumbnail","hentry","category-casopisi","category-novosti"],"acf":{"facebook_opis":""},"jetpack_publicize_connections":[],"jetpack_featured_media_url":"https:\/\/i0.wp.com\/historiografija.hr\/wp-content\/uploads\/2022\/03\/Vidjeti-Ukrajinu.jpg?fit=150%2C219&ssl=1","jetpack_sharing_enabled":true,"jetpack-related-posts":[],"_links":{"self":[{"href":"https:\/\/historiografija.hr\/index.php?rest_route=\/wp\/v2\/posts\/30410","targetHints":{"allow":["GET"]}}],"collection":[{"href":"https:\/\/historiografija.hr\/index.php?rest_route=\/wp\/v2\/posts"}],"about":[{"href":"https:\/\/historiografija.hr\/index.php?rest_route=\/wp\/v2\/types\/post"}],"author":[{"embeddable":true,"href":"https:\/\/historiografija.hr\/index.php?rest_route=\/wp\/v2\/users\/2"}],"replies":[{"embeddable":true,"href":"https:\/\/historiografija.hr\/index.php?rest_route=%2Fwp%2Fv2%2Fcomments&post=30410"}],"version-history":[{"count":1,"href":"https:\/\/historiografija.hr\/index.php?rest_route=\/wp\/v2\/posts\/30410\/revisions"}],"predecessor-version":[{"id":30412,"href":"https:\/\/historiografija.hr\/index.php?rest_route=\/wp\/v2\/posts\/30410\/revisions\/30412"}],"wp:featuredmedia":[{"embeddable":true,"href":"https:\/\/historiografija.hr\/index.php?rest_route=\/wp\/v2\/media\/30411"}],"wp:attachment":[{"href":"https:\/\/historiografija.hr\/index.php?rest_route=%2Fwp%2Fv2%2Fmedia&parent=30410"}],"wp:term":[{"taxonomy":"category","embeddable":true,"href":"https:\/\/historiografija.hr\/index.php?rest_route=%2Fwp%2Fv2%2Fcategories&post=30410"},{"taxonomy":"post_tag","embeddable":true,"href":"https:\/\/historiografija.hr\/index.php?rest_route=%2Fwp%2Fv2%2Ftags&post=30410"}],"curies":[{"name":"wp","href":"https:\/\/api.w.org\/{rel}","templated":true}]}}