{"id":30405,"date":"2022-03-14T22:11:40","date_gmt":"2022-03-14T22:11:40","guid":{"rendered":"http:\/\/historiografija.hr\/?p=30405"},"modified":"2022-03-14T22:11:40","modified_gmt":"2022-03-14T22:11:40","slug":"izlozba-grof-edgar-corberon-u-hrvatskoj-povijesti","status":"publish","type":"post","link":"https:\/\/historiografija.hr\/?p=30405","title":{"rendered":"Izlo\u017eba \u201eGrof Edgar Corberon u hrvatskoj povijesti\u201c"},"content":{"rendered":"\n<p>U Muzeju Brdovec otvorena je 28. sije\u010dnja 2022. izlo\u017eba \u201eGrof Edgar Corberon u hrvatskoj povijesti\u201c koja ostaje otvorena do 28. svibnja 2022. godine.<\/p>\n\n\n\n<hr class=\"wp-block-separator\"\/>\n\n\n\n<p>Grof Corberon se dolaskom u Hrvatsku polovicom 19. st. nastanio u dvorcu Janu\u0161evcu, te postao na\u010delnik Op\u0107ine Brdovec. Njegov doprinos hrvatskoj politici, kulturi i obrazovanju je neizmjeran, no slabo poznat. Vi\u0161e o njemu saznajte na izlo\u017ebi koja je nastala u suradnji s Muzejom Sveti Ivan Zelina povodom obilje\u017eavanja 160. obljetnice njegove smrti.<\/p>\n\n\n\n<hr class=\"wp-block-separator\"\/>\n\n\n\n<p>Izvor:<\/p>\n\n\n\n<figure class=\"wp-block-embed-wordpress wp-block-embed is-type-wp-embed is-provider-muzej-brdovec\"><div class=\"wp-block-embed__wrapper\">\n<blockquote class=\"wp-embedded-content\" data-secret=\"jnex2G3f6P\"><a href=\"https:\/\/muzejbrdovec.hr\/o-muzeju\/\">Po\u010detna<\/a><\/blockquote><iframe loading=\"lazy\" class=\"wp-embedded-content\" sandbox=\"allow-scripts\" security=\"restricted\" style=\"position: absolute; clip: rect(1px, 1px, 1px, 1px);\" title=\"&#8220;Po\u010detna&#8221; &#8212; Muzej Brdovec\" src=\"https:\/\/muzejbrdovec.hr\/o-muzeju\/embed\/#?secret=jnex2G3f6P\" data-secret=\"jnex2G3f6P\" width=\"600\" height=\"338\" frameborder=\"0\" marginwidth=\"0\" marginheight=\"0\" scrolling=\"no\"><\/iframe>\n<\/div><\/figure>\n\n\n\n<hr class=\"wp-block-separator\"\/>\n","protected":false},"excerpt":{"rendered":"","protected":false},"author":2,"featured_media":30406,"comment_status":"open","ping_status":"open","sticky":false,"template":"","format":"standard","meta":{"_acf_changed":false,"jetpack_post_was_ever_published":false,"_jetpack_newsletter_access":"","_jetpack_dont_email_post_to_subs":false,"_jetpack_newsletter_tier_id":0,"_jetpack_memberships_contains_paywalled_content":false,"_jetpack_memberships_contains_paid_content":false,"footnotes":"","jetpack_publicize_message":"","jetpack_publicize_feature_enabled":true,"jetpack_social_post_already_shared":true,"jetpack_social_options":{"image_generator_settings":{"template":"highway","default_image_id":0,"font":"","enabled":false},"version":2}},"categories":[10,3],"tags":[],"class_list":["post-30405","post","type-post","status-publish","format-standard","has-post-thumbnail","hentry","category-izlozbe","category-novosti"],"acf":{"facebook_opis":""},"jetpack_publicize_connections":[],"jetpack_featured_media_url":"https:\/\/i0.wp.com\/historiografija.hr\/wp-content\/uploads\/2022\/03\/grof.jpg?fit=600%2C425&ssl=1","jetpack_sharing_enabled":true,"jetpack-related-posts":[],"_links":{"self":[{"href":"https:\/\/historiografija.hr\/index.php?rest_route=\/wp\/v2\/posts\/30405","targetHints":{"allow":["GET"]}}],"collection":[{"href":"https:\/\/historiografija.hr\/index.php?rest_route=\/wp\/v2\/posts"}],"about":[{"href":"https:\/\/historiografija.hr\/index.php?rest_route=\/wp\/v2\/types\/post"}],"author":[{"embeddable":true,"href":"https:\/\/historiografija.hr\/index.php?rest_route=\/wp\/v2\/users\/2"}],"replies":[{"embeddable":true,"href":"https:\/\/historiografija.hr\/index.php?rest_route=%2Fwp%2Fv2%2Fcomments&post=30405"}],"version-history":[{"count":1,"href":"https:\/\/historiografija.hr\/index.php?rest_route=\/wp\/v2\/posts\/30405\/revisions"}],"predecessor-version":[{"id":30407,"href":"https:\/\/historiografija.hr\/index.php?rest_route=\/wp\/v2\/posts\/30405\/revisions\/30407"}],"wp:featuredmedia":[{"embeddable":true,"href":"https:\/\/historiografija.hr\/index.php?rest_route=\/wp\/v2\/media\/30406"}],"wp:attachment":[{"href":"https:\/\/historiografija.hr\/index.php?rest_route=%2Fwp%2Fv2%2Fmedia&parent=30405"}],"wp:term":[{"taxonomy":"category","embeddable":true,"href":"https:\/\/historiografija.hr\/index.php?rest_route=%2Fwp%2Fv2%2Fcategories&post=30405"},{"taxonomy":"post_tag","embeddable":true,"href":"https:\/\/historiografija.hr\/index.php?rest_route=%2Fwp%2Fv2%2Ftags&post=30405"}],"curies":[{"name":"wp","href":"https:\/\/api.w.org\/{rel}","templated":true}]}}