{"id":30390,"date":"2022-03-11T20:39:58","date_gmt":"2022-03-11T20:39:58","guid":{"rendered":"http:\/\/historiografija.hr\/?p=30390"},"modified":"2022-03-11T20:39:58","modified_gmt":"2022-03-11T20:39:58","slug":"izlozba-identity-on-the-line-ugrozeni-identiteti-u-pazinu","status":"publish","type":"post","link":"https:\/\/historiografija.hr\/?p=30390","title":{"rendered":"Izlo\u017eba \u201cIdentity on the line \u2013 Ugro\u017eeni identiteti\u201d u Pazinu"},"content":{"rendered":"\n<p>U srijedu, 16. o\u017eujka 2022., s po\u010detkom u 12 sati u Etnografskom muzeju Istre-Museo etnografico dell\u2019Istria u Pazinu bit \u0107e otvorena me\u0111unarodna putuju\u0107a izlo\u017eba \u201cIdentity on the line \u2013 Ugro\u017eeni identiteti\u201d.<\/p>\n\n\n\n<p>Identity on the Line (I-ON) predstavlja opse\u017ean suradni\u010dki projekt izme\u0111u \u0161est muzeja i jednog sveu\u010dili\u0161ta, koji zajedni\u010dkim radom istra\u017euju dugoro\u010dne posljedice raznih migracijskih procesa, bilo prisilnih ili dobrovoljnih, koji su se odvijali u Europi u posljednjih 100 godina. Rezultati istra\u017eivanja predstavljeni su na zajedni\u010dkoj putuju\u0107oj izlo\u017ebi koja \u0107e biti dostupna na otvorenom, ispred zgrade Etnografskog muzeja Istre.<\/p>\n\n\n\n<hr class=\"wp-block-separator\"\/>\n\n\n\n<p>Izvori i dodatne informacije:<\/p>\n\n\n\n<figure class=\"wp-block-embed-wordpress wp-block-embed is-type-wp-embed is-provider-istarsko-povijesno-drustvo-societa-storica-istriana\"><div class=\"wp-block-embed__wrapper\">\n<blockquote class=\"wp-embedded-content\" data-secret=\"Be4Ds11o9J\"><a href=\"https:\/\/ipd-ssi.hr\/2022\/03\/11\/izlozba-identity-on-the-line-ugrozeni-identiteti-u-pazinu\/\">Izlo\u017eba \u201cIdentity on the line-Ugro\u017eeni identiteti\u201d u Pazinu<\/a><\/blockquote><iframe loading=\"lazy\" class=\"wp-embedded-content\" sandbox=\"allow-scripts\" security=\"restricted\" style=\"position: absolute; clip: rect(1px, 1px, 1px, 1px);\" title=\"&#8220;Izlo\u017eba \u201cIdentity on the line-Ugro\u017eeni identiteti\u201d u Pazinu&#8221; &#8212; Istarsko povijesno dru\u0161tvo - Societ\u00e0 Storica Istriana\" src=\"https:\/\/ipd-ssi.hr\/2022\/03\/11\/izlozba-identity-on-the-line-ugrozeni-identiteti-u-pazinu\/embed\/#?secret=VkLh4wgKwc#?secret=Be4Ds11o9J\" data-secret=\"Be4Ds11o9J\" width=\"600\" height=\"338\" frameborder=\"0\" marginwidth=\"0\" marginheight=\"0\" scrolling=\"no\"><\/iframe>\n<\/div><\/figure>\n\n\n\n<p><a href=\"https:\/\/www.facebook.com\/etnografskimuzejistrepazin\/\">https:\/\/www.facebook.com\/etnografskimuzejistrepazin\/<\/a><\/p>\n\n\n\n<hr class=\"wp-block-separator\"\/>\n","protected":false},"excerpt":{"rendered":"","protected":false},"author":2,"featured_media":30391,"comment_status":"open","ping_status":"open","sticky":false,"template":"","format":"standard","meta":{"_acf_changed":false,"jetpack_post_was_ever_published":false,"_jetpack_newsletter_access":"","_jetpack_dont_email_post_to_subs":false,"_jetpack_newsletter_tier_id":0,"_jetpack_memberships_contains_paywalled_content":false,"_jetpack_memberships_contains_paid_content":false,"footnotes":"","jetpack_publicize_message":"","jetpack_publicize_feature_enabled":true,"jetpack_social_post_already_shared":true,"jetpack_social_options":{"image_generator_settings":{"template":"highway","default_image_id":0,"font":"","enabled":false},"version":2}},"categories":[10,3],"tags":[],"class_list":["post-30390","post","type-post","status-publish","format-standard","has-post-thumbnail","hentry","category-izlozbe","category-novosti"],"acf":{"facebook_opis":""},"jetpack_publicize_connections":[],"jetpack_featured_media_url":"https:\/\/i0.wp.com\/historiografija.hr\/wp-content\/uploads\/2022\/03\/Identity.jpg?fit=1853%2C1861&ssl=1","jetpack_sharing_enabled":true,"jetpack-related-posts":[],"_links":{"self":[{"href":"https:\/\/historiografija.hr\/index.php?rest_route=\/wp\/v2\/posts\/30390","targetHints":{"allow":["GET"]}}],"collection":[{"href":"https:\/\/historiografija.hr\/index.php?rest_route=\/wp\/v2\/posts"}],"about":[{"href":"https:\/\/historiografija.hr\/index.php?rest_route=\/wp\/v2\/types\/post"}],"author":[{"embeddable":true,"href":"https:\/\/historiografija.hr\/index.php?rest_route=\/wp\/v2\/users\/2"}],"replies":[{"embeddable":true,"href":"https:\/\/historiografija.hr\/index.php?rest_route=%2Fwp%2Fv2%2Fcomments&post=30390"}],"version-history":[{"count":1,"href":"https:\/\/historiografija.hr\/index.php?rest_route=\/wp\/v2\/posts\/30390\/revisions"}],"predecessor-version":[{"id":30392,"href":"https:\/\/historiografija.hr\/index.php?rest_route=\/wp\/v2\/posts\/30390\/revisions\/30392"}],"wp:featuredmedia":[{"embeddable":true,"href":"https:\/\/historiografija.hr\/index.php?rest_route=\/wp\/v2\/media\/30391"}],"wp:attachment":[{"href":"https:\/\/historiografija.hr\/index.php?rest_route=%2Fwp%2Fv2%2Fmedia&parent=30390"}],"wp:term":[{"taxonomy":"category","embeddable":true,"href":"https:\/\/historiografija.hr\/index.php?rest_route=%2Fwp%2Fv2%2Fcategories&post=30390"},{"taxonomy":"post_tag","embeddable":true,"href":"https:\/\/historiografija.hr\/index.php?rest_route=%2Fwp%2Fv2%2Ftags&post=30390"}],"curies":[{"name":"wp","href":"https:\/\/api.w.org\/{rel}","templated":true}]}}