{"id":3039,"date":"2017-02-28T11:11:27","date_gmt":"2017-02-28T11:11:27","guid":{"rendered":"http:\/\/historiografija.hr\/?p=3039"},"modified":"2025-10-01T21:35:20","modified_gmt":"2025-10-01T21:35:20","slug":"1948-godina-1-broj-1-4","status":"publish","type":"post","link":"https:\/\/historiografija.hr\/?p=3039","title":{"rendered":"Historijski zbornik, 1948. godina, 1. broj (1-4)"},"content":{"rendered":"<p><strong>IMPRESSUM<\/strong><br \/>\nHistorijski zbornik, godina I, broj 1-4, Glavni i odgovorni urednik: Jaroslav \u0160idak, Redakcioni odbor: Vladimir Babi\u0107, Miroslav Brant, Grga Novak, Marko Kostren\u0107i\u0107, Jaroslav \u0160idak, Izdaje Povijesno dru\u0161tvo Hrvatske \u2013 Zagreb, Tisak i naklada Nakladni Zavod Hrvatske \u2013 Zagreb, Zagreb 1948, 316 stranica, VI tabli, jedna karta i poseban listi\u0107 sa ispravcima. [Zbog svoje odsutnosti iz Zagreba \u010dlan redakcionog odbora Grga Gamulin nije sudjelovao u ure\u0111ivanju ovog sveska. Redakcija zavr\u0161ena 15. IX. 1948.]<\/p>\n<p><strong>SADR\u017dAJ<\/strong><\/p>\n<p>Naslov: <b>Sadr\u017eaj<\/b><br \/>\n<i>Historijski zbornik<\/i> 1 (1948).<\/p>\n<p>PDF datoteka: <a href=\"https:\/\/historiografija.hr\/hz\/1948\/HZ_1_1_SADRZAJ.pdf\" target=\"_blank\">HZ_1_1_SADRZAJ.pdf<\/a>, veli\u010dina datoteke: 136kB<img data-recalc-dims=\"1\" loading=\"lazy\" decoding=\"async\" src=\"https:\/\/i0.wp.com\/historiografija.hr\/slike\/ik_pdf.gif?resize=12%2C12&#038;ssl=1\" width=\"12\" height=\"12\" \/><\/p>\n<hr \/>\n<p><strong>\u010cLANCI I RASPRAVE<\/strong><\/p>\n<p>Naslov: <b>Rije\u010d uredni\u0161tva<\/b><br \/>\n<i>Historijski zbornik<\/i> 1 (1948), str. 7-10.<\/p>\n<p>PDF datoteka: <a href=\"https:\/\/historiografija.hr\/hz\/1948\/HZ_1_2_UREDNISTVO.pdf\" target=\"_blank\">HZ_1_2_UREDNISTVO.pdf<\/a>, veli\u010dina datoteke: 1022kB<img data-recalc-dims=\"1\" loading=\"lazy\" decoding=\"async\" src=\"https:\/\/i0.wp.com\/historiografija.hr\/slike\/ik_pdf.gif?resize=12%2C12&#038;ssl=1\" width=\"12\" height=\"12\" \/><\/p>\n<hr \/>\n<p>Autor: MARKO KOSTREN\u010cI\u0106<br \/>\nNaslov: <b>Stara ba\u0161tina i novi putovi<\/b><br \/>\n<i>Historijski zbornik<\/i> 1 (1948), str. 11-24.<\/p>\n<p>PDF datoteka: <a href=\"https:\/\/historiografija.hr\/hz\/1948\/HZ_1_3_KOSTRENCIC.pdf\" target=\"_blank\">HZ_1_3_KOSTRENCIC.pdf<\/a>, veli\u010dina datoteke: 2443kB<img data-recalc-dims=\"1\" loading=\"lazy\" decoding=\"async\" src=\"https:\/\/i0.wp.com\/historiografija.hr\/slike\/ik_pdf.gif?resize=12%2C12&#038;ssl=1\" width=\"12\" height=\"12\" \/><\/p>\n<hr \/>\n<p>Autor: JAROSLAV \u0160IDAK<br \/>\nNaslov: <b>Revolucija godine 1848.-1849.<\/b><br \/>\n<i>Historijski zbornik<\/i> 1 (1948), str. 25-42.<\/p>\n<p>PDF datoteka: <a href=\"https:\/\/historiografija.hr\/hz\/1948\/HZ_1_4_SIDAK.pdf\" target=\"_blank\">HZ_1_4_SIDAK.pdf<\/a>, veli\u010dina datoteke: 2925kB<img data-recalc-dims=\"1\" loading=\"lazy\" decoding=\"async\" src=\"https:\/\/i0.wp.com\/historiografija.hr\/slike\/ik_pdf.gif?resize=12%2C12&#038;ssl=1\" width=\"12\" height=\"12\" \/><\/p>\n<hr \/>\n<p>Autor: VASO BOGDANOV<br \/>\nNaslov: <b>Uloga podunavskih slavenskih naroda 1848.-1849. u svijetlu najnovijih istra\u017eivanja sovjetske historiografije<\/b><br \/>\n<i>Historijski zbornik<\/i> 1 (1948), str. 43-66.<\/p>\n<p>PDF datoteka: <a href=\"https:\/\/historiografija.hr\/hz\/1948\/HZ_1_5_BOGDANOV.pdf\" target=\"_blank\">HZ_1_5_BOGDANOV.pdf<\/a>, veli\u010dina datoteke: 3829kB<img data-recalc-dims=\"1\" loading=\"lazy\" decoding=\"async\" src=\"https:\/\/i0.wp.com\/historiografija.hr\/slike\/ik_pdf.gif?resize=12%2C12&#038;ssl=1\" width=\"12\" height=\"12\" \/><\/p>\n<hr \/>\n<p>Autor: RUDOLF BI\u0106ANI\u0106<br \/>\nNaslov: <b>Industrijska revolucija u Hrvatskoj i godina 1848.<\/b><br \/>\n<i>Historijski zbornik<\/i> 1 (1948), str. 67-103.<\/p>\n<p>PDF datoteka: <a href=\"https:\/\/historiografija.hr\/hz\/1948\/HZ_1_6_BICANIC.pdf\" target=\"_blank\">HZ_1_6_BICANIC.pdf<\/a>, veli\u010dina datoteke: 4513kB<img data-recalc-dims=\"1\" loading=\"lazy\" decoding=\"async\" src=\"https:\/\/i0.wp.com\/historiografija.hr\/slike\/ik_pdf.gif?resize=12%2C12&#038;ssl=1\" width=\"12\" height=\"12\" \/><\/p>\n<hr \/>\n<p>Autor: LJUBO KARAMAN<br \/>\nNaslov: <b>O umjetnosti srednjeg vijeka u Hrvatskoj i Slavoniji<\/b><br \/>\n<i>Historijski zbornik<\/i> 1 (1948), str. 103-128.<\/p>\n<p>PDF datoteka: <a href=\"https:\/\/historiografija.hr\/hz\/1948\/HZ_1_7_KARAMAN.pdf\" target=\"_blank\">HZ_1_7_KARAMAN.pdf<\/a>, veli\u010dina datoteke: 7372kB<img data-recalc-dims=\"1\" loading=\"lazy\" decoding=\"async\" src=\"https:\/\/i0.wp.com\/historiografija.hr\/slike\/ik_pdf.gif?resize=12%2C12&#038;ssl=1\" width=\"12\" height=\"12\" \/><\/p>\n<hr \/>\n<p>Autor: GRGA NOVAK<br \/>\nNaslov: <b>Pogled na prilike radnih slojeva u rimskoj provinciji Dalmaciji<\/b><br \/>\n<i>Historijski zbornik<\/i> 1 (1948), str. 129-152.<\/p>\n<p>PDF datoteka: <a href=\"https:\/\/historiografija.hr\/hz\/1948\/HZ_1_8_NOVAK.pdf\" target=\"_blank\">HZ_1_8_NOVAK.pdf<\/a>, veli\u010dina datoteke: 3138kB<img data-recalc-dims=\"1\" loading=\"lazy\" decoding=\"async\" src=\"https:\/\/i0.wp.com\/historiografija.hr\/slike\/ik_pdf.gif?resize=12%2C12&#038;ssl=1\" width=\"12\" height=\"12\" \/><\/p>\n<hr \/>\n<p>Autor: OLEG MANDI\u0106<br \/>\nNaslov: <b>O nacrtu razvojnih stepena u prvobitnoj zajednici<\/b><br \/>\n<i>Historijski zbornik<\/i> 1 (1948), str. 153-174.<\/p>\n<p>PDF datoteka: <a href=\"https:\/\/historiografija.hr\/hz\/1948\/HZ_1_9_MANDIC.pdf\" target=\"_blank\">HZ_1_9_MANDIC.pdf<\/a>, veli\u010dina datoteke: 3443kB<img data-recalc-dims=\"1\" loading=\"lazy\" decoding=\"async\" src=\"https:\/\/i0.wp.com\/historiografija.hr\/slike\/ik_pdf.gif?resize=12%2C12&#038;ssl=1\" width=\"12\" height=\"12\" \/><\/p>\n<hr \/>\n<p><strong>MANJI PRILOZI<\/strong><\/p>\n<p>Autor: FRAN BARBALI\u0106<br \/>\nNaslov: <b>Prvi parlamentarni izbori u Istri 1848.<\/b><br \/>\n<i>Historijski zbornik<\/i> 1 (1948), str. 175-182.<\/p>\n<p>PDF datoteka: <a href=\"https:\/\/historiografija.hr\/hz\/1948\/HZ_1_10_BARBALIC.pdf\" target=\"_blank\">HZ_1_10_BARBALIC.pdf<\/a>, veli\u010dina datoteke: 1377kB<img data-recalc-dims=\"1\" loading=\"lazy\" decoding=\"async\" src=\"https:\/\/i0.wp.com\/historiografija.hr\/slike\/ik_pdf.gif?resize=12%2C12&#038;ssl=1\" width=\"12\" height=\"12\" \/><\/p>\n<hr \/>\n<p>Autor: E. A. BELJAJEV<br \/>\nNaslov: <b>Periodizacija srednjovjekovne turske historije<\/b><br \/>\n<i>Historijski zbornik<\/i> 1 (1948), str. 183-187.<\/p>\n<p>PDF datoteka: <a href=\"https:\/\/historiografija.hr\/hz\/1948\/HZ_1_11_BELJAJEV.pdf\" target=\"_blank\">HZ_1_11_BELJAJEV.pdf<\/a>, veli\u010dina datoteke: 1158kB<img data-recalc-dims=\"1\" loading=\"lazy\" decoding=\"async\" src=\"https:\/\/i0.wp.com\/historiografija.hr\/slike\/ik_pdf.gif?resize=12%2C12&#038;ssl=1\" width=\"12\" height=\"12\" \/><\/p>\n<hr \/>\n<p>Autor: ZDENSKO VOJNOVI\u0106<br \/>\nNaslov: <b>Idejnost u muzejima<\/b><br \/>\n<i>Historijski zbornik<\/i> 1 (1948), str. 188-193.<\/p>\n<p>PDF datoteka: <a href=\"https:\/\/historiografija.hr\/hz\/1948\/HZ_1_12_VOJNOVIC.pdf\" target=\"_blank\">HZ_1_12_VOJNOVIC.pdf<\/a>, veli\u010dina datoteke: 1293kB<img data-recalc-dims=\"1\" loading=\"lazy\" decoding=\"async\" src=\"https:\/\/i0.wp.com\/historiografija.hr\/slike\/ik_pdf.gif?resize=12%2C12&#038;ssl=1\" width=\"12\" height=\"12\" \/><\/p>\n<hr \/>\n<p>Autor: ZDENKO VINSKI<br \/>\nNaslov: <b>Ne\u0161to o zna\u010denju arheolo\u0161kih iskapanja<\/b><br \/>\n<i>Historijski zbornik<\/i> 1 (1948), str. 194-200.<\/p>\n<p>PDF datoteka: <a href=\"https:\/\/historiografija.hr\/hz\/1948\/HZ_1_13_VINSKI.pdf\" target=\"_blank\">HZ_1_13_VINSKI.pdf<\/a>, veli\u010dina datoteke: 1354kB<img data-recalc-dims=\"1\" loading=\"lazy\" decoding=\"async\" src=\"https:\/\/i0.wp.com\/historiografija.hr\/slike\/ik_pdf.gif?resize=12%2C12&#038;ssl=1\" width=\"12\" height=\"12\" \/><\/p>\n<hr \/>\n<p>PRILOZI PROVIJESTI UMJETNOSTI I ARHEOLOGIJE<br \/>\nAutor: CVITO FISKOVI\u0106<br \/>\nNaslov: <b>Iskopine srednjovjekovne crkve sv. Eufemije u Splitu<\/b><br \/>\n<i>Historijski zbornik<\/i> 1 (1948), str. 201-211.<\/p>\n<p>PDF datoteka: <a href=\"https:\/\/historiografija.hr\/hz\/1948\/HZ_1_14_FISKOVIC.pdf\" target=\"_blank\">HZ_1_14_FISKOVIC.pdf<\/a>, veli\u010dina datoteke: 4302kB<img data-recalc-dims=\"1\" loading=\"lazy\" decoding=\"async\" src=\"https:\/\/i0.wp.com\/historiografija.hr\/slike\/ik_pdf.gif?resize=12%2C12&#038;ssl=1\" width=\"12\" height=\"12\" \/><\/p>\n<hr \/>\n<p>Autor: STJEPAN GUNJA\u010cA<br \/>\nNaslov: <b>Jo\u0161 jedan nalaz starohrvatskog nakita u Trilju<\/b><br \/>\n<i>Historijski zbornik<\/i> 1 (1948), str. 211-216.<\/p>\n<p>PDF datoteka: <a href=\"https:\/\/historiografija.hr\/hz\/1948\/HZ_1_15_GUNJACA.pdf\" target=\"_blank\">HZ_1_15_GUNJACA.pdf<\/a>, veli\u010dina datoteke: 1014kB<img data-recalc-dims=\"1\" loading=\"lazy\" decoding=\"async\" src=\"https:\/\/i0.wp.com\/historiografija.hr\/slike\/ik_pdf.gif?resize=12%2C12&#038;ssl=1\" width=\"12\" height=\"12\" \/><\/p>\n<hr \/>\n<p><strong>ZNANSTVENE USTANOVE<\/strong><\/p>\n<p>Autor: FEDOR MOA\u010cANIN<br \/>\nNaslov: <b>Muzej Srba u Hrvatskoj<\/b><br \/>\n<i>Historijski zbornik<\/i> 1 (1948), str. 217-221.<\/p>\n<p>PDF datoteka: <a href=\"https:\/\/historiografija.hr\/hz\/1948\/HZ_1_16_MOACANIN.pdf\" target=\"_blank\">HZ_1_16_MOACANIN.pdf<\/a>, veli\u010dina datoteke: 663kB<img data-recalc-dims=\"1\" loading=\"lazy\" decoding=\"async\" src=\"https:\/\/i0.wp.com\/historiografija.hr\/slike\/ik_pdf.gif?resize=12%2C12&#038;ssl=1\" width=\"12\" height=\"12\" \/><\/p>\n<hr \/>\n<p>Autor: DANICA \u0160VALBA<br \/>\nNaslov: <b>Rad Muzeja narodnog oslobo\u0111enja na skupljanju gra\u0111e za povijest NOB-e<\/b><br \/>\n<i>Historijski zbornik<\/i> 1 (1948), str. 222-232.<\/p>\n<p>PDF datoteka: <a href=\"https:\/\/historiografija.hr\/hz\/1948\/HZ_1_17_SVALBA.pdf\" target=\"_blank\">HZ_1_17_SVALBA.pdf<\/a>, veli\u010dina datoteke: 4928kB<img data-recalc-dims=\"1\" loading=\"lazy\" decoding=\"async\" src=\"https:\/\/i0.wp.com\/historiografija.hr\/slike\/ik_pdf.gif?resize=12%2C12&#038;ssl=1\" width=\"12\" height=\"12\" \/><\/p>\n<hr \/>\n<p><strong>PRIKAZI I OCJENE<\/strong><\/p>\n<p>Autor: MIROSLAV BRANDT<br \/>\nNaslov: <b>Dana\u0161nje na\u0161e mogu\u0107nosti upoznavanja materijalisti\u010dkog pogleda na historiju<\/b><br \/>\n<i>Historijski zbornik<\/i> 1 (1948), str. 233-243.<\/p>\n<p>PDF datoteka: <a href=\"https:\/\/historiografija.hr\/hz\/1948\/HZ_1_18_BRANDT.pdf\" target=\"_blank\">HZ_1_18_BRANDT.pdf<\/a>, veli\u010dina datoteke: 1681kB<img data-recalc-dims=\"1\" loading=\"lazy\" decoding=\"async\" src=\"https:\/\/i0.wp.com\/historiografija.hr\/slike\/ik_pdf.gif?resize=12%2C12&#038;ssl=1\" width=\"12\" height=\"12\" \/><\/p>\n<hr \/>\n<p>Autor: RUDOLF BI\u0106ANI\u0106<br \/>\nNaslov: <b>Maurice Dobb, Studies in the development of capitalism<\/b><br \/>\n<i>Historijski zbornik<\/i> 1 (1948), str. 243-245.<\/p>\n<p>PDF datoteka: <a href=\"https:\/\/historiografija.hr\/hz\/1948\/HZ_1_19_BICANIC.pdf\" target=\"_blank\">HZ_1_19_BICANIC.pdf<\/a>, veli\u010dina datoteke: 481kB<img data-recalc-dims=\"1\" loading=\"lazy\" decoding=\"async\" src=\"https:\/\/i0.wp.com\/historiografija.hr\/slike\/ik_pdf.gif?resize=12%2C12&#038;ssl=1\" width=\"12\" height=\"12\" \/><\/p>\n<hr \/>\n<p>Autor: JAROSLAV \u0160IDAK<br \/>\nNaslov: <b>Novi prilozi o slavenskim narodima u revoluciji 1848.-49.<\/b><br \/>\n<i>Historijski zbornik<\/i> 1 (1948), str. 246-253.<\/p>\n<p>PDF datoteka: <a href=\"https:\/\/historiografija.hr\/hz\/1948\/HZ_1_20_SIDAK.pdf\" target=\"_blank\">HZ_1_20_SIDAK.pdf<\/a>, veli\u010dina datoteke: 1366kB<img data-recalc-dims=\"1\" loading=\"lazy\" decoding=\"async\" src=\"https:\/\/i0.wp.com\/historiografija.hr\/slike\/ik_pdf.gif?resize=12%2C12&#038;ssl=1\" width=\"12\" height=\"12\" \/><\/p>\n<hr \/>\n<p>Autor: JAROSLAV \u0160IDAK<br \/>\nNaslov: <b>Zgodovinski \u010dasopis I, Ljubljana 1947<\/b><br \/>\n<i>Historijski zbornik<\/i> 1 (1948), str. 253-258.<\/p>\n<p>PDF datoteka: <a href=\"https:\/\/historiografija.hr\/hz\/1948\/HZ_1_21_SIDAK.pdf\" target=\"_blank\">HZ_1_21_SIDAK.pdf<\/a>, veli\u010dina datoteke: 993kB<img data-recalc-dims=\"1\" loading=\"lazy\" decoding=\"async\" src=\"https:\/\/i0.wp.com\/historiografija.hr\/slike\/ik_pdf.gif?resize=12%2C12&#038;ssl=1\" width=\"12\" height=\"12\" \/><\/p>\n<hr \/>\n<p>Autor: JAROSLAV \u0160IDAK<br \/>\nNaslov: <b>Glasnik Dr\u017eavnog muzeja u Sarajevu, N. S. 1946. Dru\u0161tvene nauke I.<\/b><br \/>\n<i>Historijski zbornik<\/i> 1 (1948), str. 258-261.<\/p>\n<p>PDF datoteka: <a href=\"https:\/\/historiografija.hr\/hz\/1948\/HZ_1_22_SIDAK.pdf\" target=\"_blank\">HZ_1_22_SIDAK.pdf<\/a>, veli\u010dina datoteke: 664kB<img data-recalc-dims=\"1\" loading=\"lazy\" decoding=\"async\" src=\"https:\/\/i0.wp.com\/historiografija.hr\/slike\/ik_pdf.gif?resize=12%2C12&#038;ssl=1\" width=\"12\" height=\"12\" \/><\/p>\n<hr \/>\n<p>Autor: VLADIMIR BABI\u0106<br \/>\nNaslov: <b>Istoriski glasnik. Organ Istoriskog dru\u0161tva Srbije I, Beograd 1948<\/b><br \/>\n<i>Historijski zbornik<\/i> 1 (1948), str. 262-264.<\/p>\n<p>PDF datoteka: <a href=\"https:\/\/historiografija.hr\/hz\/1948\/HZ_1_23_BABIC.pdf\" target=\"_blank\">HZ_1_23_BABIC.pdf<\/a>, veli\u010dina datoteke: 499kB<img data-recalc-dims=\"1\" loading=\"lazy\" decoding=\"async\" src=\"https:\/\/i0.wp.com\/historiografija.hr\/slike\/ik_pdf.gif?resize=12%2C12&#038;ssl=1\" width=\"12\" height=\"12\" \/><\/p>\n<hr \/>\n<p>Autor: TOMO \u010cUBELI\u0106<br \/>\nNaslov: <b>Istoriski zapisi I, 1-6, Cetinje 1948<\/b><br \/>\n<i>Historijski zbornik<\/i> 1 (1948), str. 264-267.<\/p>\n<p>PDF datoteka: <a href=\"https:\/\/historiografija.hr\/hz\/1948\/HZ_1_24_CUBELIC.pdf\" target=\"_blank\">HZ_1_24_CUBELIC.pdf<\/a>, veli\u010dina datoteke: 645kB<img data-recalc-dims=\"1\" loading=\"lazy\" decoding=\"async\" src=\"https:\/\/i0.wp.com\/historiografija.hr\/slike\/ik_pdf.gif?resize=12%2C12&#038;ssl=1\" width=\"12\" height=\"12\" \/><\/p>\n<hr \/>\n<p>Autor: TOMO \u010cUBELI\u0106<br \/>\nNaslov: <b>J. Jovanovi\u0107, Stvaranje crnogorske dr\u017eave i razvoj crnogorske nacionalnosti, 1948<\/b><br \/>\n<i>Historijski zbornik<\/i> 1 (1948), str. 267-270.<\/p>\n<p>PDF datoteka: <a href=\"https:\/\/historiografija.hr\/hz\/1948\/HZ_1_25_CUBELIC.pdf\" target=\"_blank\">HZ_1_25_CUBELIC.pdf<\/a>, veli\u010dina datoteke: 631kB<img data-recalc-dims=\"1\" loading=\"lazy\" decoding=\"async\" src=\"https:\/\/i0.wp.com\/historiografija.hr\/slike\/ik_pdf.gif?resize=12%2C12&#038;ssl=1\" width=\"12\" height=\"12\" \/><\/p>\n<hr \/>\n<p>Autor: MILAN PRELOG<br \/>\nNaslov: <b>C. Fiskovi\u0107, Na\u0161i graditelji i kipari XV. i XVI. stolje\u0107a u Dubrovniku, 1947<\/b><br \/>\n<i>Historijski zbornik<\/i> 1 (1948), str. 271-275.<\/p>\n<p>PDF datoteka: <a href=\"https:\/\/historiografija.hr\/hz\/1948\/HZ_1_26_PRELOG.pdf\" target=\"_blank\">HZ_1_26_PRELOG.pdf<\/a>, veli\u010dina datoteke: 1320kB<img data-recalc-dims=\"1\" loading=\"lazy\" decoding=\"async\" src=\"https:\/\/i0.wp.com\/historiografija.hr\/slike\/ik_pdf.gif?resize=12%2C12&#038;ssl=1\" width=\"12\" height=\"12\" \/><\/p>\n<hr \/>\n<p>Autor: MARIJANA GU\u0160I\u0106<br \/>\nNaslov: <b>O problemima etnogeneze Slavena<\/b><br \/>\n<i>Historijski zbornik<\/i> 1 (1948), str. 275-282.<\/p>\n<p>PDF datoteka: <a href=\"https:\/\/historiografija.hr\/hz\/1948\/HZ_1_27_GUSIC.pdf\" target=\"_blank\">HZ_1_27_GUSIC.pdf<\/a>, veli\u010dina datoteke: 1841kB<img data-recalc-dims=\"1\" loading=\"lazy\" decoding=\"async\" src=\"https:\/\/i0.wp.com\/historiografija.hr\/slike\/ik_pdf.gif?resize=12%2C12&#038;ssl=1\" width=\"12\" height=\"12\" \/><\/p>\n<hr \/>\n<p>Autor: VLADIMIR BABI\u0106<br \/>\nNaslov: <b>Metodika povijesne nastave u osnovnoj i srednjoj \u0161koli<\/b><br \/>\n<i>Historijski zbornik<\/i> 1 (1948), str. 283-290.<\/p>\n<p>PDF datoteka: <a href=\"https:\/\/historiografija.hr\/hz\/1948\/HZ_1_28_BABIC.pdf\" target=\"_blank\">HZ_1_28_BABIC.pdf<\/a>, veli\u010dina datoteke: 1767kB<img data-recalc-dims=\"1\" loading=\"lazy\" decoding=\"async\" src=\"https:\/\/i0.wp.com\/historiografija.hr\/slike\/ik_pdf.gif?resize=12%2C12&#038;ssl=1\" width=\"12\" height=\"12\" \/><\/p>\n<hr \/>\n<p><strong>BILJE\u0160KE<\/strong><\/p>\n<p>Naslov: <b>Bilje\u0161ke<\/b><br \/>\n<i>Historijski zbornik<\/i> 1 (1948), str. 291-304.<\/p>\n<p>PDF datoteka: <a href=\"https:\/\/historiografija.hr\/hz\/1948\/HZ_1_29_BILJESKE.pdf\" target=\"_blank\">HZ_1_29_BILJESKE.pdf<\/a>, veli\u010dina datoteke: 2959kB<img data-recalc-dims=\"1\" loading=\"lazy\" decoding=\"async\" src=\"https:\/\/i0.wp.com\/historiografija.hr\/slike\/ik_pdf.gif?resize=12%2C12&#038;ssl=1\" width=\"12\" height=\"12\" \/><\/p>\n<hr \/>\n<p><strong>OSTALO<\/strong><\/p>\n<p>Naslov: <b>Rezime<\/b><br \/>\n<i>Historijski zbornik<\/i> 1 (1948), str. 305-315.<\/p>\n<p>PDF datoteka: <a href=\"https:\/\/historiografija.hr\/hz\/1948\/HZ_1_30_REZIME.pdf\" target=\"_blank\">HZ_1_30_REZIME.pdf<\/a>, veli\u010dina datoteke: 2070kB<img data-recalc-dims=\"1\" loading=\"lazy\" decoding=\"async\" src=\"https:\/\/i0.wp.com\/historiografija.hr\/slike\/ik_pdf.gif?resize=12%2C12&#038;ssl=1\" width=\"12\" height=\"12\" \/><\/p>\n<hr \/>\n<p>Naslov: <b>Uredni\u0161tvo<\/b><br \/>\n<i>Historijski zbornik<\/i> 1 (1948), str. 315-316.<br \/>\nPDF datoteka: <a href=\"https:\/\/historiografija.hr\/hz\/1948\/HZ_1_31_UREDNISTVO.pdf\" target=\"_blank\">HZ_1_31_UREDNISTVO.pdf<\/a>, veli\u010dina datoteke: 95kB<img data-recalc-dims=\"1\" loading=\"lazy\" decoding=\"async\" src=\"https:\/\/i0.wp.com\/historiografija.hr\/slike\/ik_pdf.gif?resize=12%2C12&#038;ssl=1\" width=\"12\" height=\"12\" \/><\/p>\n","protected":false},"excerpt":{"rendered":"","protected":false},"author":1,"featured_media":0,"comment_status":"open","ping_status":"open","sticky":false,"template":"","format":"standard","meta":{"_acf_changed":false,"jetpack_post_was_ever_published":false,"_jetpack_newsletter_access":"","_jetpack_dont_email_post_to_subs":true,"_jetpack_newsletter_tier_id":0,"_jetpack_memberships_contains_paywalled_content":false,"_jetpack_memberships_contains_paid_content":false,"footnotes":"","jetpack_publicize_message":"","jetpack_publicize_feature_enabled":true,"jetpack_social_post_already_shared":true,"jetpack_social_options":{"image_generator_settings":{"template":"highway","default_image_id":0,"font":"","enabled":false},"version":2}},"categories":[3],"tags":[],"class_list":["post-3039","post","type-post","status-publish","format-standard","hentry","category-novosti"],"acf":{"facebook_opis":""},"jetpack_publicize_connections":[],"jetpack_featured_media_url":"","jetpack_sharing_enabled":true,"jetpack-related-posts":[{"id":52631,"url":"https:\/\/historiografija.hr\/?p=52631","url_meta":{"origin":3039,"position":0},"title":"Predavanje Ivana Tepe\u0161a: Djelovanje hrvatske politi\u010dke emigracije","author":"Branimir Jankovi\u0107","date":"23. travnja 2026.","format":false,"excerpt":"Odjel za me\u0111unarodnu suradnju i iseljeni\u0161tvo Matice hrvatske Predavanje Ivana Tepe\u0161a: Djelovanje hrvatske politi\u010dke emigracije Utorak, 28. travnja 2026. u 18:00 sati, Dvorana Ljudevita Jonkea (Mala dvorana MH), Strossmayerov trg 4, Zagreb dr. sc. Ivan Tepe\u0161, Institut za istra\u017eivanje migracija Hrvatska politi\u010dka emigracija obilje\u017eila je polustoljetnu hrvatsku povijest u drugoj\u2026","rel":"","context":"U &quot;Novosti&quot;","block_context":{"text":"Novosti","link":"https:\/\/historiografija.hr\/?cat=3"},"img":{"alt_text":"","src":"","width":0,"height":0},"classes":[]},{"id":52607,"url":"https:\/\/historiografija.hr\/?p=52607","url_meta":{"origin":3039,"position":1},"title":"No\u0107 knjige: Kako je prije 410 godina smr\u0107u Shakespearea i Cervantesa zavr\u0161ilo razdoblje renesanse u knji\u017eevnosti","author":"Branimir Jankovi\u0107","date":"22. travnja 2026.","format":false,"excerpt":"\u010cetvrtak, 23. travnja 2026. u 18:00 sati, Knji\u017eara Matice hrvatske, Ulica Matice hrvatske 2, Zagreb Uvodna rije\u010d: dr. sc.\u00a0Dubravka Brezak Stama\u0107, pro\u010delnica Odjela za knji\u017eevnost Matice hrvatske Prof. dr. sc. Ivan Lupi\u0107, redoviti profesor u Odsjeku za anglistiku i Odsjeku za kroatistiku Sveu\u010dili\u0161ta u RijeciShakespeare, kazali\u0161te, glazbaKada se susre\u0107emo sa\u2026","rel":"","context":"U &quot;Novosti&quot;","block_context":{"text":"Novosti","link":"https:\/\/historiografija.hr\/?cat=3"},"img":{"alt_text":"","src":"https:\/\/i0.wp.com\/historiografija.hr\/wp-content\/uploads\/2026\/04\/noc_knjige_2026.jpg?fit=680%2C276&ssl=1&resize=350%2C200","width":350,"height":200,"srcset":"https:\/\/i0.wp.com\/historiografija.hr\/wp-content\/uploads\/2026\/04\/noc_knjige_2026.jpg?fit=680%2C276&ssl=1&resize=350%2C200 1x, https:\/\/i0.wp.com\/historiografija.hr\/wp-content\/uploads\/2026\/04\/noc_knjige_2026.jpg?fit=680%2C276&ssl=1&resize=525%2C300 1.5x"},"classes":[]},{"id":52499,"url":"https:\/\/historiografija.hr\/?p=52499","url_meta":{"origin":3039,"position":2},"title":"POTPISAN UGOVOR O ZNANSTVENO-ISTRA\u017dIVA\u010cKOJ SURADNJI: PROJEKT \u201eTEMELJI HRVATSKE SAMOSTALNOSTI\u201d","author":"Branimir Jankovi\u0107","date":"17. travnja 2026.","format":false,"excerpt":"Hrvatski institut za povijest, Sveu\u010dili\u0161te obrane i sigurnosti \u201eDr. Franjo Tu\u0111man\u201d, Institut dru\u0161tvenih znanosti Ivo Pilar i Hrvatski dr\u017eavni arhiv\u00a0potpisali su 23. o\u017eujka 2026.\u00a0Ugovor o znanstveno-istra\u017eiva\u010dkoj suradnji s ciljem provedbe projekta \u201eTemelji hrvatske samostalnosti\u201d. Tim projektom obuhva\u0107a se istra\u017eivanje arhivskoga gradiva, priprema znanstvenih publikacija, digitalizacija i javna prezentacija rezultata istra\u017eivanja\u2026","rel":"","context":"U &quot;Novosti&quot;","block_context":{"text":"Novosti","link":"https:\/\/historiografija.hr\/?cat=3"},"img":{"alt_text":"","src":"https:\/\/i0.wp.com\/historiografija.hr\/wp-content\/uploads\/2026\/04\/THS_sporazum.jpg?fit=1200%2C583&ssl=1&resize=350%2C200","width":350,"height":200,"srcset":"https:\/\/i0.wp.com\/historiografija.hr\/wp-content\/uploads\/2026\/04\/THS_sporazum.jpg?fit=1200%2C583&ssl=1&resize=350%2C200 1x, https:\/\/i0.wp.com\/historiografija.hr\/wp-content\/uploads\/2026\/04\/THS_sporazum.jpg?fit=1200%2C583&ssl=1&resize=525%2C300 1.5x, https:\/\/i0.wp.com\/historiografija.hr\/wp-content\/uploads\/2026\/04\/THS_sporazum.jpg?fit=1200%2C583&ssl=1&resize=700%2C400 2x, https:\/\/i0.wp.com\/historiografija.hr\/wp-content\/uploads\/2026\/04\/THS_sporazum.jpg?fit=1200%2C583&ssl=1&resize=1050%2C600 3x"},"classes":[]},{"id":52502,"url":"https:\/\/historiografija.hr\/?p=52502","url_meta":{"origin":3039,"position":3},"title":"Novi znanstveni projekt Hrvatskog instituta za povijest: \u201c\u017drtve ratova i dr\u017eavnog\/politi\u010dkog nasilja u hrvatskoj povijesti 20. stolje\u0107a\u201d","author":"Branimir Jankovi\u0107","date":"17. travnja 2026.","format":false,"excerpt":"Na redovitoj sjednici Vlade RH, 16. travnja 2026., donijet je Zaklju\u010dak kojim se pokre\u0107e znanstveni projekt \u201c\u017drtve ratova i dr\u017eavnog\/politi\u010dkog nasilja u hrvatskoj povijesti 20. stolje\u0107a\u201d. Projekt \u0107e provoditi i koordinirati Hrvatski institut za povijest u razdoblju trajanja projekta od pet godina. Zakljucak Vlade RH Iz teksta projektnog prijedloga: Problematika\u2026","rel":"","context":"U &quot;Novosti&quot;","block_context":{"text":"Novosti","link":"https:\/\/historiografija.hr\/?cat=3"},"img":{"alt_text":"","src":"https:\/\/i0.wp.com\/historiografija.hr\/wp-content\/uploads\/2026\/04\/Vlada-RH.jpg?fit=1200%2C557&ssl=1&resize=350%2C200","width":350,"height":200,"srcset":"https:\/\/i0.wp.com\/historiografija.hr\/wp-content\/uploads\/2026\/04\/Vlada-RH.jpg?fit=1200%2C557&ssl=1&resize=350%2C200 1x, https:\/\/i0.wp.com\/historiografija.hr\/wp-content\/uploads\/2026\/04\/Vlada-RH.jpg?fit=1200%2C557&ssl=1&resize=525%2C300 1.5x, https:\/\/i0.wp.com\/historiografija.hr\/wp-content\/uploads\/2026\/04\/Vlada-RH.jpg?fit=1200%2C557&ssl=1&resize=700%2C400 2x, https:\/\/i0.wp.com\/historiografija.hr\/wp-content\/uploads\/2026\/04\/Vlada-RH.jpg?fit=1200%2C557&ssl=1&resize=1050%2C600 3x"},"classes":[]},{"id":52547,"url":"https:\/\/historiografija.hr\/?p=52547","url_meta":{"origin":3039,"position":4},"title":"ISHA Zagreb \u2013 Filmska ve\u010der: Povratak Martina Guerrea","author":"Branimir Jankovi\u0107","date":"20. travnja 2026.","format":false,"excerpt":"Klub studenata povijesti \u2013 ISHA Zagreb poziva Vas na filmsku ve\u010der na kojoj \u0107e se prikazivati \u201ePovratak Martina Guerrea\u201c, povijesna drama iz 1982. godine s radnjom smje\u0161tenom u 16. stolje\u0107u. Radnja je utemeljena na stvarnoj povijesnoj li\u010dnosti Martina Guerrea koji se nakon mnogo godina izbivanja vra\u0107a u svoje rodno mjesto\u2026","rel":"","context":"U &quot;Filmovi i serije&quot;","block_context":{"text":"Filmovi i serije","link":"https:\/\/historiografija.hr\/?cat=13"},"img":{"alt_text":"","src":"https:\/\/i0.wp.com\/historiografija.hr\/wp-content\/uploads\/2026\/04\/M-Guerre.png?fit=702%2C1006&ssl=1&resize=350%2C200","width":350,"height":200,"srcset":"https:\/\/i0.wp.com\/historiografija.hr\/wp-content\/uploads\/2026\/04\/M-Guerre.png?fit=702%2C1006&ssl=1&resize=350%2C200 1x, https:\/\/i0.wp.com\/historiografija.hr\/wp-content\/uploads\/2026\/04\/M-Guerre.png?fit=702%2C1006&ssl=1&resize=525%2C300 1.5x, https:\/\/i0.wp.com\/historiografija.hr\/wp-content\/uploads\/2026\/04\/M-Guerre.png?fit=702%2C1006&ssl=1&resize=700%2C400 2x"},"classes":[]},{"id":52666,"url":"https:\/\/historiografija.hr\/?p=52666","url_meta":{"origin":3039,"position":5},"title":"Najava programa Festivala povijesti Kliofest (5-8. V. 2026)","author":"Branimir Jankovi\u0107","date":"24. travnja 2026.","format":false,"excerpt":"Po trinaesti put odr\u017eava se Festival povijesti Kliofest! Do petka \u0107emo odr\u017eati osam okruglih stolova i dva kolokvija te niz predstavljanja knjiga i projekata razli\u010dite tematike, od antike do suvremenosti. Bit \u0107e predstavljeno i nekoliko izlo\u017ebi te odr\u017ean jedan povijesni kviz. Prikazat \u0107emo i jedan film \u2013 o generalu Boroevi\u0107u.\u2026","rel":"","context":"U &quot;Novosti&quot;","block_context":{"text":"Novosti","link":"https:\/\/historiografija.hr\/?cat=3"},"img":{"alt_text":"","src":"https:\/\/i0.wp.com\/historiografija.hr\/wp-content\/uploads\/2026\/04\/Kliofest-2026.jpg?fit=526%2C526&ssl=1&resize=350%2C200","width":350,"height":200,"srcset":"https:\/\/i0.wp.com\/historiografija.hr\/wp-content\/uploads\/2026\/04\/Kliofest-2026.jpg?fit=526%2C526&ssl=1&resize=350%2C200 1x, https:\/\/i0.wp.com\/historiografija.hr\/wp-content\/uploads\/2026\/04\/Kliofest-2026.jpg?fit=526%2C526&ssl=1&resize=525%2C300 1.5x"},"classes":[]}],"_links":{"self":[{"href":"https:\/\/historiografija.hr\/index.php?rest_route=\/wp\/v2\/posts\/3039","targetHints":{"allow":["GET"]}}],"collection":[{"href":"https:\/\/historiografija.hr\/index.php?rest_route=\/wp\/v2\/posts"}],"about":[{"href":"https:\/\/historiografija.hr\/index.php?rest_route=\/wp\/v2\/types\/post"}],"author":[{"embeddable":true,"href":"https:\/\/historiografija.hr\/index.php?rest_route=\/wp\/v2\/users\/1"}],"replies":[{"embeddable":true,"href":"https:\/\/historiografija.hr\/index.php?rest_route=%2Fwp%2Fv2%2Fcomments&post=3039"}],"version-history":[{"count":4,"href":"https:\/\/historiografija.hr\/index.php?rest_route=\/wp\/v2\/posts\/3039\/revisions"}],"predecessor-version":[{"id":3043,"href":"https:\/\/historiografija.hr\/index.php?rest_route=\/wp\/v2\/posts\/3039\/revisions\/3043"}],"wp:attachment":[{"href":"https:\/\/historiografija.hr\/index.php?rest_route=%2Fwp%2Fv2%2Fmedia&parent=3039"}],"wp:term":[{"taxonomy":"category","embeddable":true,"href":"https:\/\/historiografija.hr\/index.php?rest_route=%2Fwp%2Fv2%2Fcategories&post=3039"},{"taxonomy":"post_tag","embeddable":true,"href":"https:\/\/historiografija.hr\/index.php?rest_route=%2Fwp%2Fv2%2Ftags&post=3039"}],"curies":[{"name":"wp","href":"https:\/\/api.w.org\/{rel}","templated":true}]}}