{"id":30376,"date":"2022-03-10T23:21:47","date_gmt":"2022-03-10T23:21:47","guid":{"rendered":"http:\/\/historiografija.hr\/?p=30376"},"modified":"2022-03-10T23:22:28","modified_gmt":"2022-03-10T23:22:28","slug":"jedanaesti-festival-hrvatskih-digitalizacijskih-projekata-poziv-za-prijavu","status":"publish","type":"post","link":"https:\/\/historiografija.hr\/?p=30376","title":{"rendered":"Jedanaesti festival hrvatskih digitalizacijskih projekata \u2013 poziv za prijavu"},"content":{"rendered":"\n<p><strong>11. D-fest<\/strong> \u2013 skup posve\u0107en digitalizaciji kulturne i znanstvene ba\u0161tine, sustavima za upravljanje digitalnom gra\u0111om, digitalnim proizvodima i uslugama te promociji digitalizacijskih projekata \u2013 odr\u017eat \u0107e se virtualno, <strong>12. i 13. svibnja 2022.<\/strong> u organizaciji Nacionalne i sveu\u010dili\u0161ne knji\u017enice u Zagrebu.<\/p>\n\n\n\n<p><em>Suradnja u digitalizaciji gra\u0111e<\/em> kao sredi\u0161nja tema ovogodi\u0161njeg D-festa potaknuta je trenuta\u010dno najve\u0107im nacionalnim suradni\u010dkim projektom digitalizacije \u2013 <em>e-Kultura.<\/em> Rije\u010d je o projektu kojemu je cilj potaknuti digitalizaciju gra\u0111e, provesti integraciju digitalnog sadr\u017eaja i dostavu metapodataka Europeani kao dio promocije hrvatske kulturne ba\u0161tine, ali i osigurati za\u0161tititu digitalne kulturne ba\u0161tine u sredi\u0161njem sustavu Ministarstva kulture i medija. Sasvim je prirodno da projekt koji uklju\u010duje klju\u010dne dionike digitalizacije gra\u0111e u Hrvatskoj, a postupno uklju\u010duje sve ve\u0107i broj ba\u0161tinskih i drugih ustanova, bude okosnica za razmatranje temeljnih pitanja koja se odnose na procese prijenosa gra\u0111e u digitalni oblik te ostale aspekte upravljanja digitalnom gra\u0111om.<\/p>\n\n\n\n<p>Na sredi\u0161nju temu nadovezuju se podteme s kojima se svakodnevno susre\u0107emo u digitalizaciji gra\u0111e \u2013 od pitanja resursa i ekonomi\u010dnosti procesa digitalizacije preko pitanja prioriteta u odabiru gra\u0111e za digitalizaciju i va\u017enosti digitalizacije kulturnog dobra do nedoumica, prepreka i otvorenih pitanja koja se odnose na autorsko pravo a presudna su svima koji bi \u017eeljeli digitalizirati i koristiti noviju gra\u0111u.<\/p>\n\n\n\n<p>D-fest se ove godine nastavlja baviti pitanjima kori\u0161tenja digitalizirane gra\u0111e u obrazovanju i znanosti \u2013 podru\u010dje digitalne humanistike donosi niz zanimljivih projekata u kojima se o\u010dituje va\u017enost dostupnosti otvorenih podataka i razvoja alata za njihovo istra\u017eivanje, obradu i interpretaciju. Svakako je va\u017eno uklju\u010divati i nove teme poput 3D digitalizacije u kontekstu restauracije i o\u010duvanja gra\u0111e, ali i kreiranja novih usluga za koje je potrebno osna\u017eiti stru\u010dnu zajednicu kako bi po\u010dela koristiti mogu\u0107nosti umjetne inteligencije (AI) i pro\u0161irene stvarnost (XR), \u0161to se nagla\u0161ava i u preporukama <em>European data space for cultural heritage<\/em> (2021.) Europske komisije.<\/p>\n\n\n\n<p>Dosljedno namjeni D-festa \u2013 uz tradicionalno predstavljanje projekata digitalizacije provedenih u pro\u0161loj godini kao i novih digitalnih proizvoda i usluga, 11. D-fest \u0107e i ove godine uspostaviti prostor za virtualno dru\u017eenje, u\u010denje, raspravu i razmjenu ideja povezanih s aktualnim temama u podru\u010dju digitalizacije.<\/p>\n\n\n\n<p>Sudjelovanje na 11. D-festu bit \u0107e besplatno.<\/p>\n\n\n\n<p>Rok za prijavu izlaganja je do 3. travnja 2022.<\/p>\n\n\n\n<hr class=\"wp-block-separator\"\/>\n\n\n\n<p>Izvor i dodatne informacije:<\/p>\n\n\n\n<p><a href=\"http:\/\/dfest.nsk.hr\/\">http:\/\/dfest.nsk.hr\/<\/a><\/p>\n\n\n\n<hr class=\"wp-block-separator\"\/>\n","protected":false},"excerpt":{"rendered":"","protected":false},"author":2,"featured_media":8911,"comment_status":"open","ping_status":"open","sticky":false,"template":"","format":"standard","meta":{"_acf_changed":false,"jetpack_post_was_ever_published":false,"_jetpack_newsletter_access":"","_jetpack_dont_email_post_to_subs":false,"_jetpack_newsletter_tier_id":0,"_jetpack_memberships_contains_paywalled_content":false,"_jetpack_memberships_contains_paid_content":false,"footnotes":"","jetpack_publicize_message":"","jetpack_publicize_feature_enabled":true,"jetpack_social_post_already_shared":true,"jetpack_social_options":{"image_generator_settings":{"template":"highway","default_image_id":0,"font":"","enabled":false},"version":2}},"categories":[3,9],"tags":[],"class_list":["post-30376","post","type-post","status-publish","format-standard","has-post-thumbnail","hentry","category-novosti","category-skupovi"],"acf":{"facebook_opis":""},"jetpack_publicize_connections":[],"jetpack_featured_media_url":"https:\/\/i0.wp.com\/historiografija.hr\/wp-content\/uploads\/2018\/03\/logo-D.png?fit=360%2C271&ssl=1","jetpack_sharing_enabled":true,"jetpack-related-posts":[],"_links":{"self":[{"href":"https:\/\/historiografija.hr\/index.php?rest_route=\/wp\/v2\/posts\/30376","targetHints":{"allow":["GET"]}}],"collection":[{"href":"https:\/\/historiografija.hr\/index.php?rest_route=\/wp\/v2\/posts"}],"about":[{"href":"https:\/\/historiografija.hr\/index.php?rest_route=\/wp\/v2\/types\/post"}],"author":[{"embeddable":true,"href":"https:\/\/historiografija.hr\/index.php?rest_route=\/wp\/v2\/users\/2"}],"replies":[{"embeddable":true,"href":"https:\/\/historiografija.hr\/index.php?rest_route=%2Fwp%2Fv2%2Fcomments&post=30376"}],"version-history":[{"count":2,"href":"https:\/\/historiografija.hr\/index.php?rest_route=\/wp\/v2\/posts\/30376\/revisions"}],"predecessor-version":[{"id":30378,"href":"https:\/\/historiografija.hr\/index.php?rest_route=\/wp\/v2\/posts\/30376\/revisions\/30378"}],"wp:featuredmedia":[{"embeddable":true,"href":"https:\/\/historiografija.hr\/index.php?rest_route=\/wp\/v2\/media\/8911"}],"wp:attachment":[{"href":"https:\/\/historiografija.hr\/index.php?rest_route=%2Fwp%2Fv2%2Fmedia&parent=30376"}],"wp:term":[{"taxonomy":"category","embeddable":true,"href":"https:\/\/historiografija.hr\/index.php?rest_route=%2Fwp%2Fv2%2Fcategories&post=30376"},{"taxonomy":"post_tag","embeddable":true,"href":"https:\/\/historiografija.hr\/index.php?rest_route=%2Fwp%2Fv2%2Ftags&post=30376"}],"curies":[{"name":"wp","href":"https:\/\/api.w.org\/{rel}","templated":true}]}}