{"id":30369,"date":"2022-03-10T23:07:24","date_gmt":"2022-03-10T23:07:24","guid":{"rendered":"http:\/\/historiografija.hr\/?p=30369"},"modified":"2022-03-10T23:07:24","modified_gmt":"2022-03-10T23:07:24","slug":"znanstveni-skup-dr-franjo-tudman-zivot-i-naslijede-poziv-za-prijavu-izlaganja","status":"publish","type":"post","link":"https:\/\/historiografija.hr\/?p=30369","title":{"rendered":"Znanstveni skup \u201eDr. Franjo Tu\u0111man \u2013 \u017eivot i naslije\u0111e\u201c \u2013 poziv za prijavu izlaganja"},"content":{"rendered":"\n<p><strong>Povodom stote obljetnice ro\u0111enja prvog predsjednika Republike Hrvatske dr. sc. Franje Tu\u0111mana, Hrvatski institut za povijest, Institut dru\u0161tvenih znanosti Ivo Pilar i Matica hrvatska organiziraju znanstveni skup pod naslovom \u201eDr. Franjo Tu\u0111man \u2013 \u017eivot i naslije\u0111e\u201c, koji \u0107e se odr\u017eati u Zagrebu 5. i 6. svibnja 2022. godine, i to u\u017eivo u dvorani Jure Petri\u010devi\u0107a Matice hrvatske.<\/strong><\/p>\n\n\n\n<p>Cilj skupa je znanstveno propitivanje te analiza razli\u010ditih aspekata javnog, politi\u010dkog i znanstvenog djelovanja dr. Franje Tu\u0111mana. Ovim putem pozivamo sve zainteresirane znanstvenike i stru\u010dnjake na suradnju te se nadamo Va\u0161em odazivu. Molimo Vas da najkasnije<strong> do 25. o\u017eujka<\/strong> po\u0161aljete <strong>sa\u017eetak izlaganja (do 300 rije\u010di) i kratki \u017eivotopis (do 100 rije\u010di)<\/strong> elektroni\u010dkom po\u0161tom na email adresu: <a href=\"mailto:domagoj@isp.hr\">domagoj@isp.hr<\/a> ili <a href=\"mailto:ivan.hrstic@pilar.hr\">ivan.hrstic@pilar.hr<\/a>.<\/p>\n\n\n\n<p>Sve pristigle prijave razmotrit \u0107e Organizacijski i Znanstveni odbor skupa. Obavijesti o prihva\u0107anju izlaganja prijaviteljima \u0107e biti poslane do 8. travnja 2022. godine.<\/p>\n\n\n\n<p>Znanstveni odbor Skupa: dr. sc. Gordan Ravan\u010di\u0107 (Hrvatski institut za povijest), prof. dr. sc. \u017deljko Holjevac (Institut dru\u0161tvenih znanosti Ivo Pilar i Odjel za povijest Matice hrvatske, pro\u010delnik), dr. sc. Mario Jareb (Matica hrvatska i Hrvatski institut za povijest)<\/p>\n\n\n\n<p>Organizacijski odbor Skupa: dr. sc. Domagoj Kne\u017eevi\u0107 (Hrvatski institut za povijest), dr. sc. Mario Jareb (Matica hrvatska i Hrvatski institut za povijest), dr. sc. Ivan Hrsti\u0107 (Institut dru\u0161tvenih znanosti Ivo Pilar).<\/p>\n\n\n\n<p><a href=\"https:\/\/www.pilar.hr\/wp-content\/uploads\/2022\/03\/Poziv_Znanstveni_skup_Franjo_Tudjman.pdf\">Poziv za prijavu izlaganja<\/a><\/p>\n\n\n\n<hr class=\"wp-block-separator\"\/>\n\n\n\n<p>Izvor:<\/p>\n\n\n\n<figure class=\"wp-block-embed-wordpress wp-block-embed is-type-wp-embed is-provider-institut-drustvenih-znanosti-ivo-pilar\"><div class=\"wp-block-embed__wrapper\">\n<blockquote class=\"wp-embedded-content\" data-secret=\"oi4Keg1Hbr\"><a href=\"https:\/\/www.pilar.hr\/2022\/03\/znanstveni-skup-dr-franjo-tudman-zivot-i-naslijede-poziv-za-prijavu-izlaganja\/\">Znanstveni skup \u201eDr. Franjo Tu\u0111man \u2013 \u017eivot i naslije\u0111e\u201c \u2013 poziv za prijavu izlaganja<\/a><\/blockquote><iframe loading=\"lazy\" class=\"wp-embedded-content\" sandbox=\"allow-scripts\" security=\"restricted\" style=\"position: absolute; clip: rect(1px, 1px, 1px, 1px);\" title=\"&#8220;Znanstveni skup \u201eDr. Franjo Tu\u0111man \u2013 \u017eivot i naslije\u0111e\u201c \u2013 poziv za prijavu izlaganja&#8221; &#8212; Institut dru\u0161tvenih znanosti Ivo Pilar\" src=\"https:\/\/www.pilar.hr\/2022\/03\/znanstveni-skup-dr-franjo-tudman-zivot-i-naslijede-poziv-za-prijavu-izlaganja\/embed\/#?secret=oi4Keg1Hbr\" data-secret=\"oi4Keg1Hbr\" width=\"600\" height=\"338\" frameborder=\"0\" marginwidth=\"0\" marginheight=\"0\" scrolling=\"no\"><\/iframe>\n<\/div><\/figure>\n\n\n\n<hr class=\"wp-block-separator\"\/>\n","protected":false},"excerpt":{"rendered":"","protected":false},"author":2,"featured_media":30370,"comment_status":"open","ping_status":"open","sticky":false,"template":"","format":"standard","meta":{"_acf_changed":false,"jetpack_post_was_ever_published":false,"_jetpack_newsletter_access":"","_jetpack_dont_email_post_to_subs":false,"_jetpack_newsletter_tier_id":0,"_jetpack_memberships_contains_paywalled_content":false,"_jetpack_memberships_contains_paid_content":false,"footnotes":"","jetpack_publicize_message":"","jetpack_publicize_feature_enabled":true,"jetpack_social_post_already_shared":true,"jetpack_social_options":{"image_generator_settings":{"template":"highway","default_image_id":0,"font":"","enabled":false},"version":2}},"categories":[3,9],"tags":[],"class_list":["post-30369","post","type-post","status-publish","format-standard","has-post-thumbnail","hentry","category-novosti","category-skupovi"],"acf":{"facebook_opis":""},"jetpack_publicize_connections":[],"jetpack_featured_media_url":"https:\/\/i0.wp.com\/historiografija.hr\/wp-content\/uploads\/2022\/03\/Skup-FT.jpg?fit=620%2C347&ssl=1","jetpack_sharing_enabled":true,"jetpack-related-posts":[],"_links":{"self":[{"href":"https:\/\/historiografija.hr\/index.php?rest_route=\/wp\/v2\/posts\/30369","targetHints":{"allow":["GET"]}}],"collection":[{"href":"https:\/\/historiografija.hr\/index.php?rest_route=\/wp\/v2\/posts"}],"about":[{"href":"https:\/\/historiografija.hr\/index.php?rest_route=\/wp\/v2\/types\/post"}],"author":[{"embeddable":true,"href":"https:\/\/historiografija.hr\/index.php?rest_route=\/wp\/v2\/users\/2"}],"replies":[{"embeddable":true,"href":"https:\/\/historiografija.hr\/index.php?rest_route=%2Fwp%2Fv2%2Fcomments&post=30369"}],"version-history":[{"count":1,"href":"https:\/\/historiografija.hr\/index.php?rest_route=\/wp\/v2\/posts\/30369\/revisions"}],"predecessor-version":[{"id":30371,"href":"https:\/\/historiografija.hr\/index.php?rest_route=\/wp\/v2\/posts\/30369\/revisions\/30371"}],"wp:featuredmedia":[{"embeddable":true,"href":"https:\/\/historiografija.hr\/index.php?rest_route=\/wp\/v2\/media\/30370"}],"wp:attachment":[{"href":"https:\/\/historiografija.hr\/index.php?rest_route=%2Fwp%2Fv2%2Fmedia&parent=30369"}],"wp:term":[{"taxonomy":"category","embeddable":true,"href":"https:\/\/historiografija.hr\/index.php?rest_route=%2Fwp%2Fv2%2Fcategories&post=30369"},{"taxonomy":"post_tag","embeddable":true,"href":"https:\/\/historiografija.hr\/index.php?rest_route=%2Fwp%2Fv2%2Ftags&post=30369"}],"curies":[{"name":"wp","href":"https:\/\/api.w.org\/{rel}","templated":true}]}}