{"id":30366,"date":"2022-03-10T23:03:10","date_gmt":"2022-03-10T23:03:10","guid":{"rendered":"http:\/\/historiografija.hr\/?p=30366"},"modified":"2022-09-19T13:32:07","modified_gmt":"2022-09-19T13:32:07","slug":"predstava-kamen","status":"publish","type":"post","link":"https:\/\/historiografija.hr\/?p=30366","title":{"rendered":"Predstava \u201cKamen\u201d"},"content":{"rendered":"\n<p>Koprodukcija Zagreba\u010dkog kazali\u0161ta mladih i Beogradskog dramskog pozori\u0161ta<br>Marius von Mayenburg<br>Redatelj: Patrik Lazi\u0107<\/p>\n\n\n\n<hr class=\"wp-block-separator\"\/>\n\n\n\n<p>Kamen je pri\u010da o nekoliko generacija razli\u010ditih obitelji koje povezuje \u010dinjenica da sve \u017eive u istoj ku\u0107i \u2013 samo u razli\u010ditim vremenima. Stanovnici ku\u0107e izmjenjuju se s politi\u010dkim porecima, a njihove se pri\u010de u drami isprepli\u0107u \u2013 od vremena njema\u010dke nacionalsocijalisti\u010dke dr\u017eave, kada je \u017eidovska obitelj bila prisiljena prodati ku\u0107u, preko razdoblja podjele dr\u017eave na Isto\u010dnu i Zapadnu Njema\u010dku, do pada Berlinskog zida i vremena kasnog kapitalizma. Predstava otvara brojna moralna, eti\u010dka, ali i pravna pitanja, kao i intimna pitanja (ne)mogu\u0107nosti likova da ostave pro\u0161lost iza sebe. Odva\u017enim kronolo\u0161kim skokovima i likovima koji su postavljeni ambivalentno predstava istra\u017euje jo\u0161 uvijek \u017eive pro\u0161le sukobe koji oblikuju i na\u0161u dana\u0161njicu.<br>Marius von Mayenburga, autor drame, vrlo je zna\u010dajan njema\u010dki suvremeni tekstopisac, koji je svoju afirmaciju ve\u0107 do\u017eivio na europskim pozornicama, a sada \u0107e prvi put biti predstavljen i hrvatskoj publici.<\/p>\n\n\n\n<hr class=\"wp-block-separator\"\/>\n\n\n\n<p>Izvor i dodatne informacije:<\/p>\n\n\n\n<p><a href=\"https:\/\/www.zekaem.hr\/predstave\/kamen\/\">https:\/\/www.zekaem.hr\/predstave\/kamen\/<\/a><\/p>\n\n\n\n<hr class=\"wp-block-separator\"\/>\n","protected":false},"excerpt":{"rendered":"","protected":false},"author":2,"featured_media":30367,"comment_status":"open","ping_status":"open","sticky":false,"template":"","format":"standard","meta":{"_acf_changed":false,"jetpack_post_was_ever_published":false,"_jetpack_newsletter_access":"","_jetpack_dont_email_post_to_subs":false,"_jetpack_newsletter_tier_id":0,"_jetpack_memberships_contains_paywalled_content":false,"_jetpack_memberships_contains_paid_content":false,"footnotes":"","jetpack_publicize_message":"","jetpack_publicize_feature_enabled":true,"jetpack_social_post_already_shared":true,"jetpack_social_options":{"image_generator_settings":{"template":"highway","default_image_id":0,"font":"","enabled":false},"version":2}},"categories":[22,3],"tags":[],"class_list":["post-30366","post","type-post","status-publish","format-standard","has-post-thumbnail","hentry","category-kazalisne-predstave","category-novosti"],"acf":{"facebook_opis":""},"jetpack_publicize_connections":[],"jetpack_featured_media_url":"https:\/\/i0.wp.com\/historiografija.hr\/wp-content\/uploads\/2022\/03\/ZKM-web-galerija_ZKM-Kamen.jpg?fit=1000%2C750&ssl=1","jetpack_sharing_enabled":true,"jetpack-related-posts":[],"_links":{"self":[{"href":"https:\/\/historiografija.hr\/index.php?rest_route=\/wp\/v2\/posts\/30366","targetHints":{"allow":["GET"]}}],"collection":[{"href":"https:\/\/historiografija.hr\/index.php?rest_route=\/wp\/v2\/posts"}],"about":[{"href":"https:\/\/historiografija.hr\/index.php?rest_route=\/wp\/v2\/types\/post"}],"author":[{"embeddable":true,"href":"https:\/\/historiografija.hr\/index.php?rest_route=\/wp\/v2\/users\/2"}],"replies":[{"embeddable":true,"href":"https:\/\/historiografija.hr\/index.php?rest_route=%2Fwp%2Fv2%2Fcomments&post=30366"}],"version-history":[{"count":1,"href":"https:\/\/historiografija.hr\/index.php?rest_route=\/wp\/v2\/posts\/30366\/revisions"}],"predecessor-version":[{"id":30368,"href":"https:\/\/historiografija.hr\/index.php?rest_route=\/wp\/v2\/posts\/30366\/revisions\/30368"}],"wp:featuredmedia":[{"embeddable":true,"href":"https:\/\/historiografija.hr\/index.php?rest_route=\/wp\/v2\/media\/30367"}],"wp:attachment":[{"href":"https:\/\/historiografija.hr\/index.php?rest_route=%2Fwp%2Fv2%2Fmedia&parent=30366"}],"wp:term":[{"taxonomy":"category","embeddable":true,"href":"https:\/\/historiografija.hr\/index.php?rest_route=%2Fwp%2Fv2%2Fcategories&post=30366"},{"taxonomy":"post_tag","embeddable":true,"href":"https:\/\/historiografija.hr\/index.php?rest_route=%2Fwp%2Fv2%2Ftags&post=30366"}],"curies":[{"name":"wp","href":"https:\/\/api.w.org\/{rel}","templated":true}]}}