{"id":3036,"date":"2017-02-28T09:35:26","date_gmt":"2017-02-28T09:35:26","guid":{"rendered":"http:\/\/historiografija.hr\/?p=3036"},"modified":"2017-02-28T09:35:26","modified_gmt":"2017-02-28T09:35:26","slug":"energy-and-socialism-from-avant-guard-to-stalin-culture","status":"publish","type":"post","link":"https:\/\/historiografija.hr\/?p=3036","title":{"rendered":"Energy and Socialism: from Avant-guard to Stalin Culture"},"content":{"rendered":"<p>Lecture by Ilya Kalinin on 1 March 2017<\/p>\n<p>&nbsp;<\/p>\n<p>European University Institute<\/p>\n<p>&nbsp;<\/p>\n<p>Wed 01 Mar 2017 16.00 &#8211; 18.00<\/p>\n<p>&nbsp;<\/p>\n<p>The question of energy and energy resources was recognized from the inception of the Soviet state as one of principal consequence in the construction of socialism. Let us recall Lenin\u2019s famous slogan, putted forward at the VIIIth All-Russian Congress of Soviets in 1920: \u201cCommunism is Soviet power plus the electrification of the entire country\u201d. We used to comprehend this slogan just as an example of Bolshevik rhetoric but I think we need to look at this formula more seriously and try to reveal some interconnections and correlation, some mutual translatability between Soviet power and electric one.<\/p>\n<p>&nbsp;<\/p>\n<p>Then we faced here to the huge and heterogeneous range of historical and cultural phenomena from the State 10 Years Plan for the Electrification of Russia to Andrei Platonov\u2019s utopian projects for the generation of energy from solar, lunar and astral light. Although Platonov was possibly the author most obsessed with the idea of new sources of energy and technologies that might utterly transform the social reality of socialist Russia, he was not alone in his preoccupation with these matters. A conception of socialism as granting access to unlimited sources of energy\u2014energy as a force that could reconfigure the sociopolitical order\u2014was an important subject of technological and artistic, political and political-economic reflections for early Soviet culture as a whole.<\/p>\n<p>&nbsp;<\/p>\n<p>Quite possibly, the most interesting aspect of this discursively variegated process of inquiry and reflection lay in the diffusive interrelationships among its various organizing discursive formations. Raw technological ambition seized on the utopian insights of literature. New solutions in engineering, aspiring to revolutionize the social spaces of the country, were inspired by thought in political-economy. Political necessity imposed the demand for a leap forward in technology. Poetic language ran out ahead of this technological leap, offering visions of transformations that had not yet come to pass. In the following, I will be concerned with the rhetorical and \u2013 what is more important &#8211; conceptual intersections of these discourses and practices, as well as with various examples of the metaphorical and symbolic transformations of the concept of energy. Most importantly, I will be discussing electricity, that most progressive form of energy and the object of the obsessive interest of Soviet social and cultural figures, from engineers, to poets, from scientists, to representatives of the state. The transformation of energy from a physical phenomenon into a political force was reflected in a multi-tiered discourse that endowed natural resources with the grammar of political speech, and in particular with Marxist historical consciousness and even anthropomorphic features.<\/p>\n<p>&nbsp;<\/p>\n<p>Location: Sala del Camino, Villa Salviati<br \/>\nAffiliation: Department of History and Civilization<br \/>\nType: Lecture<br \/>\nOrganiser: Prof. Alexander Etkind (European University Institute)<br \/>\nSpeaker: Ilya Kalinin (University of Edinburgh)<\/p>\n<p>&nbsp;<\/p>\n<p><a href=\"http:\/\/www.eui.eu\/events\/detail.aspx?eventid=133322\">http:\/\/www.eui.eu\/events\/detail.aspx?eventid=133322<\/a><\/p>\n<p>&nbsp;<\/p>\n<p>&nbsp;<\/p>\n","protected":false},"excerpt":{"rendered":"","protected":false},"author":2,"featured_media":3037,"comment_status":"open","ping_status":"open","sticky":false,"template":"","format":"standard","meta":{"_acf_changed":false,"jetpack_post_was_ever_published":false,"_jetpack_newsletter_access":"","_jetpack_dont_email_post_to_subs":false,"_jetpack_newsletter_tier_id":0,"_jetpack_memberships_contains_paywalled_content":false,"_jetpack_memberships_contains_paid_content":false,"footnotes":"","jetpack_publicize_message":"","jetpack_publicize_feature_enabled":true,"jetpack_social_post_already_shared":true,"jetpack_social_options":{"image_generator_settings":{"template":"highway","default_image_id":0,"font":"","enabled":false},"version":2}},"categories":[3],"tags":[],"class_list":["post-3036","post","type-post","status-publish","format-standard","has-post-thumbnail","hentry","category-novosti"],"acf":{"facebook_opis":""},"jetpack_publicize_connections":[],"jetpack_featured_media_url":"https:\/\/i0.wp.com\/historiografija.hr\/wp-content\/uploads\/2017\/02\/European_University_Institute_logo_svg.png?fit=1280%2C614&ssl=1","jetpack_sharing_enabled":true,"jetpack-related-posts":[{"id":52516,"url":"https:\/\/historiografija.hr\/?p=52516","url_meta":{"origin":3036,"position":0},"title":"Marko Grde\u0161i\u0107, Mislav \u017ditko, \u201eSocialist Economics in Yugoslavia: A Critical History\u201c","author":"Branimir Jankovi\u0107","date":"17. travnja 2026.","format":false,"excerpt":"This book presents a critical history of Yugoslav socialist economics, from its inception in the late 1940s to its dissolution in the late 1980s. After the dramatic break with the Soviet Union in 1948, Yugoslavia found itself in urgent need of a third way: A socialist trajectory which would not\u2026","rel":"","context":"U &quot;Knjige&quot;","block_context":{"text":"Knjige","link":"https:\/\/historiografija.hr\/?cat=8"},"img":{"alt_text":"","src":"https:\/\/i0.wp.com\/historiografija.hr\/wp-content\/uploads\/2026\/04\/Zitko_Grdesic.jpg?fit=350%2C535&ssl=1&resize=350%2C200","width":350,"height":200},"classes":[]},{"id":52531,"url":"https:\/\/historiografija.hr\/?p=52531","url_meta":{"origin":3036,"position":1},"title":"Jonathan G. Leslie, \u201eFear and Insecurity: Israel and the Iran Threat Narrative\u201c","author":"Branimir Jankovi\u0107","date":"17. travnja 2026.","format":false,"excerpt":"Why is Israel\u2019s former ally Iran now perceived as the country\u2019s greatest threat? Description To observers of the Iran-Israel conflict, its vitriolic rhetoric might suggest an ancient hatred between Jews and Muslims\u2013a biblical feud dating back hundreds, or thousands, of years. But this rivalry is a far more modern development.\u2026","rel":"","context":"U &quot;Knjige&quot;","block_context":{"text":"Knjige","link":"https:\/\/historiografija.hr\/?cat=8"},"img":{"alt_text":"","src":"https:\/\/i0.wp.com\/historiografija.hr\/wp-content\/uploads\/2026\/04\/Leslie.jpg?fit=391%2C612&ssl=1&resize=350%2C200","width":350,"height":200},"classes":[]},{"id":52586,"url":"https:\/\/historiografija.hr\/?p=52586","url_meta":{"origin":3036,"position":2},"title":"Aur\u00e9lie Daher, \u201eHezbollah: Mobilisation and Power\u201c","author":"Branimir Jankovi\u0107","date":"22. travnja 2026.","format":false,"excerpt":"Morning Star \u2018Book of the Year\u2019 Social movement, liberation party or terrorist group? With Hezbollah\u2019s growing involvement in the war in Syria, this study of its impact on Lebanon, drawing heavily on first-hand interviews, could not be more timely. Description Almost forty years after its foundation, Hezbollah remains an enigma.\u2026","rel":"","context":"U &quot;Knjige&quot;","block_context":{"text":"Knjige","link":"https:\/\/historiografija.hr\/?cat=8"},"img":{"alt_text":"","src":"https:\/\/i0.wp.com\/historiografija.hr\/wp-content\/uploads\/2026\/04\/Daher-Hezbollah.jpg?fit=600%2C931&ssl=1&resize=350%2C200","width":350,"height":200,"srcset":"https:\/\/i0.wp.com\/historiografija.hr\/wp-content\/uploads\/2026\/04\/Daher-Hezbollah.jpg?fit=600%2C931&ssl=1&resize=350%2C200 1x, https:\/\/i0.wp.com\/historiografija.hr\/wp-content\/uploads\/2026\/04\/Daher-Hezbollah.jpg?fit=600%2C931&ssl=1&resize=525%2C300 1.5x"},"classes":[]}],"_links":{"self":[{"href":"https:\/\/historiografija.hr\/index.php?rest_route=\/wp\/v2\/posts\/3036","targetHints":{"allow":["GET"]}}],"collection":[{"href":"https:\/\/historiografija.hr\/index.php?rest_route=\/wp\/v2\/posts"}],"about":[{"href":"https:\/\/historiografija.hr\/index.php?rest_route=\/wp\/v2\/types\/post"}],"author":[{"embeddable":true,"href":"https:\/\/historiografija.hr\/index.php?rest_route=\/wp\/v2\/users\/2"}],"replies":[{"embeddable":true,"href":"https:\/\/historiografija.hr\/index.php?rest_route=%2Fwp%2Fv2%2Fcomments&post=3036"}],"version-history":[{"count":1,"href":"https:\/\/historiografija.hr\/index.php?rest_route=\/wp\/v2\/posts\/3036\/revisions"}],"predecessor-version":[{"id":3038,"href":"https:\/\/historiografija.hr\/index.php?rest_route=\/wp\/v2\/posts\/3036\/revisions\/3038"}],"wp:featuredmedia":[{"embeddable":true,"href":"https:\/\/historiografija.hr\/index.php?rest_route=\/wp\/v2\/media\/3037"}],"wp:attachment":[{"href":"https:\/\/historiografija.hr\/index.php?rest_route=%2Fwp%2Fv2%2Fmedia&parent=3036"}],"wp:term":[{"taxonomy":"category","embeddable":true,"href":"https:\/\/historiografija.hr\/index.php?rest_route=%2Fwp%2Fv2%2Fcategories&post=3036"},{"taxonomy":"post_tag","embeddable":true,"href":"https:\/\/historiografija.hr\/index.php?rest_route=%2Fwp%2Fv2%2Ftags&post=3036"}],"curies":[{"name":"wp","href":"https:\/\/api.w.org\/{rel}","templated":true}]}}