{"id":30335,"date":"2022-03-08T09:44:51","date_gmt":"2022-03-08T09:44:51","guid":{"rendered":"http:\/\/historiografija.hr\/?p=30335"},"modified":"2022-03-08T09:44:51","modified_gmt":"2022-03-08T09:44:51","slug":"ios-regensburg-online-discussion-moldova-putins-next-target","status":"publish","type":"post","link":"https:\/\/historiografija.hr\/?p=30335","title":{"rendered":"IOS Regensburg \u2013 Online Discussion \u201eMoldova \u2013 Putin\u2019s next Target?\u201c"},"content":{"rendered":"\n<p>Russia is waging a brutal war of aggression against Ukraine. Nobody except Russia\u2019s dictator knows the end goals of the invasion but there are reasonable fears that Putin might not stop in the Ukraine. After all, he makes no secret of his revanchist imperialism. No other country seems more immediately threatened to become the next victim than the small Republic of Moldova, another former Soviet Republic. The Russian Army is already present on its territory, in the non-recognized breakaway region of Transnistria. In this roundtable, eminent experts will discuss the current situation in Moldova, likely scenarios as well as possible instant responses by NATO and the EU to safeguard the country\u2019s peace and restore its integrity.<\/p>\n\n\n\n<p><br>Organized by the Leibniz-Institute for East and Southeast European Studies (IOS Regensburg) and the Graduate School for East and Southeast European Studies at the University of Regensburg.<\/p>\n\n\n\n<p><br><em>Participants<\/em>: Elia Bescotti (PhD Researcher, IOS Regensburg, Universit\u00e9 Libre de Bruxelles), Petru Negura (Humboldt Fellow at the IOS Regensburg), Vitalie Sprinceana (Director, Platzforma association in Chisinau, Moldova), Svetlana Suveica (Lecturer, Univ. of Regensburg)<\/p>\n\n\n\n<p><br><em>Moderator<\/em>: Ulf Brunnbauer (IOS Regensburg)<\/p>\n\n\n\n<p><em>Dates: <\/em>Thuesday, March 8<br><em>Time<\/em>: 17:00 CET<br><em>Location<\/em>: Online via via <a rel=\"noreferrer noopener\" href=\"https:\/\/ios-regensburg-de.zoom.us\/j\/67848353857#success\" target=\"_blank\">Zoom<\/a> (Webinar-ID: 678 4835 3857). The webinar will be recorded and live-streamed.<\/p>\n\n\n\n<hr class=\"wp-block-separator\"\/>\n\n\n\n<p><a href=\"https:\/\/www.ios-regensburg.de\/aktuelles-details\/2022\/03\/online-discussion-moldova-putins-next-target.html\">https:\/\/www.ios-regensburg.de\/aktuelles-details\/2022\/03\/online-discussion-moldova-putins-next-target.html<\/a><\/p>\n\n\n\n<hr class=\"wp-block-separator\"\/>\n","protected":false},"excerpt":{"rendered":"","protected":false},"author":2,"featured_media":30336,"comment_status":"open","ping_status":"open","sticky":false,"template":"","format":"standard","meta":{"_acf_changed":false,"_jetpack_newsletter_access":"","_jetpack_dont_email_post_to_subs":false,"_jetpack_newsletter_tier_id":0,"_jetpack_memberships_contains_paywalled_content":false,"_jetpack_memberships_contains_paid_content":false,"footnotes":"","jetpack_publicize_message":"","jetpack_publicize_feature_enabled":true,"jetpack_social_post_already_shared":true,"jetpack_social_options":{"image_generator_settings":{"template":"highway","default_image_id":0,"font":"","enabled":false},"version":2},"jetpack_post_was_ever_published":false},"categories":[3],"tags":[],"class_list":["post-30335","post","type-post","status-publish","format-standard","has-post-thumbnail","hentry","category-novosti"],"acf":{"facebook_opis":""},"jetpack_publicize_connections":[],"jetpack_featured_media_url":"https:\/\/i0.wp.com\/historiografija.hr\/wp-content\/uploads\/2022\/03\/csm_IOS-Moldova.png?fit=800%2C419&ssl=1","jetpack_sharing_enabled":true,"jetpack-related-posts":[{"id":54617,"url":"https:\/\/historiografija.hr\/?p=54617","url_meta":{"origin":30335,"position":0},"title":"GO STYRIA RESEARCH GRANT for summer semester 2027","author":"Branimir Jankovi\u0107","date":"15. srpnja 2026.","format":false,"excerpt":"Go Styria is open for master and doctoral students as well as Post Docs interested in a short term research stay in the context of their master, doctoral thesis or Post-Doc research.Target region: Albania, Bosnia and Herzegovina, Bulgaria, Croatia, Cyprus, Greece, Hungary, Kosovo, Moldova, Montenegro, North Macedonia, Romania, Serbia, Slovenia,\u2026","rel":"","context":"U &quot;Novosti&quot;","block_context":{"text":"Novosti","link":"https:\/\/historiografija.hr\/?cat=3"},"img":{"alt_text":"","src":"https:\/\/i0.wp.com\/historiografija.hr\/wp-content\/uploads\/2026\/07\/Styria.jpg?fit=447%2C447&ssl=1&resize=350%2C200","width":350,"height":200},"classes":[]},{"id":55072,"url":"https:\/\/historiografija.hr\/?p=55072","url_meta":{"origin":30335,"position":1},"title":"Victoria Khiterer, \u201eBitter War of Memory: The Babyn Yar Massacre, Aftermath, and Commemoration\u201c","author":"Branimir Jankovi\u0107","date":"25. kolovoza 2026.","format":false,"excerpt":"Bitter War of Memory: The Babyn Yar Massacre, Aftermath, and Commemoration\u00a0discusses the Holocaust in Kyiv and the efforts to memorialize the Babyn Yar massacre. Babyn Yar is one of the largest Holocaust sites in the Soviet Union and modern Ukraine, where the Nazis and their collaborators killed virtually all the\u2026","rel":"","context":"U &quot;Knjige&quot;","block_context":{"text":"Knjige","link":"https:\/\/historiografija.hr\/?cat=8"},"img":{"alt_text":"","src":"https:\/\/i0.wp.com\/historiografija.hr\/wp-content\/uploads\/2026\/08\/Bitter-War-of-Memory-2.jpg?fit=596%2C466&ssl=1&resize=350%2C200","width":350,"height":200,"srcset":"https:\/\/i0.wp.com\/historiografija.hr\/wp-content\/uploads\/2026\/08\/Bitter-War-of-Memory-2.jpg?fit=596%2C466&ssl=1&resize=350%2C200 1x, https:\/\/i0.wp.com\/historiografija.hr\/wp-content\/uploads\/2026\/08\/Bitter-War-of-Memory-2.jpg?fit=596%2C466&ssl=1&resize=525%2C300 1.5x"},"classes":[]},{"id":54351,"url":"https:\/\/historiografija.hr\/?p=54351","url_meta":{"origin":30335,"position":2},"title":"Conversations with Those Who Ask About War: Practices of Interviewing During Russia\u2019s Invasion of Ukraine","author":"Branimir Jankovi\u0107","date":"26. lipnja 2026.","format":false,"excerpt":"How can good practices be developed for collecting, preserving, and publishing eyewitness accounts of a war that is still ongoing? The contributions offer insights into specifics of interviewing witnesses of the first months of Russia\u2019s full-scale invasion of Ukraine. Each chapter introduces researchers and practitioners who began documenting the war\u2026","rel":"","context":"U &quot;E-knjige&quot;","block_context":{"text":"E-knjige","link":"https:\/\/historiografija.hr\/?cat=19"},"img":{"alt_text":"","src":"https:\/\/i0.wp.com\/historiografija.hr\/wp-content\/uploads\/2026\/06\/Conversations-War.jpg?fit=775%2C614&ssl=1&resize=350%2C200","width":350,"height":200,"srcset":"https:\/\/i0.wp.com\/historiografija.hr\/wp-content\/uploads\/2026\/06\/Conversations-War.jpg?fit=775%2C614&ssl=1&resize=350%2C200 1x, https:\/\/i0.wp.com\/historiografija.hr\/wp-content\/uploads\/2026\/06\/Conversations-War.jpg?fit=775%2C614&ssl=1&resize=525%2C300 1.5x, https:\/\/i0.wp.com\/historiografija.hr\/wp-content\/uploads\/2026\/06\/Conversations-War.jpg?fit=775%2C614&ssl=1&resize=700%2C400 2x"},"classes":[]},{"id":55065,"url":"https:\/\/historiografija.hr\/?p=55065","url_meta":{"origin":30335,"position":3},"title":"Germany\u2019s History Wars: Contesting Memory and Identity Today","author":"Branimir Jankovi\u0107","date":"24. kolovoza 2026.","format":false,"excerpt":"Edited by J\u00fcrgen Zimmerer Like no other country\u2019s Germany\u2019s identity is shaped by its history or rather by the critical engagement with this history. The book traces the most important public debates on history since the new millennium thereby adding a mosaic of topics and perspectives to the memorial landscape\u2026","rel":"","context":"U &quot;E-knjige&quot;","block_context":{"text":"E-knjige","link":"https:\/\/historiografija.hr\/?cat=19"},"img":{"alt_text":"","src":"https:\/\/i0.wp.com\/historiografija.hr\/wp-content\/uploads\/2026\/08\/History-Wars-2.jpg?fit=800%2C593&ssl=1&resize=350%2C200","width":350,"height":200,"srcset":"https:\/\/i0.wp.com\/historiografija.hr\/wp-content\/uploads\/2026\/08\/History-Wars-2.jpg?fit=800%2C593&ssl=1&resize=350%2C200 1x, https:\/\/i0.wp.com\/historiografija.hr\/wp-content\/uploads\/2026\/08\/History-Wars-2.jpg?fit=800%2C593&ssl=1&resize=525%2C300 1.5x, https:\/\/i0.wp.com\/historiografija.hr\/wp-content\/uploads\/2026\/08\/History-Wars-2.jpg?fit=800%2C593&ssl=1&resize=700%2C400 2x"},"classes":[]},{"id":54556,"url":"https:\/\/historiografija.hr\/?p=54556","url_meta":{"origin":30335,"position":4},"title":"Patrick Teichmann, &#8220;Die Nation als Familie. Die Konterrevolution im franz\u00f6sischen Roman um 1870&#8221;","author":"Branimir Jankovi\u0107","date":"10. srpnja 2026.","format":false,"excerpt":"Patrick Teichmann u knjizi \u201eDie Nation als Familie\u201c analizira na\u010dine na kojima se u djelima francuske knji\u017eevnosti koja su nastala oko 1870. godine tematizira kontrarevolucija iz 1790-ih, pri \u010demu se koristi povijesni narativ i obiteljska metaforika za promi\u0161ljanje politi\u010dke nestabilnosti i budu\u0107nosti francuske nacije. O knjizi: \u201eDie franz\u00f6sische Konterrevolution der\u2026","rel":"","context":"U &quot;Knjige&quot;","block_context":{"text":"Knjige","link":"https:\/\/historiografija.hr\/?cat=8"},"img":{"alt_text":"","src":"https:\/\/i0.wp.com\/historiografija.hr\/wp-content\/uploads\/2026\/07\/Die-Nation-als-Familie-Buch-2.jpg?fit=800%2C545&ssl=1&resize=350%2C200","width":350,"height":200,"srcset":"https:\/\/i0.wp.com\/historiografija.hr\/wp-content\/uploads\/2026\/07\/Die-Nation-als-Familie-Buch-2.jpg?fit=800%2C545&ssl=1&resize=350%2C200 1x, https:\/\/i0.wp.com\/historiografija.hr\/wp-content\/uploads\/2026\/07\/Die-Nation-als-Familie-Buch-2.jpg?fit=800%2C545&ssl=1&resize=525%2C300 1.5x, https:\/\/i0.wp.com\/historiografija.hr\/wp-content\/uploads\/2026\/07\/Die-Nation-als-Familie-Buch-2.jpg?fit=800%2C545&ssl=1&resize=700%2C400 2x"},"classes":[]},{"id":55062,"url":"https:\/\/historiografija.hr\/?p=55062","url_meta":{"origin":30335,"position":5},"title":"CfP: The Making of Solidarity: A\u00a0Conference on Eastern and Central European Dissidents, 1945-1991","author":"Branimir Jankovi\u0107","date":"24. kolovoza 2026.","format":false,"excerpt":"This open call invites proposals for an interdisciplinary conference on Eastern and Central European dissidence, solidarity, and anti-imperial thought. The Making of Solidarity: A\u00a0Conference on Eastern and Central European Dissidents, 1945-1991 16.-17. November 2026 A close reading of Ivan Dziuba\u2019s classic\u00a01965 essay Internationalism or Russification? offers a\u00a0useful lens through which\u2026","rel":"","context":"U &quot;Novosti&quot;","block_context":{"text":"Novosti","link":"https:\/\/historiografija.hr\/?cat=3"},"img":{"alt_text":"","src":"https:\/\/i0.wp.com\/historiografija.hr\/wp-content\/uploads\/2026\/08\/The-Making-of-Solidarity.png?fit=883%2C662&ssl=1&resize=350%2C200","width":350,"height":200,"srcset":"https:\/\/i0.wp.com\/historiografija.hr\/wp-content\/uploads\/2026\/08\/The-Making-of-Solidarity.png?fit=883%2C662&ssl=1&resize=350%2C200 1x, https:\/\/i0.wp.com\/historiografija.hr\/wp-content\/uploads\/2026\/08\/The-Making-of-Solidarity.png?fit=883%2C662&ssl=1&resize=525%2C300 1.5x, https:\/\/i0.wp.com\/historiografija.hr\/wp-content\/uploads\/2026\/08\/The-Making-of-Solidarity.png?fit=883%2C662&ssl=1&resize=700%2C400 2x"},"classes":[]}],"_links":{"self":[{"href":"https:\/\/historiografija.hr\/index.php?rest_route=\/wp\/v2\/posts\/30335","targetHints":{"allow":["GET"]}}],"collection":[{"href":"https:\/\/historiografija.hr\/index.php?rest_route=\/wp\/v2\/posts"}],"about":[{"href":"https:\/\/historiografija.hr\/index.php?rest_route=\/wp\/v2\/types\/post"}],"author":[{"embeddable":true,"href":"https:\/\/historiografija.hr\/index.php?rest_route=\/wp\/v2\/users\/2"}],"replies":[{"embeddable":true,"href":"https:\/\/historiografija.hr\/index.php?rest_route=%2Fwp%2Fv2%2Fcomments&post=30335"}],"version-history":[{"count":1,"href":"https:\/\/historiografija.hr\/index.php?rest_route=\/wp\/v2\/posts\/30335\/revisions"}],"predecessor-version":[{"id":30337,"href":"https:\/\/historiografija.hr\/index.php?rest_route=\/wp\/v2\/posts\/30335\/revisions\/30337"}],"wp:featuredmedia":[{"embeddable":true,"href":"https:\/\/historiografija.hr\/index.php?rest_route=\/wp\/v2\/media\/30336"}],"wp:attachment":[{"href":"https:\/\/historiografija.hr\/index.php?rest_route=%2Fwp%2Fv2%2Fmedia&parent=30335"}],"wp:term":[{"taxonomy":"category","embeddable":true,"href":"https:\/\/historiografija.hr\/index.php?rest_route=%2Fwp%2Fv2%2Fcategories&post=30335"},{"taxonomy":"post_tag","embeddable":true,"href":"https:\/\/historiografija.hr\/index.php?rest_route=%2Fwp%2Fv2%2Ftags&post=30335"}],"curies":[{"name":"wp","href":"https:\/\/api.w.org\/{rel}","templated":true}]}}