{"id":30325,"date":"2022-03-08T09:10:18","date_gmt":"2022-03-08T09:10:18","guid":{"rendered":"http:\/\/historiografija.hr\/?p=30325"},"modified":"2022-03-08T09:12:17","modified_gmt":"2022-03-08T09:12:17","slug":"bojana-denegri-svjetlo-juga-slikar-rudolf-bunk-izmedu-njemacke-i-jugoslavije","status":"publish","type":"post","link":"https:\/\/historiografija.hr\/?p=30325","title":{"rendered":"Bojana Denegri, &#8220;SVJETLO JUGA. Slikar Rudolf Bunk izme\u0111u Njema\u010dke i Jugoslavije&#8221;"},"content":{"rendered":"\n<p>Bojana Denegri, <em>SVJETLO JUGA. Slikar Rudolf Bunk izme\u0111u Njema\u010dke i Jugoslavije<\/em>, Plejada \u2013 Centar za komparativnohistorijske i interkulturne studije Filozofskog fakulteta Sveu\u010dili\u0161ta u Zagrebu, Zagreb 2022., 248 str.<\/p>\n\n\n\n<hr class=\"wp-block-separator\"\/>\n\n\n\n<p>Bojana Denegri (Split, 1942.), njema\u010dka slavistica, romanistica i anglistica, Hambur\u017eanka, k\u0107erka je njema\u010dkih antifa\u0161ista-emigranata Marianne i Rudolfa Bunka, dijete obitelji koja je svoj opstanak najprije slu\u010dajno, a potom svjesno unijela u predratnu, ratnu i poratnu dramu hrvatskog i jugoslavenskog dru\u0161tva. Po nacisti\u010dkim mjerilima otac Rudolf bio je \u201eentarteter K\u00fcnstler&#8221; (\u201eizopa\u010deni slikar&#8221;), a kako se svojih estetskih i vrijednosnih, humanisti\u010dkih orijentira nikada nisu odricali ni on ni njegova supruga, \u017eivjeli su nerijetko doslovno na ezgistencijalnom rubu. Autorica pi\u0161e o svome ocu kroz prizmu prepletenih maj\u010dinih i svojih vlastitih sje\u0107anja i naknadnih dokumentarnih rekonstrukcija situacija, ali i njihovih iluzija, imaginacija i nadasve umjetni\u010dkih, kulturnih i javnih praksi.<\/p>\n\n\n\n<hr class=\"wp-block-separator\"\/>\n\n\n\n<p>Op\u0161irnije u prilogu:<\/p>\n\n\n\n<div class=\"wp-block-file\"><a href=\"https:\/\/historiografija.hr\/wp-content\/uploads\/2022\/03\/Bojana-Denegri_Svjetlo-juga.docx\">Bojana-Denegri_Svjetlo-juga<\/a><a href=\"https:\/\/historiografija.hr\/wp-content\/uploads\/2022\/03\/Bojana-Denegri_Svjetlo-juga.docx\" class=\"wp-block-file__button\" download>Preuzmi<\/a><\/div>\n\n\n\n<hr class=\"wp-block-separator\"\/>\n\n\n\n<figure class=\"wp-block-image size-large\"><img data-recalc-dims=\"1\" loading=\"lazy\" decoding=\"async\" width=\"674\" height=\"1024\" data-attachment-id=\"30328\" data-permalink=\"https:\/\/historiografija.hr\/?attachment_id=30328\" data-orig-file=\"https:\/\/i0.wp.com\/historiografija.hr\/wp-content\/uploads\/2022\/03\/Bojana-Denegri-Svjetlo-juga-naslovnica-1.jpg?fit=1020%2C1550&amp;ssl=1\" data-orig-size=\"1020,1550\" data-comments-opened=\"1\" data-image-meta=\"{&quot;aperture&quot;:&quot;0&quot;,&quot;credit&quot;:&quot;&quot;,&quot;camera&quot;:&quot;&quot;,&quot;caption&quot;:&quot;&quot;,&quot;created_timestamp&quot;:&quot;0&quot;,&quot;copyright&quot;:&quot;&quot;,&quot;focal_length&quot;:&quot;0&quot;,&quot;iso&quot;:&quot;0&quot;,&quot;shutter_speed&quot;:&quot;0&quot;,&quot;title&quot;:&quot;&quot;,&quot;orientation&quot;:&quot;1&quot;}\" data-image-title=\"Bojana Denegri Svjetlo juga naslovnica\" data-image-description=\"\" data-image-caption=\"\" data-large-file=\"https:\/\/i0.wp.com\/historiografija.hr\/wp-content\/uploads\/2022\/03\/Bojana-Denegri-Svjetlo-juga-naslovnica-1.jpg?fit=674%2C1024&amp;ssl=1\" src=\"https:\/\/i0.wp.com\/historiografija.hr\/wp-content\/uploads\/2022\/03\/Bojana-Denegri-Svjetlo-juga-naslovnica-1.jpg?resize=674%2C1024&#038;ssl=1\" alt=\"\" class=\"wp-image-30328\" srcset=\"https:\/\/i0.wp.com\/historiografija.hr\/wp-content\/uploads\/2022\/03\/Bojana-Denegri-Svjetlo-juga-naslovnica-1.jpg?resize=674%2C1024&amp;ssl=1 674w, https:\/\/i0.wp.com\/historiografija.hr\/wp-content\/uploads\/2022\/03\/Bojana-Denegri-Svjetlo-juga-naslovnica-1.jpg?resize=197%2C300&amp;ssl=1 197w, https:\/\/i0.wp.com\/historiografija.hr\/wp-content\/uploads\/2022\/03\/Bojana-Denegri-Svjetlo-juga-naslovnica-1.jpg?resize=768%2C1167&amp;ssl=1 768w, https:\/\/i0.wp.com\/historiografija.hr\/wp-content\/uploads\/2022\/03\/Bojana-Denegri-Svjetlo-juga-naslovnica-1.jpg?resize=1011%2C1536&amp;ssl=1 1011w, https:\/\/i0.wp.com\/historiografija.hr\/wp-content\/uploads\/2022\/03\/Bojana-Denegri-Svjetlo-juga-naslovnica-1.jpg?w=1020&amp;ssl=1 1020w\" sizes=\"auto, (max-width: 674px) 100vw, 674px\" \/><\/figure>\n\n\n\n<hr class=\"wp-block-separator\"\/>\n","protected":false},"excerpt":{"rendered":"","protected":false},"author":2,"featured_media":30328,"comment_status":"open","ping_status":"open","sticky":false,"template":"","format":"standard","meta":{"_acf_changed":false,"jetpack_post_was_ever_published":false,"_jetpack_newsletter_access":"","_jetpack_dont_email_post_to_subs":false,"_jetpack_newsletter_tier_id":0,"_jetpack_memberships_contains_paywalled_content":false,"_jetpack_memberships_contains_paid_content":false,"footnotes":"","jetpack_publicize_message":"","jetpack_publicize_feature_enabled":true,"jetpack_social_post_already_shared":true,"jetpack_social_options":{"image_generator_settings":{"template":"highway","default_image_id":0,"font":"","enabled":false},"version":2}},"categories":[8,3],"tags":[],"class_list":["post-30325","post","type-post","status-publish","format-standard","has-post-thumbnail","hentry","category-knjige","category-novosti"],"acf":{"facebook_opis":""},"jetpack_publicize_connections":[],"jetpack_featured_media_url":"https:\/\/i0.wp.com\/historiografija.hr\/wp-content\/uploads\/2022\/03\/Bojana-Denegri-Svjetlo-juga-naslovnica-1.jpg?fit=1020%2C1550&ssl=1","jetpack_sharing_enabled":true,"jetpack-related-posts":[],"_links":{"self":[{"href":"https:\/\/historiografija.hr\/index.php?rest_route=\/wp\/v2\/posts\/30325","targetHints":{"allow":["GET"]}}],"collection":[{"href":"https:\/\/historiografija.hr\/index.php?rest_route=\/wp\/v2\/posts"}],"about":[{"href":"https:\/\/historiografija.hr\/index.php?rest_route=\/wp\/v2\/types\/post"}],"author":[{"embeddable":true,"href":"https:\/\/historiografija.hr\/index.php?rest_route=\/wp\/v2\/users\/2"}],"replies":[{"embeddable":true,"href":"https:\/\/historiografija.hr\/index.php?rest_route=%2Fwp%2Fv2%2Fcomments&post=30325"}],"version-history":[{"count":3,"href":"https:\/\/historiografija.hr\/index.php?rest_route=\/wp\/v2\/posts\/30325\/revisions"}],"predecessor-version":[{"id":30331,"href":"https:\/\/historiografija.hr\/index.php?rest_route=\/wp\/v2\/posts\/30325\/revisions\/30331"}],"wp:featuredmedia":[{"embeddable":true,"href":"https:\/\/historiografija.hr\/index.php?rest_route=\/wp\/v2\/media\/30328"}],"wp:attachment":[{"href":"https:\/\/historiografija.hr\/index.php?rest_route=%2Fwp%2Fv2%2Fmedia&parent=30325"}],"wp:term":[{"taxonomy":"category","embeddable":true,"href":"https:\/\/historiografija.hr\/index.php?rest_route=%2Fwp%2Fv2%2Fcategories&post=30325"},{"taxonomy":"post_tag","embeddable":true,"href":"https:\/\/historiografija.hr\/index.php?rest_route=%2Fwp%2Fv2%2Ftags&post=30325"}],"curies":[{"name":"wp","href":"https:\/\/api.w.org\/{rel}","templated":true}]}}