{"id":30319,"date":"2022-03-08T08:54:12","date_gmt":"2022-03-08T08:54:12","guid":{"rendered":"http:\/\/historiografija.hr\/?p=30319"},"modified":"2022-07-15T13:20:06","modified_gmt":"2022-07-15T13:20:06","slug":"o-casopisu-zena-u-borbi-u-picnu","status":"publish","type":"post","link":"https:\/\/historiografija.hr\/?p=30319","title":{"rendered":"O \u010dasopisu \u201c\u017dena u borbi\u201d u Pi\u0107nu"},"content":{"rendered":"\n<p>U utorak, 8. o\u017eujka 2022., s po\u010detkom u 17 sati u Centru za nematerijalnu kulturu Istre Etnografskog muzeja Istre u Pi\u0107nu odr\u017eat \u0107e se program obilje\u017eavanja 8. marta \u2013 Me\u0111unarodnog dana \u017eena. Roberta Razzi, pjesnikinja iz Ripende, govorit \u0107e o \u201c\u017deni u borbi\u201d, glasilu Antifa\u0161isti\u010dke fronte \u017eena koje je svoje prvo izdanje tiskalo u Drugom svjetskom ratu, a umnogom zna\u010dilo i u poslijeratnom periodu socijalisti\u010dke Jugoslavije. Raznovrsne teme poku\u0161at \u0107e se promatrati i komentirati iz perspektive dana\u0161njih tendencija \u010dasopisa za \u017eene, a posebno se pritom osvrnuti na vlastita iskustva i sje\u0107anja.<\/p>\n\n\n\n<hr class=\"wp-block-separator\"\/>\n\n\n\n<p>Izvor: <a href=\"https:\/\/ipd-ssi.hr\/2022\/03\/07\/o-casopisima-za-zene-kroz-povijest-u-picnu\/\">https:\/\/ipd-ssi.hr\/2022\/03\/07\/o-casopisima-za-zene-kroz-povijest-u-picnu\/<\/a><\/p>\n\n\n\n<hr class=\"wp-block-separator\"\/>\n","protected":false},"excerpt":{"rendered":"","protected":false},"author":2,"featured_media":30320,"comment_status":"open","ping_status":"open","sticky":false,"template":"","format":"standard","meta":{"_acf_changed":false,"jetpack_post_was_ever_published":false,"_jetpack_newsletter_access":"","_jetpack_dont_email_post_to_subs":false,"_jetpack_newsletter_tier_id":0,"_jetpack_memberships_contains_paywalled_content":false,"_jetpack_memberships_contains_paid_content":false,"footnotes":"","jetpack_publicize_message":"","jetpack_publicize_feature_enabled":true,"jetpack_social_post_already_shared":true,"jetpack_social_options":{"image_generator_settings":{"template":"highway","default_image_id":0,"font":"","enabled":false},"version":2}},"categories":[21,3],"tags":[],"class_list":["post-30319","post","type-post","status-publish","format-standard","has-post-thumbnail","hentry","category-casopisi","category-novosti"],"acf":{"facebook_opis":""},"jetpack_publicize_connections":[],"jetpack_featured_media_url":"https:\/\/i0.wp.com\/historiografija.hr\/wp-content\/uploads\/2022\/03\/Zena_u_borbi-scaled.jpg?fit=2132%2C2560&ssl=1","jetpack_sharing_enabled":true,"jetpack-related-posts":[],"_links":{"self":[{"href":"https:\/\/historiografija.hr\/index.php?rest_route=\/wp\/v2\/posts\/30319","targetHints":{"allow":["GET"]}}],"collection":[{"href":"https:\/\/historiografija.hr\/index.php?rest_route=\/wp\/v2\/posts"}],"about":[{"href":"https:\/\/historiografija.hr\/index.php?rest_route=\/wp\/v2\/types\/post"}],"author":[{"embeddable":true,"href":"https:\/\/historiografija.hr\/index.php?rest_route=\/wp\/v2\/users\/2"}],"replies":[{"embeddable":true,"href":"https:\/\/historiografija.hr\/index.php?rest_route=%2Fwp%2Fv2%2Fcomments&post=30319"}],"version-history":[{"count":1,"href":"https:\/\/historiografija.hr\/index.php?rest_route=\/wp\/v2\/posts\/30319\/revisions"}],"predecessor-version":[{"id":30321,"href":"https:\/\/historiografija.hr\/index.php?rest_route=\/wp\/v2\/posts\/30319\/revisions\/30321"}],"wp:featuredmedia":[{"embeddable":true,"href":"https:\/\/historiografija.hr\/index.php?rest_route=\/wp\/v2\/media\/30320"}],"wp:attachment":[{"href":"https:\/\/historiografija.hr\/index.php?rest_route=%2Fwp%2Fv2%2Fmedia&parent=30319"}],"wp:term":[{"taxonomy":"category","embeddable":true,"href":"https:\/\/historiografija.hr\/index.php?rest_route=%2Fwp%2Fv2%2Fcategories&post=30319"},{"taxonomy":"post_tag","embeddable":true,"href":"https:\/\/historiografija.hr\/index.php?rest_route=%2Fwp%2Fv2%2Ftags&post=30319"}],"curies":[{"name":"wp","href":"https:\/\/api.w.org\/{rel}","templated":true}]}}