{"id":30317,"date":"2022-03-08T08:49:13","date_gmt":"2022-03-08T08:49:13","guid":{"rendered":"http:\/\/historiografija.hr\/?p=30317"},"modified":"2022-03-08T08:49:13","modified_gmt":"2022-03-08T08:49:13","slug":"hrt-prikazuje-rosa-luxemburg","status":"publish","type":"post","link":"https:\/\/historiografija.hr\/?p=30317","title":{"rendered":"HRT prikazuje: Rosa Luxemburg"},"content":{"rendered":"\n<p>Biografski film Rosa Luxemburg emitiramo u utorak 8. o\u017eujka u 22:05 na Tre\u0107em programu. Film je 1986. godine dobio nagrade Njema\u010dke filmske akademije za najbolji film i najbolju glumicu; u Cannesu nagrada za najbolju glumicu (Barbara Sukowa), nominiran je za Zlatnu palmu itd.<\/p>\n\n\n\n<p>Poljska socijalistica i marksistica Rosa Luxemburg sanja o revoluciji za vrijeme vladavine Vilima II. Neumorno promi\u010de svoja uvjerenja i \u010desto je zatvaraju, kako u Njema\u010dkoj, tako i u Poljskoj.<br><br>Sukobljava se i sa svojim ljubavnicima i istomi\u0161ljenicima, sve dok je ne ubiju pripadnici njema\u010dkih dragovolja\u010dkih postrojbi, frajkora, zbog njezinog vodstva ustanka nakon I. svjetskog rata, 1919. godine.<\/p>\n\n\n\n<p>Naslovne uloge tuma\u010de <strong>Barbara Sukowa, Daniel Olbrychski i Otto Sander<\/strong>.<br><br>Scenarij i re\u017eiju potpisuje <strong>Margarethe von Trotta<\/strong>.\u00a0<br><br>Urednik je <strong>Dean \u0160o\u0161a<\/strong>.<\/p>\n\n\n\n<hr class=\"wp-block-separator\"\/>\n\n\n\n<p>Izvor:<\/p>\n\n\n\n<p><a href=\"https:\/\/hrtprikazuje.hrt.hr\/filmovi\/rosa-luxemburg-5708310\">https:\/\/hrtprikazuje.hrt.hr\/filmovi\/rosa-luxemburg-5708310<\/a><\/p>\n\n\n\n<hr class=\"wp-block-separator\"\/>\n","protected":false},"excerpt":{"rendered":"","protected":false},"author":2,"featured_media":22599,"comment_status":"open","ping_status":"open","sticky":false,"template":"","format":"standard","meta":{"_acf_changed":false,"jetpack_post_was_ever_published":false,"_jetpack_newsletter_access":"","_jetpack_dont_email_post_to_subs":false,"_jetpack_newsletter_tier_id":0,"_jetpack_memberships_contains_paywalled_content":false,"_jetpack_memberships_contains_paid_content":false,"footnotes":"","jetpack_publicize_message":"","jetpack_publicize_feature_enabled":true,"jetpack_social_post_already_shared":true,"jetpack_social_options":{"image_generator_settings":{"template":"highway","default_image_id":0,"font":"","enabled":false},"version":2}},"categories":[13,3],"tags":[],"class_list":["post-30317","post","type-post","status-publish","format-standard","has-post-thumbnail","hentry","category-filmovi-i-serije","category-novosti"],"acf":{"facebook_opis":""},"jetpack_publicize_connections":[],"jetpack_featured_media_url":"https:\/\/i0.wp.com\/historiografija.hr\/wp-content\/uploads\/2020\/09\/01_Rosa_Luxemburg.jpg?fit=688%2C388&ssl=1","jetpack_sharing_enabled":true,"jetpack-related-posts":[],"_links":{"self":[{"href":"https:\/\/historiografija.hr\/index.php?rest_route=\/wp\/v2\/posts\/30317","targetHints":{"allow":["GET"]}}],"collection":[{"href":"https:\/\/historiografija.hr\/index.php?rest_route=\/wp\/v2\/posts"}],"about":[{"href":"https:\/\/historiografija.hr\/index.php?rest_route=\/wp\/v2\/types\/post"}],"author":[{"embeddable":true,"href":"https:\/\/historiografija.hr\/index.php?rest_route=\/wp\/v2\/users\/2"}],"replies":[{"embeddable":true,"href":"https:\/\/historiografija.hr\/index.php?rest_route=%2Fwp%2Fv2%2Fcomments&post=30317"}],"version-history":[{"count":1,"href":"https:\/\/historiografija.hr\/index.php?rest_route=\/wp\/v2\/posts\/30317\/revisions"}],"predecessor-version":[{"id":30318,"href":"https:\/\/historiografija.hr\/index.php?rest_route=\/wp\/v2\/posts\/30317\/revisions\/30318"}],"wp:featuredmedia":[{"embeddable":true,"href":"https:\/\/historiografija.hr\/index.php?rest_route=\/wp\/v2\/media\/22599"}],"wp:attachment":[{"href":"https:\/\/historiografija.hr\/index.php?rest_route=%2Fwp%2Fv2%2Fmedia&parent=30317"}],"wp:term":[{"taxonomy":"category","embeddable":true,"href":"https:\/\/historiografija.hr\/index.php?rest_route=%2Fwp%2Fv2%2Fcategories&post=30317"},{"taxonomy":"post_tag","embeddable":true,"href":"https:\/\/historiografija.hr\/index.php?rest_route=%2Fwp%2Fv2%2Ftags&post=30317"}],"curies":[{"name":"wp","href":"https:\/\/api.w.org\/{rel}","templated":true}]}}