{"id":30305,"date":"2022-03-07T21:35:13","date_gmt":"2022-03-07T21:35:13","guid":{"rendered":"http:\/\/historiografija.hr\/?p=30305"},"modified":"2022-03-07T21:35:13","modified_gmt":"2022-03-07T21:35:13","slug":"tribina-kako-pisati-o-srednjovjekovnoj-proslosti-bosne-i-hercegovine-i-promocija-casopisa-acta-illyrica","status":"publish","type":"post","link":"https:\/\/historiografija.hr\/?p=30305","title":{"rendered":"Tribina \u201cKako pisati o srednjovjekovnoj pro\u0161losti Bosne i Hercegovine?\u201d i promocija \u010dasopisa &#8220;Acta Illyrica\u201c"},"content":{"rendered":"\n<p>Centar za historijska istra\u017eivanja Filozofskog fakulteta Univerziteta u Sarajevu organizira tribinu \u201eKako pisati o srednjovjekovnoj pro\u0161losti Bosne i Hercegovine?\u201c.<\/p>\n\n\n\n<p>Na tribinu sudjeluju:<\/p>\n\n\n\n<p>dr. Danijel D\u017eino (Department of History and Archaeology, Macquarie University, Australija)<\/p>\n\n\n\n<p>dr. Ivan Basi\u0107 (Sveu\u010dili\u0161te u Splitu)<\/p>\n\n\n\n<p>dr. Marko Rimac (Sveu\u010dili\u0161te u Splitu)<\/p>\n\n\n\n<p>dr. Emir Filipovi\u0107 (Univerzitet u Sarajevu)<\/p>\n\n\n\n<p>Tribina \u0107e biti u utorak 8.3.2022. u 18:00 sati, Mali amfiteatar Filozofskog fakulteta Univerziteta u Sarajevu<\/p>\n\n\n\n<hr class=\"wp-block-separator\"\/>\n\n\n\n<p>Izvor:<\/p>\n\n\n\n<p><a href=\"https:\/\/historiografija.ba\/article.php?id=1094\">https:\/\/historiografija.ba\/article.php?id=1094<\/a><\/p>\n\n\n\n<hr class=\"wp-block-separator\"\/>\n\n\n\n<p><strong>Promocija \u010dasopisa &#8220;Acta Illyrica\u201c<\/strong><\/p>\n\n\n\n<p>Udru\u017eenje &#8220;BATHINVS&#8221; organizira promociju petog broja godi\u0161njaka &#8220;Acta Illyrica&#8221;.<\/p>\n\n\n\n<p>O \u010dasopisu \u0107e govoriti:<\/p>\n\n\n\n<p>Prof.dr. Ivan Basi\u0107 ( Filozofski fakultet Sveu\u010dili\u0161ta u Splitu)<\/p>\n\n\n\n<p>Prof.dr. Adnan Busulad\u017ei\u0107 (Filozofski fakultet Univerziteta u Sarajevu)<\/p>\n\n\n\n<p>Prof. dr. Danijel D\u017eino (Department of History and Archaeology, Macquarie University)<\/p>\n\n\n\n<p>Prof.dr. Sanja Ljubi\u0161i\u0107 ( Filozofski fakultet Univerziteta u Banja Luci)<\/p>\n\n\n\n<p>U sklopu promocije bit \u0107e dodijeljena nagrada \u201eProf.dr. Esad Pa\u0161ali\u0107\u201c. Talentiranim studentima studija historije i arheologije nagradu \u0107e uru\u010diti:<\/p>\n\n\n\n<p>Dr.sc. Fe\u0111a Milivojevi\u0107 ( Filozofski fakultet Sveu\u010dili\u0161ta u Rijeci) i<\/p>\n\n\n\n<p>Akademkinja prof.dr. Adila Pa\u0161ali\u0107 Kreso ( Akademija nauka i umjetnosti Bosne i Hercegovine)<\/p>\n\n\n\n<p>Moderator : Doc.dr. Amra \u0160a\u010di\u0107 Be\u0107a (Filozofski fakultet Univerziteta u Sarajevu)<\/p>\n\n\n\n<p>Promocija \u0107e se biti organizirana u srijedu 09.03.2022 u malom amfiteatru Filozofskog fakulteta Univerziteta u Sarajevu sa po\u010detkom u 11:00 sati.<\/p>\n\n\n\n<p>Doma\u0107in ovogodi\u0161nje promocije bit \u0107e Centar za historijska istra\u017eivanja (Univerzitet u Sarajevu &#8211; Filozofski fakultet)<\/p>\n\n\n\n<hr class=\"wp-block-separator\"\/>\n\n\n\n<p>Izvor:<\/p>\n\n\n\n<p><a href=\"https:\/\/historiografija.ba\/article.php?id=1093\">https:\/\/historiografija.ba\/article.php?id=1093<\/a><\/p>\n\n\n\n<hr class=\"wp-block-separator\"\/>\n","protected":false},"excerpt":{"rendered":"","protected":false},"author":2,"featured_media":30306,"comment_status":"open","ping_status":"open","sticky":false,"template":"","format":"standard","meta":{"_acf_changed":false,"_jetpack_newsletter_access":"","_jetpack_dont_email_post_to_subs":false,"_jetpack_newsletter_tier_id":0,"_jetpack_memberships_contains_paywalled_content":false,"_jetpack_memberships_contains_paid_content":false,"footnotes":"","jetpack_publicize_message":"","jetpack_publicize_feature_enabled":true,"jetpack_social_post_already_shared":true,"jetpack_social_options":{"image_generator_settings":{"template":"highway","default_image_id":0,"font":"","enabled":false},"version":2},"jetpack_post_was_ever_published":false},"categories":[3],"tags":[],"class_list":["post-30305","post","type-post","status-publish","format-standard","has-post-thumbnail","hentry","category-novosti"],"acf":{"facebook_opis":""},"jetpack_publicize_connections":[],"jetpack_featured_media_url":"https:\/\/i0.wp.com\/historiografija.hr\/wp-content\/uploads\/2022\/03\/Tribina_CEHIS.jpg?fit=450%2C658&ssl=1","jetpack_sharing_enabled":true,"jetpack-related-posts":[{"id":26186,"url":"https:\/\/historiografija.hr\/?p=26186","url_meta":{"origin":30305,"position":0},"title":"Kliofest 2021: Konferencija \u201cPROTIV historijskog revizionizma, ZA reviziju povijesnih spoznaja\u201d","author":"Branimir Jankovi\u0107","date":"10. svibnja 2021.","format":false,"excerpt":"PROTIV historijskog revizionizma, ZA reviziju povijesnih spoznaja naslov je konferencije planirane ove godine u okviru festivala Kliofest (odr\u017eat \u0107e se 12. svibnja izme\u0111u 11 i 14 sati), u sklopu projekta Histoire pour la libert\u00e9, koji financira Europska komisija iz programa \u201eEuropa za gra\u0111ane\u201c. Njezina je temeljna ideja upravo poticanje rasprave\u2026","rel":"","context":"U &quot;Novosti&quot;","block_context":{"text":"Novosti","link":"https:\/\/historiografija.hr\/?cat=3"},"img":{"alt_text":"","src":"https:\/\/i0.wp.com\/historiografija.hr\/wp-content\/uploads\/2021\/05\/ZG-histoire.jpg?fit=1024%2C1024&ssl=1&resize=350%2C200","width":350,"height":200,"srcset":"https:\/\/i0.wp.com\/historiografija.hr\/wp-content\/uploads\/2021\/05\/ZG-histoire.jpg?fit=1024%2C1024&ssl=1&resize=350%2C200 1x, https:\/\/i0.wp.com\/historiografija.hr\/wp-content\/uploads\/2021\/05\/ZG-histoire.jpg?fit=1024%2C1024&ssl=1&resize=525%2C300 1.5x, https:\/\/i0.wp.com\/historiografija.hr\/wp-content\/uploads\/2021\/05\/ZG-histoire.jpg?fit=1024%2C1024&ssl=1&resize=700%2C400 2x"},"classes":[]},{"id":53206,"url":"https:\/\/historiografija.hr\/?p=53206","url_meta":{"origin":30305,"position":1},"title":"Predavanje Olge Pelcer-Vuja\u010di\u0107 &#8220;Izme\u0111u planina i mora: nastanak gradova i gradske elite u rimskoj provinciji Dalmaciji&#8221; u Sarajevu","author":"Branimir Jankovi\u0107","date":"13. svibnja 2026.","format":false,"excerpt":"Centar za historijska istra\u017eivanja (CeHiS) Filozofskog fakulteta Univerziteta u Sarajevu organizira predavanje pod naslovom \"Izme\u0111u planina i mora: nastanak gradova i gradske elite u rimskoj provinciji Dalmaciji\". Predavanje \u0107e odr\u017eati dr. sc. Olga Pelcer-Vuja\u010di\u0107, vi\u0161a nau\u010dna saradnica u Istorijskom institutu Univerziteta Crne Gore. Izlaganje je posve\u0107eno procesima urbanizacije i formiranja\u2026","rel":"","context":"U &quot;Novosti&quot;","block_context":{"text":"Novosti","link":"https:\/\/historiografija.hr\/?cat=3"},"img":{"alt_text":"","src":"https:\/\/i0.wp.com\/historiografija.hr\/wp-content\/uploads\/2026\/05\/cehis-predavanje-olga.jpg?fit=847%2C1200&ssl=1&resize=350%2C200","width":350,"height":200,"srcset":"https:\/\/i0.wp.com\/historiografija.hr\/wp-content\/uploads\/2026\/05\/cehis-predavanje-olga.jpg?fit=847%2C1200&ssl=1&resize=350%2C200 1x, https:\/\/i0.wp.com\/historiografija.hr\/wp-content\/uploads\/2026\/05\/cehis-predavanje-olga.jpg?fit=847%2C1200&ssl=1&resize=525%2C300 1.5x, https:\/\/i0.wp.com\/historiografija.hr\/wp-content\/uploads\/2026\/05\/cehis-predavanje-olga.jpg?fit=847%2C1200&ssl=1&resize=700%2C400 2x"},"classes":[]},{"id":53698,"url":"https:\/\/historiografija.hr\/?p=53698","url_meta":{"origin":30305,"position":2},"title":"Me\u0111unarodni znanstveno-stru\u010dni skup &#8220;Imotska krajina u Domovinskom ratu &#8211; 35 godina poslije&#8221;","author":"Branimir Jankovi\u0107","date":"25. svibnja 2026.","format":false,"excerpt":"Me\u0111unarodni znanstveno-stru\u010dni skup Imotska krajina u Domovinskom ratu \u2013 35 godina poslije okuplja sudionike iz akademske, stru\u010dne i dru\u0161tvene zajednice s ciljem razmjene spoznaja o ulozi Imotske krajine u Domovinskom ratu te o\u010duvanja povijesne i dru\u0161tvene memorije.\u00a0 Suorganizatori i partneri skupa su: Hrvatsko vojno u\u010dili\u0161te \u201eDr. Franjo Tu\u0111man\u201d, Sveu\u010dili\u0161te obrane\u2026","rel":"","context":"U &quot;Novosti&quot;","block_context":{"text":"Novosti","link":"https:\/\/historiografija.hr\/?cat=3"},"img":{"alt_text":"","src":"https:\/\/i0.wp.com\/historiografija.hr\/wp-content\/uploads\/2026\/05\/plakat-za-WEB-2.jpg?fit=1200%2C543&ssl=1&resize=350%2C200","width":350,"height":200,"srcset":"https:\/\/i0.wp.com\/historiografija.hr\/wp-content\/uploads\/2026\/05\/plakat-za-WEB-2.jpg?fit=1200%2C543&ssl=1&resize=350%2C200 1x, https:\/\/i0.wp.com\/historiografija.hr\/wp-content\/uploads\/2026\/05\/plakat-za-WEB-2.jpg?fit=1200%2C543&ssl=1&resize=525%2C300 1.5x, https:\/\/i0.wp.com\/historiografija.hr\/wp-content\/uploads\/2026\/05\/plakat-za-WEB-2.jpg?fit=1200%2C543&ssl=1&resize=700%2C400 2x, https:\/\/i0.wp.com\/historiografija.hr\/wp-content\/uploads\/2026\/05\/plakat-za-WEB-2.jpg?fit=1200%2C543&ssl=1&resize=1050%2C600 3x"},"classes":[]},{"id":54052,"url":"https:\/\/historiografija.hr\/?p=54052","url_meta":{"origin":30305,"position":3},"title":"Tribina: Mark Blok, istori\u010dar u Panteonu","author":"Branimir Jankovi\u0107","date":"12. lipnja 2026.","format":false,"excerpt":"16 Jun 2026 - 18h \/ Francuski institut u Srbiji, Beograd Povodom sve\u010danog polaganja posmrtnih ostataka Marka Bloka u kriptu Panteona, francuskog nacionalnog mauzoleja u kojem po\u010divaju najistaknutije li\u010dnosti francuske istorije, Francuski institut u Srbiji, u saradnji sa uglednim francuskim \u010dasopisom L\u2019Histoire, organizuje tribinu posve\u0107enu \u017eivotu, delu i nasle\u0111u jedne\u2026","rel":"","context":"U &quot;Novosti&quot;","block_context":{"text":"Novosti","link":"https:\/\/historiografija.hr\/?cat=3"},"img":{"alt_text":"","src":"https:\/\/i0.wp.com\/historiografija.hr\/wp-content\/uploads\/2026\/06\/Bloch-site.jpg?fit=720%2C400&ssl=1&resize=350%2C200","width":350,"height":200,"srcset":"https:\/\/i0.wp.com\/historiografija.hr\/wp-content\/uploads\/2026\/06\/Bloch-site.jpg?fit=720%2C400&ssl=1&resize=350%2C200 1x, https:\/\/i0.wp.com\/historiografija.hr\/wp-content\/uploads\/2026\/06\/Bloch-site.jpg?fit=720%2C400&ssl=1&resize=525%2C300 1.5x, https:\/\/i0.wp.com\/historiografija.hr\/wp-content\/uploads\/2026\/06\/Bloch-site.jpg?fit=720%2C400&ssl=1&resize=700%2C400 2x"},"classes":[]},{"id":53375,"url":"https:\/\/historiografija.hr\/?p=53375","url_meta":{"origin":30305,"position":4},"title":"Promocija knjige \u201cMoni Finci \u2013 Una persona calma\u201c u Sarajevu","author":"Branimir Jankovi\u0107","date":"15. svibnja 2026.","format":false,"excerpt":"Historijski muzej Bosne i Hercegovine organizira promociju monografije \u201cMoni Finci \u2013 Una persona calma\u201c, koju je priredila Javorka Finci-Pocrnja. Moni Finci pripadao je generaciji intelektualaca koji su svojim djelovanjem trajno obilje\u017eili kulturni i javni \u017eivot Bosne i Hercegovine. Antifa\u0161ista, publicista i kulturni radnik, bio je me\u0111u osniva\u010dima Bosna film i\u2026","rel":"","context":"U &quot;Novosti&quot;","block_context":{"text":"Novosti","link":"https:\/\/historiografija.hr\/?cat=3"},"img":{"alt_text":"","src":"https:\/\/i0.wp.com\/historiografija.hr\/wp-content\/uploads\/2026\/05\/Finci.jpg?fit=848%2C1200&ssl=1&resize=350%2C200","width":350,"height":200,"srcset":"https:\/\/i0.wp.com\/historiografija.hr\/wp-content\/uploads\/2026\/05\/Finci.jpg?fit=848%2C1200&ssl=1&resize=350%2C200 1x, https:\/\/i0.wp.com\/historiografija.hr\/wp-content\/uploads\/2026\/05\/Finci.jpg?fit=848%2C1200&ssl=1&resize=525%2C300 1.5x, https:\/\/i0.wp.com\/historiografija.hr\/wp-content\/uploads\/2026\/05\/Finci.jpg?fit=848%2C1200&ssl=1&resize=700%2C400 2x"},"classes":[]},{"id":54643,"url":"https:\/\/historiografija.hr\/?p=54643","url_meta":{"origin":30305,"position":5},"title":"Objavljen 12. broj \u010dasopisa Radovi Filozofskog fakulteta u Sarajevu (Historija, Historija umjetnosti, Arheologija)","author":"Branimir Jankovi\u0107","date":"17. srpnja 2026.","format":false,"excerpt":"Novi broj \u010dasopisa Radovi Filozofskog fakulteta u Sarajevu tematski je posve\u0107en 75. obljetnici osnivanja Odsjeka za historiju, najstarije visoko\u0161kolske institucije ove vrste u Bosni i Hercegovini. Za razliku od uobi\u010dajenih izdanja fokusiranih na u\u017ei kronolo\u0161ki okvir, ovaj broj okuplja radove alumnija Odsjeka s ciljem prikaza suvremenih istra\u017eiva\u010dkih dosega i institucionalnog\u2026","rel":"","context":"U &quot;\u010casopisi&quot;","block_context":{"text":"\u010casopisi","link":"https:\/\/historiografija.hr\/?cat=21"},"img":{"alt_text":"","src":"https:\/\/i0.wp.com\/historiografija.hr\/wp-content\/uploads\/2026\/07\/radovi-ff-2025.jpg?fit=550%2C422&ssl=1&resize=350%2C200","width":350,"height":200,"srcset":"https:\/\/i0.wp.com\/historiografija.hr\/wp-content\/uploads\/2026\/07\/radovi-ff-2025.jpg?fit=550%2C422&ssl=1&resize=350%2C200 1x, https:\/\/i0.wp.com\/historiografija.hr\/wp-content\/uploads\/2026\/07\/radovi-ff-2025.jpg?fit=550%2C422&ssl=1&resize=525%2C300 1.5x"},"classes":[]}],"_links":{"self":[{"href":"https:\/\/historiografija.hr\/index.php?rest_route=\/wp\/v2\/posts\/30305","targetHints":{"allow":["GET"]}}],"collection":[{"href":"https:\/\/historiografija.hr\/index.php?rest_route=\/wp\/v2\/posts"}],"about":[{"href":"https:\/\/historiografija.hr\/index.php?rest_route=\/wp\/v2\/types\/post"}],"author":[{"embeddable":true,"href":"https:\/\/historiografija.hr\/index.php?rest_route=\/wp\/v2\/users\/2"}],"replies":[{"embeddable":true,"href":"https:\/\/historiografija.hr\/index.php?rest_route=%2Fwp%2Fv2%2Fcomments&post=30305"}],"version-history":[{"count":1,"href":"https:\/\/historiografija.hr\/index.php?rest_route=\/wp\/v2\/posts\/30305\/revisions"}],"predecessor-version":[{"id":30307,"href":"https:\/\/historiografija.hr\/index.php?rest_route=\/wp\/v2\/posts\/30305\/revisions\/30307"}],"wp:featuredmedia":[{"embeddable":true,"href":"https:\/\/historiografija.hr\/index.php?rest_route=\/wp\/v2\/media\/30306"}],"wp:attachment":[{"href":"https:\/\/historiografija.hr\/index.php?rest_route=%2Fwp%2Fv2%2Fmedia&parent=30305"}],"wp:term":[{"taxonomy":"category","embeddable":true,"href":"https:\/\/historiografija.hr\/index.php?rest_route=%2Fwp%2Fv2%2Fcategories&post=30305"},{"taxonomy":"post_tag","embeddable":true,"href":"https:\/\/historiografija.hr\/index.php?rest_route=%2Fwp%2Fv2%2Ftags&post=30305"}],"curies":[{"name":"wp","href":"https:\/\/api.w.org\/{rel}","templated":true}]}}