{"id":30282,"date":"2022-03-04T23:18:09","date_gmt":"2022-03-04T23:18:09","guid":{"rendered":"http:\/\/historiografija.hr\/?p=30282"},"modified":"2022-03-04T23:18:09","modified_gmt":"2022-03-04T23:18:09","slug":"humoristicni-serijal-u-boj-u-boj-razotkriva-velike-tajne-povijesnih-bitaka","status":"publish","type":"post","link":"https:\/\/historiografija.hr\/?p=30282","title":{"rendered":"Humoristi\u010dni serijal &#8216;U boj, u boj!&#8217; razotkriva velike tajne povijesnih bitaka"},"content":{"rendered":"\n<p>Od nedjelje, 6. o\u017eujka 2022., na Prvom programu Hrvatske televizije, od 20.40 sati, zapo\u010dinje premijerno prikazivanje dokumentarnog serijala &#8216;U boj, u boj!&#8217; redatelja Mladena Dizdara i scenaristice Martine Marasovi\u0107 koji&nbsp;na zabavan i pou\u010dan na\u010din propituje mitove vezane uz legendarne povijesne bitke: Bitku kod Stubice, Bitku kod \u0110ur\u0111evca, Bitku za Vranu i Bitku za Ru\u017eicu grad.&nbsp;<\/p>\n\n\n\n<p>Od kneginje Ru\u017eice i Crnog viteza, preko Ulama-bega do Matije Gupca voditelj Du\u0161an Bu\u0107an upoznat \u0107e nas s nekim od najzloglasnijih povijesnih li\u010dnosti, kao i s najve\u0107im junacima koji su im se suprotstaviti.<br>&nbsp;<br>Svaka od \u010detiri epizode posve\u0107ena je jednoj povijesnoj bitci koja se odvijala na na\u0161im prostorima, a ideja serijala propitivanje je povijesnih mitova na humoristi\u010dan na\u010din. Du\u0161an Bu\u0107an obi\u0161ao je uprizorenja bitaka, u\u017eivio se u likove poput Ulama-bega ili Crnog viteza, razgovarao s povjesni\u010darima i sociolozima te nerijetko do\u0161ao do zaklju\u010dka da su slu\u017ebena povijest i mitovi \u0161ireni usmenom predajom dva poprili\u010dno odvojena svijeta.<br>&nbsp;<br>Serijal \u201cU boj, u boj\u201d s jedne strane informira, s druge pak zabavlja publiku pribli\u017eavaju\u0107i joj povijest bez vi\u0161ka faktografije. Naslovljen je prema poznatoj skladbi iz opere \u201cNikola \u0160ubi\u0107 Zrinski\u201d Ivana pl. Zajca koju je za serijal modernizirao Luka Kun\u010devi\u0107. Uz \u017eivopisne scene snimljene na lokacijama gdje se godinama odr\u017eavaju iznimno posje\u0107ene manifestacije o\u017eivljavanja povijesnih bitaka, vizualnosti serijala doprinose ilustracije Tomislava Tomi\u0107a.&nbsp; Autori serijala su Danijel Pek i Du\u0161an Bu\u0107an, producentica je Nika Obu\u010dina, a urednik Vladimir Brnardi\u0107. Serijal je nastao u produkciji Antitalenta i Hrvatske radiotelevizije, a prikazivat \u0107e se tijekom o\u017eujka, nedjeljom u prime-timeu na Prvom programu HTV-a.<\/p>\n\n\n\n<p>Izvor:<\/p>\n\n\n\n<p><a href=\"https:\/\/www.culturenet.hr\/hr\/humoristicni-serijal-u-boj-u-boj-razotkriva-velike-tajne-povijesnih-bitaka\/176950\">https:\/\/www.culturenet.hr\/hr\/humoristicni-serijal-u-boj-u-boj-razotkriva-velike-tajne-povijesnih-bitaka\/176950<\/a><\/p>\n\n\n\n<hr class=\"wp-block-separator\"\/>\n\n\n\n<p><strong>U boj, u boj: Bitka kod Stubice<\/strong><\/p>\n\n\n\n<p>U nedjelju, 6. o\u017eujka na Prvom programu u 20:40 prikazujemo 1. epizodu dokumentarne serije U boj, u boj. U \u010detiri epizode dokumentarna serija odvest \u0107e nas u minulo doba dramati\u010dnih bitki, selja\u010dkih buna i vite\u0161kih borbi kada su juna\u0161tvo, \u010dast i hrabrost bile najcjenjenije vrline, a zvuci ukr\u0161tenih ma\u010deva svirali pod balkonima samozatajnih djeva.<\/p>\n\n\n\n<hr class=\"wp-block-separator\"\/>\n\n\n\n<p>Izvor i dodatne informacije:<\/p>\n\n\n\n<p><a href=\"https:\/\/hrtprikazuje.hrt.hr\/dokumentarci\/u-boj-u-boj-bitka-kod-stubice-5556505\">https:\/\/hrtprikazuje.hrt.hr\/dokumentarci\/u-boj-u-boj-bitka-kod-stubice-5556505<\/a><\/p>\n\n\n\n<hr class=\"wp-block-separator\"\/>\n","protected":false},"excerpt":{"rendered":"","protected":false},"author":2,"featured_media":30283,"comment_status":"open","ping_status":"open","sticky":false,"template":"","format":"standard","meta":{"_acf_changed":false,"jetpack_post_was_ever_published":false,"_jetpack_newsletter_access":"","_jetpack_dont_email_post_to_subs":false,"_jetpack_newsletter_tier_id":0,"_jetpack_memberships_contains_paywalled_content":false,"_jetpack_memberships_contains_paid_content":false,"footnotes":"","jetpack_publicize_message":"","jetpack_publicize_feature_enabled":true,"jetpack_social_post_already_shared":true,"jetpack_social_options":{"image_generator_settings":{"template":"highway","default_image_id":0,"font":"","enabled":false},"version":2}},"categories":[13,3],"tags":[],"class_list":["post-30282","post","type-post","status-publish","format-standard","has-post-thumbnail","hentry","category-filmovi-i-serije","category-novosti"],"acf":{"facebook_opis":""},"jetpack_publicize_connections":[],"jetpack_featured_media_url":"https:\/\/i0.wp.com\/historiografija.hr\/wp-content\/uploads\/2022\/03\/U-boj.jpg?fit=960%2C365&ssl=1","jetpack_sharing_enabled":true,"jetpack-related-posts":[],"_links":{"self":[{"href":"https:\/\/historiografija.hr\/index.php?rest_route=\/wp\/v2\/posts\/30282","targetHints":{"allow":["GET"]}}],"collection":[{"href":"https:\/\/historiografija.hr\/index.php?rest_route=\/wp\/v2\/posts"}],"about":[{"href":"https:\/\/historiografija.hr\/index.php?rest_route=\/wp\/v2\/types\/post"}],"author":[{"embeddable":true,"href":"https:\/\/historiografija.hr\/index.php?rest_route=\/wp\/v2\/users\/2"}],"replies":[{"embeddable":true,"href":"https:\/\/historiografija.hr\/index.php?rest_route=%2Fwp%2Fv2%2Fcomments&post=30282"}],"version-history":[{"count":1,"href":"https:\/\/historiografija.hr\/index.php?rest_route=\/wp\/v2\/posts\/30282\/revisions"}],"predecessor-version":[{"id":30284,"href":"https:\/\/historiografija.hr\/index.php?rest_route=\/wp\/v2\/posts\/30282\/revisions\/30284"}],"wp:featuredmedia":[{"embeddable":true,"href":"https:\/\/historiografija.hr\/index.php?rest_route=\/wp\/v2\/media\/30283"}],"wp:attachment":[{"href":"https:\/\/historiografija.hr\/index.php?rest_route=%2Fwp%2Fv2%2Fmedia&parent=30282"}],"wp:term":[{"taxonomy":"category","embeddable":true,"href":"https:\/\/historiografija.hr\/index.php?rest_route=%2Fwp%2Fv2%2Fcategories&post=30282"},{"taxonomy":"post_tag","embeddable":true,"href":"https:\/\/historiografija.hr\/index.php?rest_route=%2Fwp%2Fv2%2Ftags&post=30282"}],"curies":[{"name":"wp","href":"https:\/\/api.w.org\/{rel}","templated":true}]}}