{"id":30275,"date":"2022-03-04T22:52:00","date_gmt":"2022-03-04T22:52:00","guid":{"rendered":"http:\/\/historiografija.hr\/?p=30275"},"modified":"2022-03-04T22:53:27","modified_gmt":"2022-03-04T22:53:27","slug":"preminula-ljubinka-trgovcevic-mitrovic-1948-2022","status":"publish","type":"post","link":"https:\/\/historiografija.hr\/?p=30275","title":{"rendered":"Preminula Ljubinka Trgov\u010devi\u0107 Mitrovi\u0107 (1948-2022)"},"content":{"rendered":"\n<p>U Beogradu je 4. o\u017eujka 2022. godine preminula povjesni\u010darka Ljubinka Trgov\u010devi\u0107 (1948-2022). Op\u0161irnije u nastavku.<\/p>\n\n\n\n<hr class=\"wp-block-separator\"\/>\n\n\n\n<p>U Beogradu je danas, posle kratke i te\u0161ke bolesti, preminula profesorka Ljubinka Trgov\u010devi\u0107 Mitrovi\u0107, istori\u010darka, redovna profesorka Fakulteta politi\u010dkih nauka u penziji i jedna od osniva\u010da Udru\u017eenja za dru\u0161tvenu istoriju.<\/p>\n\n\n\n<p>Ro\u0111ena je u Sarajevu, diplomirala je na Filozofskom fakultetu Univerziteta u Beogradu na odseku Savremena istorija 1971, gde je tri godine kasnije magistrirala istorijske nauke i 1984. dokrotirala.<\/p>\n\n\n\n<p>Od 2001. do 2016. bila je redovna profesorka na Fakultetu polit\u010dkih nauka u Beogradu, pre toga je radila u Istorijskom institutu SANU, a tokom duge i bogate karijere bila je anga\u017eovana u Centru za multidisciplinarne studije, Univerzitet u Beogradu, \u0160kola doktorskih studija, smer Istorija i filozofija prirodnih nauka (2010-2017).<\/p>\n\n\n\n<p>Kao dru\u0161tveno anga\u017eovana osoba bila je \u010dlanica Predsedni\u0161tva SR Srbije u burnim godinama (1986-1988), pre toga delegatkninja u Skup\u0161tini Srbije (1982-1986), predsednica Saveza za brigu o deci i omladini Jugoslavije (1986-1990), predsedica Upravnog odbora Istorijskog arhiva Beograda (2001-2004) i predsednica Upravnog odbora Istorijskog muzeja Srbije (2008-2013)<\/p>\n\n\n\n<p>U Savezu istori\u010dara Jugoslavije i Dru\u0161tvu istori\u010dara Srbije obavljala je niz zna\u010dajnih zadu\u017eenja i rukovodila nizom istra\u017eivanja, a do samog kraja bila je anga\u017eovana kao predsednica Saveta Centra za studije roda i politike (FPN), \u010dlanica Izdava\u010dkog saveta European History Quarterly, London, \u010dlanica Udru\u017eenja za dru\u0161tvenu istoriju, \u010dija je suosniva\u010dica i \u010dlanica Saveta Zadu\u017ebine Mihael Ziki\u0107, Univerziteta Bon.<\/p>\n\n\n\n<p>Dobitnica je NIN-ove nagrada za publicistiku 1986. godine i po\u010dasna \u010dlanica Me\u0111unarodnog univerzitetskog seminara u Blagoevgradu (1995).<\/p>\n\n\n\n<p>Iza Ljubinke Trgov\u010devi\u0107 Mitrovi\u0107 ostao je bogat nau\u010dni opus.<\/p>\n\n\n\n<p>Bila je udata za kolegu profesora Andreja Mitrovi\u0107a.<\/p>\n\n\n\n<hr class=\"wp-block-separator\"\/>\n\n\n\n<p>Izvor:<\/p>\n\n\n\n<p><a href=\"https:\/\/www.danas.rs\/vesti\/drustvo\/preminula-istoricarka-ljubinka-trgovcevic-mitrovic-1948-2022\/\">https:\/\/www.danas.rs\/vesti\/drustvo\/preminula-istoricarka-ljubinka-trgovcevic-mitrovic-1948-2022\/<\/a><\/p>\n\n\n\n<hr class=\"wp-block-separator\"\/>\n\n\n\n<p>Dodatne obavijesti:<\/p>\n\n\n\n<figure class=\"wp-block-embed-wordpress wp-block-embed is-type-wp-embed is-provider-n-1\"><div class=\"wp-block-embed__wrapper\">\n<blockquote class=\"wp-embedded-content\" data-secret=\"iJXee6gLEY\"><a href=\"https:\/\/rs.n1info.com\/vesti\/preminula-istoricarka-ljubinka-trgovcevic\/\">Preminula istori\u010darka Ljubinka Trgov\u010devi\u0107<\/a><\/blockquote><iframe loading=\"lazy\" class=\"wp-embedded-content\" sandbox=\"allow-scripts\" security=\"restricted\" style=\"position: absolute; clip: rect(1px, 1px, 1px, 1px);\" title=\"&#132;Preminula istori\u010darka Ljubinka Trgov\u010devi\u0107&#147; &#8212; N1\" src=\"https:\/\/rs.n1info.com\/vesti\/preminula-istoricarka-ljubinka-trgovcevic\/embed\/#?secret=iJXee6gLEY\" data-secret=\"iJXee6gLEY\" width=\"600\" height=\"338\" frameborder=\"0\" marginwidth=\"0\" marginheight=\"0\" scrolling=\"no\"><\/iframe>\n<\/div><\/figure>\n\n\n\n<hr class=\"wp-block-separator\"\/>\n\n\n\n<p>Umrla je profesorka Ljubinka Trgov\u010devi\u0107-Mitrovi\u0107<\/p>\n\n\n\n<p><a href=\"https:\/\/historiografija.ba\/article.php?id=1080\">https:\/\/historiografija.ba\/article.php?id=1080<\/a><\/p>\n\n\n\n<hr class=\"wp-block-separator\"\/>\n\n\n\n<figure class=\"wp-block-embed-wordpress wp-block-embed is-type-wp-embed is-provider-\u0444\u0430\u043a\u0443\u043b\u0442\u0435\u0442-\u043f\u043e\u043b\u0438\u0442\u0438\u0447\u043a\u0438\u0445-\u043d\u0430\u0443\u043a\u0430-\u0443\u043d\u0438\u0432\u0435\u0440\u0437\u0438\u0442\u0435\u0442-\u0443-\u0431\u0435\u043e\u0433\u0440\u0430\u0434\u0443\"><div class=\"wp-block-embed__wrapper\">\n<blockquote class=\"wp-embedded-content\" data-secret=\"Ohd1U1HN4w\"><a href=\"https:\/\/www.fpn.bg.ac.rs\/faculty\/ljubinka-trgovcevic-mitrovic\">\u0409\u0443\u0431\u0438\u043d\u043a\u0430 \u0422\u0440\u0433\u043e\u0432\u0447\u0435\u0432\u0438\u045b-\u041c\u0438\u0442\u0440\u043e\u0432\u0438\u045b<\/a><\/blockquote><iframe loading=\"lazy\" class=\"wp-embedded-content\" sandbox=\"allow-scripts\" security=\"restricted\" style=\"position: absolute; clip: rect(1px, 1px, 1px, 1px);\" title=\"&#8220;\u0409\u0443\u0431\u0438\u043d\u043a\u0430 \u0422\u0440\u0433\u043e\u0432\u0447\u0435\u0432\u0438\u045b-\u041c\u0438\u0442\u0440\u043e\u0432\u0438\u045b&#8221; &#8212; \u0424\u0430\u043a\u0443\u043b\u0442\u0435\u0442 \u043f\u043e\u043b\u0438\u0442\u0438\u0447\u043a\u0438\u0445 \u043d\u0430\u0443\u043a\u0430 | \u0423\u043d\u0438\u0432\u0435\u0440\u0437\u0438\u0442\u0435\u0442 \u0443 \u0411\u0435\u043e\u0433\u0440\u0430\u0434\u0443\" src=\"https:\/\/www.fpn.bg.ac.rs\/faculty\/ljubinka-trgovcevic-mitrovic\/embed#?secret=nWLl6VwtC4#?secret=Ohd1U1HN4w\" data-secret=\"Ohd1U1HN4w\" width=\"600\" height=\"338\" frameborder=\"0\" marginwidth=\"0\" marginheight=\"0\" scrolling=\"no\"><\/iframe>\n<\/div><\/figure>\n\n\n\n<hr class=\"wp-block-separator\"\/>\n","protected":false},"excerpt":{"rendered":"","protected":false},"author":2,"featured_media":30276,"comment_status":"open","ping_status":"open","sticky":false,"template":"","format":"standard","meta":{"_acf_changed":false,"jetpack_post_was_ever_published":false,"_jetpack_newsletter_access":"","_jetpack_dont_email_post_to_subs":false,"_jetpack_newsletter_tier_id":0,"_jetpack_memberships_contains_paywalled_content":false,"_jetpack_memberships_contains_paid_content":false,"footnotes":"","jetpack_publicize_message":"","jetpack_publicize_feature_enabled":true,"jetpack_social_post_already_shared":true,"jetpack_social_options":{"image_generator_settings":{"template":"highway","default_image_id":0,"font":"","enabled":false},"version":2}},"categories":[3,20],"tags":[],"class_list":["post-30275","post","type-post","status-publish","format-standard","has-post-thumbnail","hentry","category-novosti","category-obavijesti-o-smrti-i-nekrolozi"],"acf":{"facebook_opis":""},"jetpack_publicize_connections":[],"jetpack_featured_media_url":"https:\/\/i0.wp.com\/historiografija.hr\/wp-content\/uploads\/2022\/03\/Trgovcevic.jpg?fit=680%2C382&ssl=1","jetpack_sharing_enabled":true,"jetpack-related-posts":[],"_links":{"self":[{"href":"https:\/\/historiografija.hr\/index.php?rest_route=\/wp\/v2\/posts\/30275","targetHints":{"allow":["GET"]}}],"collection":[{"href":"https:\/\/historiografija.hr\/index.php?rest_route=\/wp\/v2\/posts"}],"about":[{"href":"https:\/\/historiografija.hr\/index.php?rest_route=\/wp\/v2\/types\/post"}],"author":[{"embeddable":true,"href":"https:\/\/historiografija.hr\/index.php?rest_route=\/wp\/v2\/users\/2"}],"replies":[{"embeddable":true,"href":"https:\/\/historiografija.hr\/index.php?rest_route=%2Fwp%2Fv2%2Fcomments&post=30275"}],"version-history":[{"count":2,"href":"https:\/\/historiografija.hr\/index.php?rest_route=\/wp\/v2\/posts\/30275\/revisions"}],"predecessor-version":[{"id":30278,"href":"https:\/\/historiografija.hr\/index.php?rest_route=\/wp\/v2\/posts\/30275\/revisions\/30278"}],"wp:featuredmedia":[{"embeddable":true,"href":"https:\/\/historiografija.hr\/index.php?rest_route=\/wp\/v2\/media\/30276"}],"wp:attachment":[{"href":"https:\/\/historiografija.hr\/index.php?rest_route=%2Fwp%2Fv2%2Fmedia&parent=30275"}],"wp:term":[{"taxonomy":"category","embeddable":true,"href":"https:\/\/historiografija.hr\/index.php?rest_route=%2Fwp%2Fv2%2Fcategories&post=30275"},{"taxonomy":"post_tag","embeddable":true,"href":"https:\/\/historiografija.hr\/index.php?rest_route=%2Fwp%2Fv2%2Ftags&post=30275"}],"curies":[{"name":"wp","href":"https:\/\/api.w.org\/{rel}","templated":true}]}}