{"id":30251,"date":"2022-03-02T22:58:35","date_gmt":"2022-03-02T22:58:35","guid":{"rendered":"http:\/\/historiografija.hr\/?p=30251"},"modified":"2022-03-03T09:10:11","modified_gmt":"2022-03-03T09:10:11","slug":"literatura-s-povodom-sssr-rusija-ukrajina","status":"publish","type":"post","link":"https:\/\/historiografija.hr\/?p=30251","title":{"rendered":"Literatura s povodom: SSSR \u2013 Rusija &#8211; Ukrajina"},"content":{"rendered":"\n<p>U nastavku iznova upu\u0107ujemo na recentne knjige na koje smo ve\u0107 uputili na portalu Historiografija.hr vezano uz povijest SSSR-a, Rusije i Ukrajine. Osim kao prijedlozi za prevo\u0111enje, postoji mogu\u0107nost na organiziramo i neko njihovo \u010ditanje i komentiranje u virtualnom obliku.<\/p>\n\n\n\n<hr class=\"wp-block-separator\"\/>\n\n\n\n<figure class=\"wp-block-embed-wordpress wp-block-embed is-type-wp-embed is-provider-historiografija-hr\"><div class=\"wp-block-embed__wrapper\">\n<blockquote class=\"wp-embedded-content\" data-secret=\"GBvuxs3taF\"><a href=\"https:\/\/historiografija.hr\/?p=15679\">Andreas Kappeler, \u201cUngleiche Br\u00fcder. Russen und Ukrainer vom Mittelalter bis zur Gegenwart\u201c<\/a><\/blockquote><iframe loading=\"lazy\" class=\"wp-embedded-content\" sandbox=\"allow-scripts\" security=\"restricted\" style=\"position: absolute; clip: rect(1px, 1px, 1px, 1px);\" title=\"&#8220;Andreas Kappeler, \u201cUngleiche Br\u00fcder. Russen und Ukrainer vom Mittelalter bis zur Gegenwart\u201c&#8221; &#8212; Historiografija.hr\" src=\"https:\/\/historiografija.hr\/?p=15679&#038;embed=true#?secret=GBvuxs3taF\" data-secret=\"GBvuxs3taF\" width=\"600\" height=\"338\" frameborder=\"0\" marginwidth=\"0\" marginheight=\"0\" scrolling=\"no\"><\/iframe>\n<\/div><\/figure>\n\n\n\n<hr class=\"wp-block-separator\"\/>\n\n\n\n<figure class=\"wp-block-embed-wordpress wp-block-embed is-type-wp-embed is-provider-historiografija-hr\"><div class=\"wp-block-embed__wrapper\">\n<blockquote class=\"wp-embedded-content\" data-secret=\"QGA4mwdH91\"><a href=\"https:\/\/historiografija.hr\/?p=14444\">Shaun Walker, \u201eTaj dugi mamurluk. Duhovi pro\u0161losti i Putinova nova Rusija\u201c<\/a><\/blockquote><iframe loading=\"lazy\" class=\"wp-embedded-content\" sandbox=\"allow-scripts\" security=\"restricted\" style=\"position: absolute; clip: rect(1px, 1px, 1px, 1px);\" title=\"&#8220;Shaun Walker, \u201eTaj dugi mamurluk. Duhovi pro\u0161losti i Putinova nova Rusija\u201c&#8221; &#8212; Historiografija.hr\" src=\"https:\/\/historiografija.hr\/?p=14444&#038;embed=true#?secret=QGA4mwdH91\" data-secret=\"QGA4mwdH91\" width=\"600\" height=\"338\" frameborder=\"0\" marginwidth=\"0\" marginheight=\"0\" scrolling=\"no\"><\/iframe>\n<\/div><\/figure>\n\n\n\n<hr class=\"wp-block-separator\"\/>\n\n\n\n<figure class=\"wp-block-embed-wordpress wp-block-embed is-type-wp-embed is-provider-historiografija-hr\"><div class=\"wp-block-embed__wrapper\">\n<blockquote class=\"wp-embedded-content\" data-secret=\"X9upmAQim8\"><a href=\"https:\/\/historiografija.hr\/?p=17055\">Milan Suboti\u0107, \u201eNapred, u pro\u0161lost. Studije o politici istorije u Poljskoj, Ukrajini i Rusiji\u201c<\/a><\/blockquote><iframe loading=\"lazy\" class=\"wp-embedded-content\" sandbox=\"allow-scripts\" security=\"restricted\" style=\"position: absolute; clip: rect(1px, 1px, 1px, 1px);\" title=\"&#8220;Milan Suboti\u0107, \u201eNapred, u pro\u0161lost. Studije o politici istorije u Poljskoj, Ukrajini i Rusiji\u201c&#8221; &#8212; Historiografija.hr\" src=\"https:\/\/historiografija.hr\/?p=17055&#038;embed=true#?secret=X9upmAQim8\" data-secret=\"X9upmAQim8\" width=\"600\" height=\"338\" frameborder=\"0\" marginwidth=\"0\" marginheight=\"0\" scrolling=\"no\"><\/iframe>\n<\/div><\/figure>\n\n\n\n<hr class=\"wp-block-separator\"\/>\n\n\n\n<figure class=\"wp-block-embed-wordpress wp-block-embed is-type-wp-embed is-provider-historiografija-hr\"><div class=\"wp-block-embed__wrapper\">\n<blockquote class=\"wp-embedded-content\" data-secret=\"Mz9INLaxSE\"><a href=\"https:\/\/historiografija.hr\/?p=17706\">Veljko Vuja\u010di\u0107, \u201eNacionalizam, mit i dr\u017eava u Rusiji i Srbiji. Dublji uzroci raspada Sovjetskog Saveza i Jugoslavije\u201c<\/a><\/blockquote><iframe loading=\"lazy\" class=\"wp-embedded-content\" sandbox=\"allow-scripts\" security=\"restricted\" style=\"position: absolute; clip: rect(1px, 1px, 1px, 1px);\" title=\"&#8220;Veljko Vuja\u010di\u0107, \u201eNacionalizam, mit i dr\u017eava u Rusiji i Srbiji. Dublji uzroci raspada Sovjetskog Saveza i Jugoslavije\u201c&#8221; &#8212; Historiografija.hr\" src=\"https:\/\/historiografija.hr\/?p=17706&#038;embed=true#?secret=Mz9INLaxSE\" data-secret=\"Mz9INLaxSE\" width=\"600\" height=\"338\" frameborder=\"0\" marginwidth=\"0\" marginheight=\"0\" scrolling=\"no\"><\/iframe>\n<\/div><\/figure>\n\n\n\n<hr class=\"wp-block-separator\"\/>\n\n\n\n<figure class=\"wp-block-embed-wordpress wp-block-embed is-type-wp-embed is-provider-historiografija-hr\"><div class=\"wp-block-embed__wrapper\">\n<blockquote class=\"wp-embedded-content\" data-secret=\"qQuccl0QjY\"><a href=\"https:\/\/historiografija.hr\/?p=30050\">Krista A. Goff, \u201cNested Nationalism: Making and Unmaking Nations in the Soviet Caucasus\u201d<\/a><\/blockquote><iframe loading=\"lazy\" class=\"wp-embedded-content\" sandbox=\"allow-scripts\" security=\"restricted\" style=\"position: absolute; clip: rect(1px, 1px, 1px, 1px);\" title=\"&#8220;Krista A. Goff, \u201cNested Nationalism: Making and Unmaking Nations in the Soviet Caucasus\u201d&#8221; &#8212; Historiografija.hr\" src=\"https:\/\/historiografija.hr\/?p=30050&#038;embed=true#?secret=qQuccl0QjY\" data-secret=\"qQuccl0QjY\" width=\"600\" height=\"338\" frameborder=\"0\" marginwidth=\"0\" marginheight=\"0\" scrolling=\"no\"><\/iframe>\n<\/div><\/figure>\n\n\n\n<hr class=\"wp-block-separator\"\/>\n\n\n\n<figure class=\"wp-block-embed-wordpress wp-block-embed is-type-wp-embed is-provider-historiografija-hr\"><div class=\"wp-block-embed__wrapper\">\n<blockquote class=\"wp-embedded-content\" data-secret=\"SeYN2Ds5bx\"><a href=\"https:\/\/historiografija.hr\/?p=25604\">The Soviet Union and Cold War Neutrality and Nonalignment in Europe. Edited by Mark Kramer, Aryo Makko and Peter Ruggenthaler<\/a><\/blockquote><iframe loading=\"lazy\" class=\"wp-embedded-content\" sandbox=\"allow-scripts\" security=\"restricted\" style=\"position: absolute; clip: rect(1px, 1px, 1px, 1px);\" title=\"&#8220;The Soviet Union and Cold War Neutrality and Nonalignment in Europe. Edited by Mark Kramer, Aryo Makko and Peter Ruggenthaler&#8221; &#8212; Historiografija.hr\" src=\"https:\/\/historiografija.hr\/?p=25604&#038;embed=true#?secret=SeYN2Ds5bx\" data-secret=\"SeYN2Ds5bx\" width=\"600\" height=\"338\" frameborder=\"0\" marginwidth=\"0\" marginheight=\"0\" scrolling=\"no\"><\/iframe>\n<\/div><\/figure>\n\n\n\n<hr class=\"wp-block-separator\"\/>\n\n\n\n<figure class=\"wp-block-embed-wordpress wp-block-embed is-type-wp-embed is-provider-historiografija-hr\"><div class=\"wp-block-embed__wrapper\">\n<blockquote class=\"wp-embedded-content\" data-secret=\"hHzMkcTeMC\"><a href=\"https:\/\/historiografija.hr\/?p=30141\">Serhii Plokhy, \u201cThe Gates of Europe: A History of Ukraine\u201d (revised edition, 2021)<\/a><\/blockquote><iframe loading=\"lazy\" class=\"wp-embedded-content\" sandbox=\"allow-scripts\" security=\"restricted\" style=\"position: absolute; clip: rect(1px, 1px, 1px, 1px);\" title=\"&#8220;Serhii Plokhy, \u201cThe Gates of Europe: A History of Ukraine\u201d (revised edition, 2021)&#8221; &#8212; Historiografija.hr\" src=\"https:\/\/historiografija.hr\/?p=30141&#038;embed=true#?secret=hHzMkcTeMC\" data-secret=\"hHzMkcTeMC\" width=\"600\" height=\"338\" frameborder=\"0\" marginwidth=\"0\" marginheight=\"0\" scrolling=\"no\"><\/iframe>\n<\/div><\/figure>\n\n\n\n<hr class=\"wp-block-separator\"\/>\n\n\n\n<figure class=\"wp-block-embed-wordpress wp-block-embed is-type-wp-embed is-provider-historiografija-hr\"><div class=\"wp-block-embed__wrapper\">\n<blockquote class=\"wp-embedded-content\" data-secret=\"zLIO8qyfOZ\"><a href=\"https:\/\/historiografija.hr\/?p=29624\">The Political Cult of the Dead in Ukraine: Traditions and Dimensions from the First World War to Today<\/a><\/blockquote><iframe loading=\"lazy\" class=\"wp-embedded-content\" sandbox=\"allow-scripts\" security=\"restricted\" style=\"position: absolute; clip: rect(1px, 1px, 1px, 1px);\" title=\"&#8220;The Political Cult of the Dead in Ukraine: Traditions and Dimensions from the First World War to Today&#8221; &#8212; Historiografija.hr\" src=\"https:\/\/historiografija.hr\/?p=29624&#038;embed=true#?secret=zLIO8qyfOZ\" data-secret=\"zLIO8qyfOZ\" width=\"600\" height=\"338\" frameborder=\"0\" marginwidth=\"0\" marginheight=\"0\" scrolling=\"no\"><\/iframe>\n<\/div><\/figure>\n\n\n\n<hr class=\"wp-block-separator\"\/>\n\n\n\n<figure class=\"wp-block-embed-wordpress wp-block-embed is-type-wp-embed is-provider-historiografija-hr\"><div class=\"wp-block-embed__wrapper\">\n<blockquote class=\"wp-embedded-content\" data-secret=\"Kip7Jvy6Z7\"><a href=\"https:\/\/historiografija.hr\/?p=28282\">Trevor Erlacher, \u201cUkrainian Nationalism in the Age of Extremes: An Intellectual Biography of Dmytro Dontsov\u201d<\/a><\/blockquote><iframe loading=\"lazy\" class=\"wp-embedded-content\" sandbox=\"allow-scripts\" security=\"restricted\" style=\"position: absolute; clip: rect(1px, 1px, 1px, 1px);\" title=\"&#8220;Trevor Erlacher, \u201cUkrainian Nationalism in the Age of Extremes: An Intellectual Biography of Dmytro Dontsov\u201d&#8221; &#8212; Historiografija.hr\" src=\"https:\/\/historiografija.hr\/?p=28282&#038;embed=true#?secret=Kip7Jvy6Z7\" data-secret=\"Kip7Jvy6Z7\" width=\"600\" height=\"338\" frameborder=\"0\" marginwidth=\"0\" marginheight=\"0\" scrolling=\"no\"><\/iframe>\n<\/div><\/figure>\n\n\n\n<hr class=\"wp-block-separator\"\/>\n","protected":false},"excerpt":{"rendered":"","protected":false},"author":2,"featured_media":14445,"comment_status":"open","ping_status":"open","sticky":false,"template":"","format":"standard","meta":{"_acf_changed":false,"jetpack_post_was_ever_published":false,"_jetpack_newsletter_access":"","_jetpack_dont_email_post_to_subs":false,"_jetpack_newsletter_tier_id":0,"_jetpack_memberships_contains_paywalled_content":false,"_jetpack_memberships_contains_paid_content":false,"footnotes":"","jetpack_publicize_message":"","jetpack_publicize_feature_enabled":true,"jetpack_social_post_already_shared":true,"jetpack_social_options":{"image_generator_settings":{"template":"highway","default_image_id":0,"font":"","enabled":false},"version":2}},"categories":[3,11],"tags":[],"class_list":["post-30251","post","type-post","status-publish","format-standard","has-post-thumbnail","hentry","category-novosti","category-rubrike"],"acf":{"facebook_opis":""},"jetpack_publicize_connections":[],"jetpack_featured_media_url":"https:\/\/i0.wp.com\/historiografija.hr\/wp-content\/uploads\/2019\/04\/Walker.png?fit=300%2C465&ssl=1","jetpack_sharing_enabled":true,"jetpack-related-posts":[],"_links":{"self":[{"href":"https:\/\/historiografija.hr\/index.php?rest_route=\/wp\/v2\/posts\/30251","targetHints":{"allow":["GET"]}}],"collection":[{"href":"https:\/\/historiografija.hr\/index.php?rest_route=\/wp\/v2\/posts"}],"about":[{"href":"https:\/\/historiografija.hr\/index.php?rest_route=\/wp\/v2\/types\/post"}],"author":[{"embeddable":true,"href":"https:\/\/historiografija.hr\/index.php?rest_route=\/wp\/v2\/users\/2"}],"replies":[{"embeddable":true,"href":"https:\/\/historiografija.hr\/index.php?rest_route=%2Fwp%2Fv2%2Fcomments&post=30251"}],"version-history":[{"count":5,"href":"https:\/\/historiografija.hr\/index.php?rest_route=\/wp\/v2\/posts\/30251\/revisions"}],"predecessor-version":[{"id":30256,"href":"https:\/\/historiografija.hr\/index.php?rest_route=\/wp\/v2\/posts\/30251\/revisions\/30256"}],"wp:featuredmedia":[{"embeddable":true,"href":"https:\/\/historiografija.hr\/index.php?rest_route=\/wp\/v2\/media\/14445"}],"wp:attachment":[{"href":"https:\/\/historiografija.hr\/index.php?rest_route=%2Fwp%2Fv2%2Fmedia&parent=30251"}],"wp:term":[{"taxonomy":"category","embeddable":true,"href":"https:\/\/historiografija.hr\/index.php?rest_route=%2Fwp%2Fv2%2Fcategories&post=30251"},{"taxonomy":"post_tag","embeddable":true,"href":"https:\/\/historiografija.hr\/index.php?rest_route=%2Fwp%2Fv2%2Ftags&post=30251"}],"curies":[{"name":"wp","href":"https:\/\/api.w.org\/{rel}","templated":true}]}}