{"id":30223,"date":"2022-03-01T18:48:49","date_gmt":"2022-03-01T18:48:49","guid":{"rendered":"http:\/\/historiografija.hr\/?p=30223"},"modified":"2022-03-01T18:48:49","modified_gmt":"2022-03-01T18:48:49","slug":"cfp-faces-of-populism-politics-culture-economy-and-everyday-life-in-eastern-europe-belgrade-5-6-april-2022","status":"publish","type":"post","link":"https:\/\/historiografija.hr\/?p=30223","title":{"rendered":"CfP: Faces of Populism: Politics, Culture, Economy and Everyday Life in Eastern Europe (Belgrade, 5-6 April 2022)"},"content":{"rendered":"\n<p>Faculty of Philosophy University of Belgrade, Center for Cooperation with the EU<\/p>\n\n\n\n<p>Scientific Society for the History of Health Culture<\/p>\n\n\n\n<p>Populism in Central-Eastern Europe and South-Eastern Europe has been framed through theoretical ideas and expectations based on West European experience. However, the regions\u2019 experience of populist politics has diverged from these experiences in many ways. The COVID-19 pandemics made this situation additionally complicated. Therefore, it is important to elaborate on how some of the universal indicators of populism transform within Eastern European historical, societal, economic, and political contexts. The main aim of the conference is to gather scholars that are researching different aspects and manifestations of populism in the Eastern European region.<\/p>\n\n\n\n<p>Discussions at the conference will focus on the following topics:<\/p>\n\n\n\n<p>1. The Historical Context(s) of the Populism<\/p>\n\n\n\n<p>2. The (Sub)Cultural Context(s) of the Populism<\/p>\n\n\n\n<p>3. Economic Aspects of Populist Political Discourses and Practices<\/p>\n\n\n\n<p>4. Patriarchy, Misogyny and Homophobia in Populist Discourses<\/p>\n\n\n\n<p>5. The Misuse of Education in Populist Politics<\/p>\n\n\n\n<p>6. Anti-Semitism and Populism<\/p>\n\n\n\n<p>7. The role of Media in Populist Political Strategies<\/p>\n\n\n\n<p>8. Religion and Nation in Populist Narratives<\/p>\n\n\n\n<p>9. Populism and Euroscepticism<\/p>\n\n\n\n<p>10. Historical Revisionism and Populism<\/p>\n\n\n\n<p>11. Populism vs. Democracy<\/p>\n\n\n\n<p>12. Populism in the Time of Pandemics<\/p>\n\n\n\n<p><strong>March 4th 2022<\/strong> \u2013 Abstract submission. You can submit your abstracts (max 250 words) on the following email: c4eu@f.bg.ac.rs<\/p>\n\n\n\n<p>Abstracts should include the name of the author, the institutional affiliation of the author, the title, keywords (maximum five), text of the abstract should be in English.<\/p>\n\n\n\n<p>The working language of the conference is English.<\/p>\n\n\n\n<p><strong>March 9th 2022<\/strong> &#8211; Announcement of Selected Abstracts.<\/p>\n\n\n\n<p><strong>April 28th 2022<\/strong> \u2013 Final paper submission.<\/p>\n\n\n\n<p>The conference is planned to be organized in person. The organization committee will make the final decision regarding the mode of the conference depending on the health requirements no later than 15 days before the beginning of the conference.<\/p>\n\n\n\n<hr class=\"wp-block-separator\"\/>\n\n\n\n<div class=\"wp-block-file\"><a href=\"https:\/\/historiografija.hr\/wp-content\/uploads\/2022\/03\/FACES-OF-POPULISM.pdf\">FACES-OF-POPULISM<\/a><a href=\"https:\/\/historiografija.hr\/wp-content\/uploads\/2022\/03\/FACES-OF-POPULISM.pdf\" class=\"wp-block-file__button\" download>Preuzmi<\/a><\/div>\n\n\n\n<hr class=\"wp-block-separator\"\/>\n\n\n\n<p><strong>Odjeci:<\/strong><\/p>\n\n\n\n<p><a href=\"https:\/\/historiografija.ba\/article.php?id=1063\">https:\/\/historiografija.ba\/article.php?id=1063<\/a><\/p>\n\n\n\n<hr class=\"wp-block-separator\"\/>\n","protected":false},"excerpt":{"rendered":"","protected":false},"author":2,"featured_media":30225,"comment_status":"open","ping_status":"open","sticky":false,"template":"","format":"standard","meta":{"_acf_changed":false,"_jetpack_newsletter_access":"","_jetpack_dont_email_post_to_subs":false,"_jetpack_newsletter_tier_id":0,"_jetpack_memberships_contains_paywalled_content":false,"_jetpack_memberships_contains_paid_content":false,"footnotes":"","jetpack_publicize_message":"","jetpack_publicize_feature_enabled":true,"jetpack_social_post_already_shared":true,"jetpack_social_options":{"image_generator_settings":{"template":"highway","default_image_id":0,"font":"","enabled":false},"version":2},"jetpack_post_was_ever_published":false},"categories":[3,9],"tags":[],"class_list":["post-30223","post","type-post","status-publish","format-standard","has-post-thumbnail","hentry","category-novosti","category-skupovi"],"acf":{"facebook_opis":""},"jetpack_publicize_connections":[],"jetpack_featured_media_url":"https:\/\/i0.wp.com\/historiografija.hr\/wp-content\/uploads\/2022\/03\/FACES-OF-POPULISM.jpg?fit=1240%2C1755&ssl=1","jetpack_sharing_enabled":true,"jetpack-related-posts":[{"id":54487,"url":"https:\/\/historiografija.hr\/?p=54487","url_meta":{"origin":30223,"position":0},"title":"Workshop &#8220;Experts in Transition: Political Epistemologies of 1980s\u20132000s East Central Europe&#8221;","author":"Branimir Jankovi\u0107","date":"7. srpnja 2026.","format":false,"excerpt":"On July 9\u201310, 2026, the Institute of Contemporary History in Ljubljana will host the international workshop: Experts in Transition: Political Epistemologies of 1980s\u20132000s East Central Europe The workshop is open to the public and to interested scholars. If you are planning to participate, please write to Adela H\u00eencu \u2013 adela.hincu@inz.si\u2026","rel":"","context":"U &quot;Novosti&quot;","block_context":{"text":"Novosti","link":"https:\/\/historiografija.hr\/?cat=3"},"img":{"alt_text":"","src":"https:\/\/i0.wp.com\/historiografija.hr\/wp-content\/uploads\/2026\/07\/01-INZ-logo-21-RGB-SLO_RGB.png?fit=685%2C291&ssl=1&resize=350%2C200","width":350,"height":200,"srcset":"https:\/\/i0.wp.com\/historiografija.hr\/wp-content\/uploads\/2026\/07\/01-INZ-logo-21-RGB-SLO_RGB.png?fit=685%2C291&ssl=1&resize=350%2C200 1x, https:\/\/i0.wp.com\/historiografija.hr\/wp-content\/uploads\/2026\/07\/01-INZ-logo-21-RGB-SLO_RGB.png?fit=685%2C291&ssl=1&resize=525%2C300 1.5x"},"classes":[]},{"id":55119,"url":"https:\/\/historiografija.hr\/?p=55119","url_meta":{"origin":30223,"position":1},"title":"Anthony Kaldellis, \u201ePhantom Byzantium: Europe, Empire, and Identity from Late Antiquity to World War II\u201c","author":"Filip \u0160imunjak","date":"28. kolovoza 2026.","format":false,"excerpt":"How the West appropriated aspects of the eastern Roman empire while portraying it as inferior.Unveiling the ideological foundations of Byzantine studies, Phantom Byzantium is a pioneering survey of western European perceptions of the eastern Roman empire (also known as Byzantium) spanning late antiquity to World War II. Through ten chronological\u2026","rel":"","context":"U &quot;Knjige&quot;","block_context":{"text":"Knjige","link":"https:\/\/historiografija.hr\/?cat=8"},"img":{"alt_text":"","src":"https:\/\/i0.wp.com\/historiografija.hr\/wp-content\/uploads\/2026\/08\/Phantom-Byzantium.webp?fit=795%2C1200&ssl=1&resize=350%2C200","width":350,"height":200,"srcset":"https:\/\/i0.wp.com\/historiografija.hr\/wp-content\/uploads\/2026\/08\/Phantom-Byzantium.webp?fit=795%2C1200&ssl=1&resize=350%2C200 1x, https:\/\/i0.wp.com\/historiografija.hr\/wp-content\/uploads\/2026\/08\/Phantom-Byzantium.webp?fit=795%2C1200&ssl=1&resize=525%2C300 1.5x, https:\/\/i0.wp.com\/historiografija.hr\/wp-content\/uploads\/2026\/08\/Phantom-Byzantium.webp?fit=795%2C1200&ssl=1&resize=700%2C400 2x"},"classes":[]},{"id":54470,"url":"https:\/\/historiografija.hr\/?p=54470","url_meta":{"origin":30223,"position":2},"title":"Women\u2019s Labour Activism in Eastern Europe and Beyond: A New Transnational History","author":"Branimir Jankovi\u0107","date":"6. srpnja 2026.","format":false,"excerpt":"Selin \u00c7a\u011fatay (Author), M\u00e1ty\u00e1s Erd\u00e9lyi (Author), Alexandra Ghi\u021b (Author), Olga Gnydiuk (Author), Veronika Helfert (Author), Ivelina Masheva (Author), Zhanna Popova (Author), Jelena Te\u0161ija (Author), Eszter Varsa (Author), Susan Zimmermann (Author) Series: Work Around the World This collaborative monograph presents a deeply researched, inclusive history of women\u2019s labour activism in Eastern\u2026","rel":"","context":"U &quot;E-knjige&quot;","block_context":{"text":"E-knjige","link":"https:\/\/historiografija.hr\/?cat=19"},"img":{"alt_text":"","src":"https:\/\/i0.wp.com\/historiografija.hr\/wp-content\/uploads\/2026\/07\/Activism-book.jpg?fit=652%2C442&ssl=1&resize=350%2C200","width":350,"height":200,"srcset":"https:\/\/i0.wp.com\/historiografija.hr\/wp-content\/uploads\/2026\/07\/Activism-book.jpg?fit=652%2C442&ssl=1&resize=350%2C200 1x, https:\/\/i0.wp.com\/historiografija.hr\/wp-content\/uploads\/2026\/07\/Activism-book.jpg?fit=652%2C442&ssl=1&resize=525%2C300 1.5x"},"classes":[]},{"id":55062,"url":"https:\/\/historiografija.hr\/?p=55062","url_meta":{"origin":30223,"position":3},"title":"CfP: The Making of Solidarity: A\u00a0Conference on Eastern and Central European Dissidents, 1945-1991","author":"Branimir Jankovi\u0107","date":"24. kolovoza 2026.","format":false,"excerpt":"This open call invites proposals for an interdisciplinary conference on Eastern and Central European dissidence, solidarity, and anti-imperial thought. The Making of Solidarity: A\u00a0Conference on Eastern and Central European Dissidents, 1945-1991 16.-17. November 2026 A close reading of Ivan Dziuba\u2019s classic\u00a01965 essay Internationalism or Russification? offers a\u00a0useful lens through which\u2026","rel":"","context":"U &quot;Novosti&quot;","block_context":{"text":"Novosti","link":"https:\/\/historiografija.hr\/?cat=3"},"img":{"alt_text":"","src":"https:\/\/i0.wp.com\/historiografija.hr\/wp-content\/uploads\/2026\/08\/The-Making-of-Solidarity.png?fit=883%2C662&ssl=1&resize=350%2C200","width":350,"height":200,"srcset":"https:\/\/i0.wp.com\/historiografija.hr\/wp-content\/uploads\/2026\/08\/The-Making-of-Solidarity.png?fit=883%2C662&ssl=1&resize=350%2C200 1x, https:\/\/i0.wp.com\/historiografija.hr\/wp-content\/uploads\/2026\/08\/The-Making-of-Solidarity.png?fit=883%2C662&ssl=1&resize=525%2C300 1.5x, https:\/\/i0.wp.com\/historiografija.hr\/wp-content\/uploads\/2026\/08\/The-Making-of-Solidarity.png?fit=883%2C662&ssl=1&resize=700%2C400 2x"},"classes":[]},{"id":54118,"url":"https:\/\/historiografija.hr\/?p=54118","url_meta":{"origin":30223,"position":4},"title":"Understanding Nationalism Today: A Conversation with Erika Harris","author":"Branimir Jankovi\u0107","date":"16. lipnja 2026.","format":false,"excerpt":"Foreign Policy Forum, in partnership with the project \u201cPolitika, dru\u0161tvo i komunikacija u Jugoisto\u010dnoj Europi\u201d (POD-RUKOM), invites you to a discussion on the book The Dilemma of Nationalism in Central and Eastern Europe by Professor Erika Harris (Bristol University Press, 2026).\u00a0 The event will feature Professor Erika Harris (University of\u2026","rel":"","context":"U &quot;Novosti&quot;","block_context":{"text":"Novosti","link":"https:\/\/historiografija.hr\/?cat=3"},"img":{"alt_text":"","src":"https:\/\/i0.wp.com\/historiografija.hr\/wp-content\/uploads\/2026\/06\/Harris.jpg?fit=800%2C538&ssl=1&resize=350%2C200","width":350,"height":200,"srcset":"https:\/\/i0.wp.com\/historiografija.hr\/wp-content\/uploads\/2026\/06\/Harris.jpg?fit=800%2C538&ssl=1&resize=350%2C200 1x, https:\/\/i0.wp.com\/historiografija.hr\/wp-content\/uploads\/2026\/06\/Harris.jpg?fit=800%2C538&ssl=1&resize=525%2C300 1.5x, https:\/\/i0.wp.com\/historiografija.hr\/wp-content\/uploads\/2026\/06\/Harris.jpg?fit=800%2C538&ssl=1&resize=700%2C400 2x"},"classes":[]},{"id":54333,"url":"https:\/\/historiografija.hr\/?p=54333","url_meta":{"origin":30223,"position":5},"title":"Me\u0111unarodna konferencija &#8220;Archeologies of the Communist Avant-Gardes: Ephemerality and Leftist Visual Production in Central and Eastern Europe between the World Wars&#8221;","author":"Branimir Jankovi\u0107","date":"26. lipnja 2026.","format":false,"excerpt":"Na me\u0111unarodnoj konferenciji Archeologies of the Communist Avant-Gardes: Ephemerality and Leftist Visual Production in Central and Eastern Europe between the World Wars, koja se odr\u017eava od 25. do 26. lipnja 2026. na Bauhaus-Universit\u00e4t Weimar, sudjeluju Ivana Hana\u010dek, Sanja Horvatin\u010di\u0107 i Lujo Pare\u017eanin. Op\u0161irnije: https:\/\/kunstsammlungundarchiv.at\/en\/collections\/events\/2026-06-25-veranstaltungshinweis-archeologies-of-the-communist-avant-gardes-ephemerality-and-leftist-visual-production-in-cent https:\/\/www.ipu.hr\/article\/hr\/2200\/sudjelovanje-na-konferenciji-archeologies-of-the-communist-avant-gardes","rel":"","context":"U &quot;Novosti&quot;","block_context":{"text":"Novosti","link":"https:\/\/historiografija.hr\/?cat=3"},"img":{"alt_text":"","src":"https:\/\/i0.wp.com\/historiografija.hr\/wp-content\/uploads\/2026\/06\/Weimar.jpg?fit=526%2C701&ssl=1&resize=350%2C200","width":350,"height":200,"srcset":"https:\/\/i0.wp.com\/historiografija.hr\/wp-content\/uploads\/2026\/06\/Weimar.jpg?fit=526%2C701&ssl=1&resize=350%2C200 1x, https:\/\/i0.wp.com\/historiografija.hr\/wp-content\/uploads\/2026\/06\/Weimar.jpg?fit=526%2C701&ssl=1&resize=525%2C300 1.5x"},"classes":[]}],"_links":{"self":[{"href":"https:\/\/historiografija.hr\/index.php?rest_route=\/wp\/v2\/posts\/30223","targetHints":{"allow":["GET"]}}],"collection":[{"href":"https:\/\/historiografija.hr\/index.php?rest_route=\/wp\/v2\/posts"}],"about":[{"href":"https:\/\/historiografija.hr\/index.php?rest_route=\/wp\/v2\/types\/post"}],"author":[{"embeddable":true,"href":"https:\/\/historiografija.hr\/index.php?rest_route=\/wp\/v2\/users\/2"}],"replies":[{"embeddable":true,"href":"https:\/\/historiografija.hr\/index.php?rest_route=%2Fwp%2Fv2%2Fcomments&post=30223"}],"version-history":[{"count":1,"href":"https:\/\/historiografija.hr\/index.php?rest_route=\/wp\/v2\/posts\/30223\/revisions"}],"predecessor-version":[{"id":30226,"href":"https:\/\/historiografija.hr\/index.php?rest_route=\/wp\/v2\/posts\/30223\/revisions\/30226"}],"wp:featuredmedia":[{"embeddable":true,"href":"https:\/\/historiografija.hr\/index.php?rest_route=\/wp\/v2\/media\/30225"}],"wp:attachment":[{"href":"https:\/\/historiografija.hr\/index.php?rest_route=%2Fwp%2Fv2%2Fmedia&parent=30223"}],"wp:term":[{"taxonomy":"category","embeddable":true,"href":"https:\/\/historiografija.hr\/index.php?rest_route=%2Fwp%2Fv2%2Fcategories&post=30223"},{"taxonomy":"post_tag","embeddable":true,"href":"https:\/\/historiografija.hr\/index.php?rest_route=%2Fwp%2Fv2%2Ftags&post=30223"}],"curies":[{"name":"wp","href":"https:\/\/api.w.org\/{rel}","templated":true}]}}